{"id":36273,"date":"2022-05-11T15:29:57","date_gmt":"2022-05-11T15:29:57","guid":{"rendered":"https:\/\/www.achimbrueckner.de\/dxradio\/php\/wordpress\/?p=36273"},"modified":"2022-05-11T15:29:57","modified_gmt":"2022-05-11T15:29:57","slug":"kef-chef-erhohung-der-rundfunkgebuhren-ware-keine-uberraschung","status":"publish","type":"post","link":"https:\/\/www.achimbrueckner.de\/dxradio\/php\/wordpress\/?p=36273","title":{"rendered":"KEF-Chef: Erh\u00f6hung der Rundfunkgeb\u00fchren w\u00e4re \u201ekeine \u00dcberraschung\u201c"},"content":{"rendered":"<p><a href=\"https:\/\/meedia.de\/2022\/05\/11\/kef-chef-erhoehung-der-rundfunkgebuehren-waere-keine-ueberraschung\/\" rel=\"noopener\" target=\"_blank\">https:\/\/meedia.de\/2022\/05\/11\/kef-chef-erhoehung-der-rundfunkgebuehren-waere-keine-ueberraschung\/<\/a><\/p>\n","protected":false},"excerpt":{"rendered":"<p>https:\/\/meedia.de\/2022\/05\/11\/kef-chef-erhoehung-der-rundfunkgebuehren-waere-keine-ueberraschung\/<\/p>\n","protected":false},"author":1,"featured_media":0,"comment_status":"closed","ping_status":"open","sticky":false,"template":"","format":"standard","meta":{"_jetpack_memberships_contains_paid_content":false,"footnotes":"","jetpack_publicize_message":"","jetpack_publicize_feature_enabled":true,"jetpack_social_post_already_shared":true,"jetpack_social_options":{"image_generator_settings":{"template":"highway","default_image_id":0,"font":"","enabled":false},"version":2}},"categories":[1],"tags":[],"class_list":["post-36273","post","type-post","status-publish","format-standard","hentry","category-deutsch"],"jetpack_publicize_connections":[],"jetpack_featured_media_url":"","jetpack_sharing_enabled":true,"jetpack_shortlink":"https:\/\/wp.me\/p5CDmr-9r3","jetpack-related-posts":[{"id":45095,"url":"https:\/\/www.achimbrueckner.de\/dxradio\/php\/wordpress\/?p=45095","url_meta":{"origin":36273,"position":0},"title":"Empfehlung der KEF Rundfunkbeitrag soll um 28 Cent steigen","author":"Administrator","date":"February 20, 2026","format":false,"excerpt":"https:\/\/www.tagesschau.de\/inland\/gesellschaft\/kef-rundfunkbeitrag-110.html","rel":"","context":"In &quot;Deutsch&quot;","block_context":{"text":"Deutsch","link":"https:\/\/www.achimbrueckner.de\/dxradio\/php\/wordpress\/?cat=1"},"img":{"alt_text":"","src":"","width":0,"height":0},"classes":[]},{"id":27222,"url":"https:\/\/www.achimbrueckner.de\/dxradio\/php\/wordpress\/?p=27222","url_meta":{"origin":36273,"position":1},"title":"Erh\u00f6hung um 86 Cent Keine \u00dcberraschung beim Rundfunkbeitrag: KEF f\u00fcr 18,36 Euro","author":"Administrator","date":"February 20, 2020","format":false,"excerpt":"https:\/\/www.dwdl.de\/nachrichten\/76308\/keine_ueberraschung_beim_rundfunkbeitrag_kef_fuer_1836_euro\/","rel":"","context":"In &quot;Deutsch&quot;","block_context":{"text":"Deutsch","link":"https:\/\/www.achimbrueckner.de\/dxradio\/php\/wordpress\/?cat=1"},"img":{"alt_text":"","src":"","width":0,"height":0},"classes":[]},{"id":45120,"url":"https:\/\/www.achimbrueckner.de\/dxradio\/php\/wordpress\/?p=45120","url_meta":{"origin":36273,"position":2},"title":"Rundfunkbeitrag: KEF empfiehlt 18,64 \u20ac ab 2027 \u2013 Kritik w\u00e4chst","author":"Administrator","date":"February 25, 2026","format":false,"excerpt":"https:\/\/www.radioszene.de\/211751\/rundfunkbeitrag-kef-kritik.html","rel":"","context":"In &quot;Deutsch&quot;","block_context":{"text":"Deutsch","link":"https:\/\/www.achimbrueckner.de\/dxradio\/php\/wordpress\/?cat=1"},"img":{"alt_text":"","src":"","width":0,"height":0},"classes":[]},{"id":34691,"url":"https:\/\/www.achimbrueckner.de\/dxradio\/php\/wordpress\/?p=34691","url_meta":{"origin":36273,"position":3},"title":"KEF best\u00e4tigt Rundfunkbeitrag von 18,36 \u20ac bis 2024","author":"Administrator","date":"February 21, 2022","format":false,"excerpt":"https:\/\/www.radiowoche.de\/kef-bestaetigt-rundfunkbeitrag-von-1836-e-bis-2024\/","rel":"","context":"In &quot;Deutsch&quot;","block_context":{"text":"Deutsch","link":"https:\/\/www.achimbrueckner.de\/dxradio\/php\/wordpress\/?cat=1"},"img":{"alt_text":"","src":"","width":0,"height":0},"classes":[]},{"id":7447,"url":"https:\/\/www.achimbrueckner.de\/dxradio\/php\/wordpress\/?p=7447","url_meta":{"origin":36273,"position":4},"title":"KEF Kommission empfiehlt Senkung des Rundfunkbeitrags","author":"Administrator","date":"February 5, 2016","format":false,"excerpt":"http:\/\/www.golem.de\/news\/kef-kommission-empfiehlt-senkung-des-rundfunkbeitrags-1602-118960.html","rel":"","context":"In &quot;Deutsch&quot;","block_context":{"text":"Deutsch","link":"https:\/\/www.achimbrueckner.de\/dxradio\/php\/wordpress\/?cat=1"},"img":{"alt_text":"","src":"","width":0,"height":0},"classes":[]},{"id":8032,"url":"https:\/\/www.achimbrueckner.de\/dxradio\/php\/wordpress\/?p=8032","url_meta":{"origin":36273,"position":5},"title":"20. KEF-Bericht: Reaktionen von ARD, Deutschlandradio und Privatsendern","author":"Administrator","date":"April 13, 2016","format":false,"excerpt":"http:\/\/www.radioszene.de\/90007\/kef-deutschlandradio-dab-digitalradio.html","rel":"","context":"In &quot;Deutsch&quot;","block_context":{"text":"Deutsch","link":"https:\/\/www.achimbrueckner.de\/dxradio\/php\/wordpress\/?cat=1"},"img":{"alt_text":"","src":"","width":0,"height":0},"classes":[]}],"_links":{"self":[{"href":"https:\/\/www.achimbrueckner.de\/dxradio\/php\/wordpress\/index.php?rest_route=\/wp\/v2\/posts\/36273","targetHints":{"allow":["GET"]}}],"collection":[{"href":"https:\/\/www.achimbrueckner.de\/dxradio\/php\/wordpress\/index.php?rest_route=\/wp\/v2\/posts"}],"about":[{"href":"https:\/\/www.achimbrueckner.de\/dxradio\/php\/wordpress\/index.php?rest_route=\/wp\/v2\/types\/post"}],"author":[{"embeddable":true,"href":"https:\/\/www.achimbrueckner.de\/dxradio\/php\/wordpress\/index.php?rest_route=\/wp\/v2\/users\/1"}],"replies":[{"embeddable":true,"href":"https:\/\/www.achimbrueckner.de\/dxradio\/php\/wordpress\/index.php?rest_route=%2Fwp%2Fv2%2Fcomments&post=36273"}],"version-history":[{"count":0,"href":"https:\/\/www.achimbrueckner.de\/dxradio\/php\/wordpress\/index.php?rest_route=\/wp\/v2\/posts\/36273\/revisions"}],"wp:attachment":[{"href":"https:\/\/www.achimbrueckner.de\/dxradio\/php\/wordpress\/index.php?rest_route=%2Fwp%2Fv2%2Fmedia&parent=36273"}],"wp:term":[{"taxonomy":"category","embeddable":true,"href":"https:\/\/www.achimbrueckner.de\/dxradio\/php\/wordpress\/index.php?rest_route=%2Fwp%2Fv2%2Fcategories&post=36273"},{"taxonomy":"post_tag","embeddable":true,"href":"https:\/\/www.achimbrueckner.de\/dxradio\/php\/wordpress\/index.php?rest_route=%2Fwp%2Fv2%2Ftags&post=36273"}],"curies":[{"name":"wp","href":"https:\/\/api.w.org\/{rel}","templated":true}]}}