{"id":36303,"date":"2022-05-12T15:40:10","date_gmt":"2022-05-12T15:40:10","guid":{"rendered":"https:\/\/www.achimbrueckner.de\/dxradio\/php\/wordpress\/?p=36303"},"modified":"2022-05-12T15:40:10","modified_gmt":"2022-05-12T15:40:10","slug":"die-neue-107-7-sendet-deutschlandweit-ersten-ukrainisch-sprachkurs-im-radio","status":"publish","type":"post","link":"https:\/\/www.achimbrueckner.de\/dxradio\/php\/wordpress\/?p=36303","title":{"rendered":"DIE NEUE 107.7 sendet deutschlandweit ersten Ukrainisch-Sprachkurs im Radio!"},"content":{"rendered":"<p><a href=\"https:\/\/www.radiowoche.de\/die-neue-107-7-sendet-deutschlandweit-ersten-ukrainisch-sprachkurs-im-radio\/\" rel=\"noopener\" target=\"_blank\">https:\/\/www.radiowoche.de\/die-neue-107-7-sendet-deutschlandweit-ersten-ukrainisch-sprachkurs-im-radio\/<\/a><\/p>\n","protected":false},"excerpt":{"rendered":"<p>https:\/\/www.radiowoche.de\/die-neue-107-7-sendet-deutschlandweit-ersten-ukrainisch-sprachkurs-im-radio\/<\/p>\n","protected":false},"author":1,"featured_media":0,"comment_status":"closed","ping_status":"open","sticky":false,"template":"","format":"standard","meta":{"_jetpack_memberships_contains_paid_content":false,"footnotes":"","jetpack_publicize_message":"","jetpack_publicize_feature_enabled":true,"jetpack_social_post_already_shared":true,"jetpack_social_options":{"image_generator_settings":{"template":"highway","default_image_id":0,"font":"","enabled":false},"version":2}},"categories":[1],"tags":[],"class_list":["post-36303","post","type-post","status-publish","format-standard","hentry","category-deutsch"],"jetpack_publicize_connections":[],"jetpack_featured_media_url":"","jetpack_sharing_enabled":true,"jetpack_shortlink":"https:\/\/wp.me\/p5CDmr-9rx","jetpack-related-posts":[{"id":164,"url":"https:\/\/www.achimbrueckner.de\/dxradio\/php\/wordpress\/?p=164","url_meta":{"origin":36303,"position":0},"title":"Neue Senderstandorte f\u00fcr Radio Polonia","author":"Administrator","date":"October 26, 2006","format":false,"excerpt":"Neue Senderstandorte f\u00fcr Radio Polonia Polskie Radio hat die Kurzwellenverbreitung seines Auslandsdienstes Radio Polonia auf dem Wege einer Ausschreibung an T-Systems vergeben, nachdem der polnische Senderbetreiber Emitel seit Jahren keine qualit\u00e4tsgerechten Ausstrahlungen mehr gew\u00e4hrleisten konnte. T-Systems wird die \u00dcbertragung der Programme von Radio Polonia mit dem Beginn der Winterzeit am\u2026","rel":"","context":"In &quot;Empfang&quot;","block_context":{"text":"Empfang","link":"https:\/\/www.achimbrueckner.de\/dxradio\/php\/wordpress\/?cat=3"},"img":{"alt_text":"","src":"","width":0,"height":0},"classes":[]},{"id":5526,"url":"https:\/\/www.achimbrueckner.de\/dxradio\/php\/wordpress\/?p=5526","url_meta":{"origin":36303,"position":1},"title":"DW startet neue Nachrichten auf russisch und ukrainisch.","author":"Administrator","date":"August 11, 2015","format":false,"excerpt":"http:\/\/www.turi2.de\/aktuell\/dw-startet-neue-nachrichten-auf-russisch-und-ukrainisch\/","rel":"","context":"In &quot;Deutsch&quot;","block_context":{"text":"Deutsch","link":"https:\/\/www.achimbrueckner.de\/dxradio\/php\/wordpress\/?cat=1"},"img":{"alt_text":"","src":"","width":0,"height":0},"classes":[]},{"id":35241,"url":"https:\/\/www.achimbrueckner.de\/dxradio\/php\/wordpress\/?p=35241","url_meta":{"origin":36303,"position":2},"title":"RADIO SCHWABEN startet Nachrichten auf Ukrainisch","author":"Administrator","date":"March 19, 2022","format":false,"excerpt":"https:\/\/www.radiowoche.de\/radio-schwaben-startet-nachrichten-auf-ukrainisch\/","rel":"","context":"In &quot;Deutsch&quot;","block_context":{"text":"Deutsch","link":"https:\/\/www.achimbrueckner.de\/dxradio\/php\/wordpress\/?cat=1"},"img":{"alt_text":"","src":"","width":0,"height":0},"classes":[]},{"id":1058,"url":"https:\/\/www.achimbrueckner.de\/dxradio\/php\/wordpress\/?p=1058","url_meta":{"origin":36303,"position":3},"title":"Welle370 aus K\u00f6nigs Wusterhausen sendet via Radio 700","author":"Administrator","date":"June 25, 2010","format":false,"excerpt":"Welle370 aus K\u00f6nigs Wusterhausen sendet via Radio 700 http:\/\/www.radioszene.de\/?p=14514 \"Probieren sie es einfach einmal aus \u00e2\u20ac\u201c Sie werden erstaunt sein, welche Programmvielfalt auf diesen Wellenbereichen noch heute, 90 Jahre nach den ersten T\u00f6nen im \u00c4ther, zu finden ist.\" Info via A-DX","rel":"","context":"In &quot;Deutsch&quot;","block_context":{"text":"Deutsch","link":"https:\/\/www.achimbrueckner.de\/dxradio\/php\/wordpress\/?cat=1"},"img":{"alt_text":"","src":"","width":0,"height":0},"classes":[]},{"id":34926,"url":"https:\/\/www.achimbrueckner.de\/dxradio\/php\/wordpress\/?p=34926","url_meta":{"origin":36303,"position":4},"title":"COSMO startet Newsformat auf Ukrainisch","author":"Administrator","date":"March 5, 2022","format":false,"excerpt":"https:\/\/www.radiowoche.de\/cosmo-startet-newsformat-auf-ukrainisch\/","rel":"","context":"In &quot;Deutsch&quot;","block_context":{"text":"Deutsch","link":"https:\/\/www.achimbrueckner.de\/dxradio\/php\/wordpress\/?cat=1"},"img":{"alt_text":"","src":"","width":0,"height":0},"classes":[]},{"id":35326,"url":"https:\/\/www.achimbrueckner.de\/dxradio\/php\/wordpress\/?p=35326","url_meta":{"origin":36303,"position":5},"title":"Belgien: RTBF startet DAB+ Programm auf Ukrainisch","author":"Administrator","date":"March 23, 2022","format":false,"excerpt":"https:\/\/www.radiowoche.de\/belgien-rtbf-startet-dab-programm-auf-ukrainisch\/","rel":"","context":"In &quot;Deutsch&quot;","block_context":{"text":"Deutsch","link":"https:\/\/www.achimbrueckner.de\/dxradio\/php\/wordpress\/?cat=1"},"img":{"alt_text":"","src":"","width":0,"height":0},"classes":[]}],"_links":{"self":[{"href":"https:\/\/www.achimbrueckner.de\/dxradio\/php\/wordpress\/index.php?rest_route=\/wp\/v2\/posts\/36303","targetHints":{"allow":["GET"]}}],"collection":[{"href":"https:\/\/www.achimbrueckner.de\/dxradio\/php\/wordpress\/index.php?rest_route=\/wp\/v2\/posts"}],"about":[{"href":"https:\/\/www.achimbrueckner.de\/dxradio\/php\/wordpress\/index.php?rest_route=\/wp\/v2\/types\/post"}],"author":[{"embeddable":true,"href":"https:\/\/www.achimbrueckner.de\/dxradio\/php\/wordpress\/index.php?rest_route=\/wp\/v2\/users\/1"}],"replies":[{"embeddable":true,"href":"https:\/\/www.achimbrueckner.de\/dxradio\/php\/wordpress\/index.php?rest_route=%2Fwp%2Fv2%2Fcomments&post=36303"}],"version-history":[{"count":0,"href":"https:\/\/www.achimbrueckner.de\/dxradio\/php\/wordpress\/index.php?rest_route=\/wp\/v2\/posts\/36303\/revisions"}],"wp:attachment":[{"href":"https:\/\/www.achimbrueckner.de\/dxradio\/php\/wordpress\/index.php?rest_route=%2Fwp%2Fv2%2Fmedia&parent=36303"}],"wp:term":[{"taxonomy":"category","embeddable":true,"href":"https:\/\/www.achimbrueckner.de\/dxradio\/php\/wordpress\/index.php?rest_route=%2Fwp%2Fv2%2Fcategories&post=36303"},{"taxonomy":"post_tag","embeddable":true,"href":"https:\/\/www.achimbrueckner.de\/dxradio\/php\/wordpress\/index.php?rest_route=%2Fwp%2Fv2%2Ftags&post=36303"}],"curies":[{"name":"wp","href":"https:\/\/api.w.org\/{rel}","templated":true}]}}