{"id":36324,"date":"2022-05-14T13:57:29","date_gmt":"2022-05-14T13:57:29","guid":{"rendered":"https:\/\/www.achimbrueckner.de\/dxradio\/php\/wordpress\/?p=36324"},"modified":"2022-05-14T13:57:29","modified_gmt":"2022-05-14T13:57:29","slug":"radio-ladies-first-auf-laut-fm","status":"publish","type":"post","link":"https:\/\/www.achimbrueckner.de\/dxradio\/php\/wordpress\/?p=36324","title":{"rendered":"Radio Ladies First auf laut.fm"},"content":{"rendered":"<p>Radio Ladies First auf laut.fm<br \/>\nSeit kurzem gibt es via laut.fm einen neuen Memorialstream. Es laufen Mitschnitte, Jingles, Kenner und viele Original-Erinnerungen an Bernd Schumachers legend\u00e4res Radio Ladies 1 aus Baden-Baden. Ladies 1 war einer der beliebtesten und erfolgreichsten Privatsendern im L\u00e4ndle. Neben Bernd Schumacher geh\u00f6rten u.a. Garry Preston, Conny Sabel und Charly 2000 zum Team.<br \/>\nDer Initiator des Memorialstreams gegen\u00fcber FM Kompakt: &#8220;Ziel ist es, eine Erinnerung zu schaffen, etwas Nostalgie zu wecken und mich ab und zu per \u201eZeitreise\u201c zur\u00fcck in meine Kindheit\/Jugend zu versetzen. F\u00fcr mich steht dieses Vorhaben unter dem Motto: Spa\u00df und Zufriedenheit statt H\u00f6rerzahlen.<br \/>\nDaf\u00fcr habe ich in den vergangen Jahren einige Mitschnitte aus den damaligen RLF-Sendungen zusammenbekommen, die viele original Jingles sowie z.T. tolle Mitschnitte enthalten. Daf\u00fcr gilt der Dank an alle damaligen H\u00f6rer, die die Radio Ladies First-Sendungen aufgezeichnet haben.<br \/>\nZu h\u00f6ren sind aktuell Bernd Schumacher, Conny Sabel, Geraldine Sievers, Sandra Laeske, Gerry Preston, Gerd D\u00f6rfeld und Brigitte van Hattem.<br \/>\nEinen Sendeplan habe ich daf\u00fcr zusammengestellt und den Schwerpunkt nat\u00fcrlich erst einmal auf 13 \u2013 16 Uhr und 20 \u2013 24 Uhr gelegt. Auch Radio Victoria wird nochmals jeweils 1 Stunde um 12 Uhr und 19 Uhr mit den original Jingles zu h\u00f6ren sein. Die Auswahl der Musik ist in erster Linie auf 1980 bis 1994 ausgerichtet; ich erg\u00e4nze aber was mir gef\u00e4llt; auch au\u00dferhalb dieser Zeit. Der erste Entwurf des Sendeplans ist auch im Anhang&#8221;.<br \/>\nFalls ich jetzt Lust auf eine kleine \u201eZeitreise\u201c geweckt haben sollte, einfach mal kurz einschalten:<br \/>\n<a href=\"https:\/\/laut.fm\/ladiesfirst\" rel=\"noopener\" target=\"_blank\">https:\/\/laut.fm\/ladiesfirst<\/a><br \/>\n<a href=\"http:\/\/stream.laut.fm\/ladiesfirst\" rel=\"noopener\" target=\"_blank\">http:\/\/stream.laut.fm\/ladiesfirst<\/a><br \/>\n<a href=\"https:\/\/www.facebook.com\/radioladiesfirst\" rel=\"noopener\" target=\"_blank\">https:\/\/www.facebook.com\/radioladiesfirst<\/a><\/p>\n<p>Info via Facebook<\/p>\n","protected":false},"excerpt":{"rendered":"<p>Radio Ladies First auf laut.fm Seit kurzem gibt es via laut.fm einen neuen Memorialstream. Es laufen Mitschnitte, Jingles, Kenner und viele Original-Erinnerungen an Bernd Schumachers legend\u00e4res Radio Ladies 1 aus Baden-Baden. Ladies 1 war einer der beliebtesten und erfolgreichsten Privatsendern im L\u00e4ndle. Neben Bernd Schumacher geh\u00f6rten u.a. Garry Preston, Conny Sabel und Charly 2000 zum &hellip; <a href=\"https:\/\/www.achimbrueckner.de\/dxradio\/php\/wordpress\/?p=36324\" class=\"more-link\">Continue reading <span class=\"screen-reader-text\">Radio Ladies First auf laut.fm<\/span><\/a><\/p>\n","protected":false},"author":1,"featured_media":0,"comment_status":"closed","ping_status":"open","sticky":false,"template":"","format":"standard","meta":{"_jetpack_memberships_contains_paid_content":false,"footnotes":"","jetpack_publicize_message":"","jetpack_publicize_feature_enabled":true,"jetpack_social_post_already_shared":true,"jetpack_social_options":{"image_generator_settings":{"template":"highway","default_image_id":0,"font":"","enabled":false},"version":2}},"categories":[1],"tags":[],"class_list":["post-36324","post","type-post","status-publish","format-standard","hentry","category-deutsch"],"jetpack_publicize_connections":[],"jetpack_featured_media_url":"","jetpack_sharing_enabled":true,"jetpack_shortlink":"https:\/\/wp.me\/p5CDmr-9rS","jetpack-related-posts":[{"id":2836,"url":"https:\/\/www.achimbrueckner.de\/dxradio\/php\/wordpress\/?p=2836","url_meta":{"origin":36324,"position":0},"title":"1.Ausgabe FMK-RTI-H\u00f6rerclubmagazin","author":"Administrator","date":"January 3, 2014","format":false,"excerpt":"Liebe Radiofreunde, morgen am Samstag den 04.01.14 um 11:00 Uhr geht es los. Im Rahmen des Radio Brenner Streams (http:\/\/laut.fm\/kompakt) wird das erste \u201eFMK-RTI-H\u00f6rerclubmagazin\u201c ausgestrahlt. Mit dabei sind die H\u00f6rerclubecke des RTI-H\u00f6rerclubs, die DX-Tipps von Hans-Werner Lange und Bernd Seiser sowie Beitr\u00e4ge aus den Archiven von Kunos-Radiothek, FM Kompakt und\u2026","rel":"","context":"In &quot;Deutsch&quot;","block_context":{"text":"Deutsch","link":"https:\/\/www.achimbrueckner.de\/dxradio\/php\/wordpress\/?cat=1"},"img":{"alt_text":"","src":"","width":0,"height":0},"classes":[]},{"id":33342,"url":"https:\/\/www.achimbrueckner.de\/dxradio\/php\/wordpress\/?p=33342","url_meta":{"origin":36324,"position":1},"title":"FMK S\u00fcdtirol Stream mit hunderten neuer Original Jingles","author":"Administrator","date":"August 15, 2021","format":false,"excerpt":"FMK S\u00fcdtirol Stream mit hunderten neuer Original Jingles Der FMK S\u00fcdtirol Memorialstream wurde nun um hunderte neuer Kenner, Ansagen und Trailer erweitert. Vielen Dank an Robert Galley f\u00fcr diese Arbeit und Unterst\u00fctzung. Die Stationvoice des FMK-Streams ist kein geringerer als Stephan Kaiser! Viel Spa\u00df beim Wiederh\u00f6ren von: Radio Brenner\/S\u00fcdtirol 1,\u2026","rel":"","context":"In &quot;Deutsch&quot;","block_context":{"text":"Deutsch","link":"https:\/\/www.achimbrueckner.de\/dxradio\/php\/wordpress\/?cat=1"},"img":{"alt_text":"","src":"","width":0,"height":0},"classes":[]},{"id":2087,"url":"https:\/\/www.achimbrueckner.de\/dxradio\/php\/wordpress\/?p=2087","url_meta":{"origin":36324,"position":2},"title":"Radio Lignano","author":"Administrator","date":"January 2, 2012","format":false,"excerpt":"Hier eine 16-min\u00fctige Erinnerung an Radio Lignano (1984-1999), mit Jingles, Werbespots und Moderationsausschnitten: http:\/\/www.youtube.com\/watch?v=V7gdbsbwYXk Die Mitschnitte stammen aus dem Jahr 1999 (August), 2 Monate vor Einstellung des Sendebetriebes. Info via Radioforum","rel":"","context":"In &quot;Deutsch&quot;","block_context":{"text":"Deutsch","link":"https:\/\/www.achimbrueckner.de\/dxradio\/php\/wordpress\/?cat=1"},"img":{"alt_text":"","src":"","width":0,"height":0},"classes":[]},{"id":2597,"url":"https:\/\/www.achimbrueckner.de\/dxradio\/php\/wordpress\/?p=2597","url_meta":{"origin":36324,"position":3},"title":"Jingles Stationssongs 14. August 2013","author":"Administrator","date":"August 14, 2013","format":false,"excerpt":"Hallo, am Sonntagabend lief bei laut.fm\/kompakt ein Beitrag mit Jingles und Stationssong aus Deutschland, Luxemburg, Niederlande, Gro\u00dfbritannien, Spanien, Italien, Schweiz, Frankreich, \u00d6sterreich, China, Taiwan, Japan, Australien, Argentinien, Kanada und den USA. Das waren 80 interessante Minuten die ich euch nur empfehlen kann. Heute Abend ab 22:00 Uhr gibt es eine\u2026","rel":"","context":"In &quot;Deutsch&quot;","block_context":{"text":"Deutsch","link":"https:\/\/www.achimbrueckner.de\/dxradio\/php\/wordpress\/?cat=1"},"img":{"alt_text":"","src":"","width":0,"height":0},"classes":[]},{"id":9054,"url":"https:\/\/www.achimbrueckner.de\/dxradio\/php\/wordpress\/?p=9054","url_meta":{"origin":36324,"position":4},"title":"Telstar Radio","author":"Administrator","date":"August 6, 2016","format":false,"excerpt":"Liebe Radiofreunde, im August 1986 habe ich erstmals mit einem UKW-Sender-Bausatz von Kemo experimentiert. Wenige Wochen sp\u00e4ter ging mit Radio Obertshausen International mein erstes Radioprojekt auf Sendung. Wer halbwegs gut im Kopfrechnen ist wird feststellen: Ich feiere in diesem Jahr mein 30-j\u00e4hriges Radiojubil\u00e4um. Wie es der Zufall will, findet im\u2026","rel":"","context":"In &quot;Deutsch&quot;","block_context":{"text":"Deutsch","link":"https:\/\/www.achimbrueckner.de\/dxradio\/php\/wordpress\/?cat=1"},"img":{"alt_text":"","src":"","width":0,"height":0},"classes":[]},{"id":7562,"url":"https:\/\/www.achimbrueckner.de\/dxradio\/php\/wordpress\/?p=7562","url_meta":{"origin":36324,"position":5},"title":"FMK-Treffen M\u00e4rz 2016 Charly 2000 Ged\u00e4chtnis-Treffen","author":"Administrator","date":"February 14, 2016","format":false,"excerpt":"FMK-Treffen - Termin\u00e4nderung: Zu Ehren des einstigen Kult-DJ`s Charly 2000 veranstaltet FM Kompakt ein Ged\u00e4chtnis-Treffen. U.a. bekommen wir dank Uwe Carsten einen Einblick hiner die Kulissen von Radio Ohr (Charlys letzter Station). Danach werden beim geselligem Zusammensein Erinnerungen und Mitschnitte ausgetauscht. Da der Termin im April 16 nicht vereinbar war,\u2026","rel":"","context":"In &quot;camps&quot;","block_context":{"text":"camps","link":"https:\/\/www.achimbrueckner.de\/dxradio\/php\/wordpress\/?cat=5"},"img":{"alt_text":"","src":"","width":0,"height":0},"classes":[]}],"_links":{"self":[{"href":"https:\/\/www.achimbrueckner.de\/dxradio\/php\/wordpress\/index.php?rest_route=\/wp\/v2\/posts\/36324","targetHints":{"allow":["GET"]}}],"collection":[{"href":"https:\/\/www.achimbrueckner.de\/dxradio\/php\/wordpress\/index.php?rest_route=\/wp\/v2\/posts"}],"about":[{"href":"https:\/\/www.achimbrueckner.de\/dxradio\/php\/wordpress\/index.php?rest_route=\/wp\/v2\/types\/post"}],"author":[{"embeddable":true,"href":"https:\/\/www.achimbrueckner.de\/dxradio\/php\/wordpress\/index.php?rest_route=\/wp\/v2\/users\/1"}],"replies":[{"embeddable":true,"href":"https:\/\/www.achimbrueckner.de\/dxradio\/php\/wordpress\/index.php?rest_route=%2Fwp%2Fv2%2Fcomments&post=36324"}],"version-history":[{"count":0,"href":"https:\/\/www.achimbrueckner.de\/dxradio\/php\/wordpress\/index.php?rest_route=\/wp\/v2\/posts\/36324\/revisions"}],"wp:attachment":[{"href":"https:\/\/www.achimbrueckner.de\/dxradio\/php\/wordpress\/index.php?rest_route=%2Fwp%2Fv2%2Fmedia&parent=36324"}],"wp:term":[{"taxonomy":"category","embeddable":true,"href":"https:\/\/www.achimbrueckner.de\/dxradio\/php\/wordpress\/index.php?rest_route=%2Fwp%2Fv2%2Fcategories&post=36324"},{"taxonomy":"post_tag","embeddable":true,"href":"https:\/\/www.achimbrueckner.de\/dxradio\/php\/wordpress\/index.php?rest_route=%2Fwp%2Fv2%2Ftags&post=36324"}],"curies":[{"name":"wp","href":"https:\/\/api.w.org\/{rel}","templated":true}]}}