{"id":36341,"date":"2022-05-15T17:11:23","date_gmt":"2022-05-15T17:11:23","guid":{"rendered":"https:\/\/www.achimbrueckner.de\/dxradio\/php\/wordpress\/?p=36341"},"modified":"2022-05-15T17:11:23","modified_gmt":"2022-05-15T17:11:23","slug":"wie-entwickelt-das-zdf-empfehlungsalgorithmen","status":"publish","type":"post","link":"https:\/\/www.achimbrueckner.de\/dxradio\/php\/wordpress\/?p=36341","title":{"rendered":"Wie entwickelt das ZDF Empfehlungsalgorithmen?"},"content":{"rendered":"<p><a href=\"https:\/\/netzpolitik.org\/2022\/neues-aus-dem-fernsehrat-87-wie-entwickelt-das-zdf-empfehlungsalgorithmen\/\" rel=\"noopener\" target=\"_blank\">https:\/\/netzpolitik.org\/2022\/neues-aus-dem-fernsehrat-87-wie-entwickelt-das-zdf-empfehlungsalgorithmen\/<\/a><\/p>\n","protected":false},"excerpt":{"rendered":"<p>https:\/\/netzpolitik.org\/2022\/neues-aus-dem-fernsehrat-87-wie-entwickelt-das-zdf-empfehlungsalgorithmen\/<\/p>\n","protected":false},"author":1,"featured_media":0,"comment_status":"closed","ping_status":"open","sticky":false,"template":"","format":"standard","meta":{"_jetpack_memberships_contains_paid_content":false,"footnotes":"","jetpack_publicize_message":"","jetpack_publicize_feature_enabled":true,"jetpack_social_post_already_shared":true,"jetpack_social_options":{"image_generator_settings":{"template":"highway","default_image_id":0,"font":"","enabled":false},"version":2}},"categories":[1],"tags":[],"class_list":["post-36341","post","type-post","status-publish","format-standard","hentry","category-deutsch"],"jetpack_publicize_connections":[],"jetpack_featured_media_url":"","jetpack_sharing_enabled":true,"jetpack_shortlink":"https:\/\/wp.me\/p5CDmr-9s9","jetpack-related-posts":[{"id":18262,"url":"https:\/\/www.achimbrueckner.de\/dxradio\/php\/wordpress\/?p=18262","url_meta":{"origin":36341,"position":0},"title":"Der Geist der Einigung: Wie Verlage, ARD, ZDF und Politik den Dauerstreit um das Telemediengesetz entsch\u00e4rft haben","author":"Administrator","date":"June 16, 2018","format":false,"excerpt":"https:\/\/meedia.de\/2018\/06\/14\/der-geist-der-einigung-wie-verlage-ard-zdf-und-politik-den-dauerstreit-um-das-telemediengesetz-entschaerft-haben\/","rel":"","context":"In &quot;Deutsch&quot;","block_context":{"text":"Deutsch","link":"https:\/\/www.achimbrueckner.de\/dxradio\/php\/wordpress\/?cat=1"},"img":{"alt_text":"","src":"","width":0,"height":0},"classes":[]},{"id":37844,"url":"https:\/\/www.achimbrueckner.de\/dxradio\/php\/wordpress\/?p=37844","url_meta":{"origin":36341,"position":1},"title":"Das Miteinander br\u00f6ckelt: Wie geht das ZDF mit dem ARD-Skandal um?","author":"Administrator","date":"November 3, 2022","format":false,"excerpt":"https:\/\/www.dwdl.de\/magazin\/90369\/das_miteinander_broeckelt_wie_geht_das_zdf_mit_dem_ardskandal_um\/","rel":"","context":"In &quot;Deutsch&quot;","block_context":{"text":"Deutsch","link":"https:\/\/www.achimbrueckner.de\/dxradio\/php\/wordpress\/?cat=1"},"img":{"alt_text":"","src":"","width":0,"height":0},"classes":[]},{"id":6550,"url":"https:\/\/www.achimbrueckner.de\/dxradio\/php\/wordpress\/?p=6550","url_meta":{"origin":36341,"position":2},"title":"Hannover-Berichterstattung Das war Nachrichten-Fernsehen wie vor 30 Jahren &#8211; einfach schlecht","author":"Administrator","date":"November 19, 2015","format":false,"excerpt":"http:\/\/mobil.stern.de\/kultur\/tv\/hannover-und-die-spielabsage--ard-und-zdf-machen-nachrichten-wie-vor-30-jahren-6562426.html","rel":"","context":"In &quot;Deutsch&quot;","block_context":{"text":"Deutsch","link":"https:\/\/www.achimbrueckner.de\/dxradio\/php\/wordpress\/?cat=1"},"img":{"alt_text":"","src":"","width":0,"height":0},"classes":[]},{"id":32827,"url":"https:\/\/www.achimbrueckner.de\/dxradio\/php\/wordpress\/?p=32827","url_meta":{"origin":36341,"position":3},"title":"Thomas Koch: &#8220;Das ZDF verh\u00e4lt sich wie ein Privatsender&#8221;","author":"Administrator","date":"June 4, 2021","format":false,"excerpt":"https:\/\/www.dwdl.de\/2herrenmithund\/83049\/thomas_koch_das_zdf_verhaelt_sich_wie_ein_privatsender\/","rel":"","context":"In &quot;Deutsch&quot;","block_context":{"text":"Deutsch","link":"https:\/\/www.achimbrueckner.de\/dxradio\/php\/wordpress\/?cat=1"},"img":{"alt_text":"","src":"","width":0,"height":0},"classes":[]},{"id":32438,"url":"https:\/\/www.achimbrueckner.de\/dxradio\/php\/wordpress\/?p=32438","url_meta":{"origin":36341,"position":4},"title":"Zentrum des Fortschritts: Wie sich das ZDF neu erfindet","author":"Administrator","date":"April 6, 2021","format":false,"excerpt":"https:\/\/www.dwdl.de\/meinungen\/82191\/zentrum_des_fortschritts_wie_sich_das_zdf_neu_erfindet\/","rel":"","context":"In &quot;Deutsch&quot;","block_context":{"text":"Deutsch","link":"https:\/\/www.achimbrueckner.de\/dxradio\/php\/wordpress\/?cat=1"},"img":{"alt_text":"","src":"","width":0,"height":0},"classes":[]},{"id":33145,"url":"https:\/\/www.achimbrueckner.de\/dxradio\/php\/wordpress\/?p=33145","url_meta":{"origin":36341,"position":5},"title":"Er\u00f6ffnungsfeier im ZDF Wie B\u00e9la R\u00e9thy das Olympische Feuer im Keim erstickte","author":"Administrator","date":"July 24, 2021","format":false,"excerpt":"https:\/\/www.dwdl.de\/meinungen\/83771\/wie_bla_rthy_das_olympische_feuer_im_keim_erstickte\/D","rel":"","context":"In &quot;Deutsch&quot;","block_context":{"text":"Deutsch","link":"https:\/\/www.achimbrueckner.de\/dxradio\/php\/wordpress\/?cat=1"},"img":{"alt_text":"","src":"","width":0,"height":0},"classes":[]}],"_links":{"self":[{"href":"https:\/\/www.achimbrueckner.de\/dxradio\/php\/wordpress\/index.php?rest_route=\/wp\/v2\/posts\/36341","targetHints":{"allow":["GET"]}}],"collection":[{"href":"https:\/\/www.achimbrueckner.de\/dxradio\/php\/wordpress\/index.php?rest_route=\/wp\/v2\/posts"}],"about":[{"href":"https:\/\/www.achimbrueckner.de\/dxradio\/php\/wordpress\/index.php?rest_route=\/wp\/v2\/types\/post"}],"author":[{"embeddable":true,"href":"https:\/\/www.achimbrueckner.de\/dxradio\/php\/wordpress\/index.php?rest_route=\/wp\/v2\/users\/1"}],"replies":[{"embeddable":true,"href":"https:\/\/www.achimbrueckner.de\/dxradio\/php\/wordpress\/index.php?rest_route=%2Fwp%2Fv2%2Fcomments&post=36341"}],"version-history":[{"count":0,"href":"https:\/\/www.achimbrueckner.de\/dxradio\/php\/wordpress\/index.php?rest_route=\/wp\/v2\/posts\/36341\/revisions"}],"wp:attachment":[{"href":"https:\/\/www.achimbrueckner.de\/dxradio\/php\/wordpress\/index.php?rest_route=%2Fwp%2Fv2%2Fmedia&parent=36341"}],"wp:term":[{"taxonomy":"category","embeddable":true,"href":"https:\/\/www.achimbrueckner.de\/dxradio\/php\/wordpress\/index.php?rest_route=%2Fwp%2Fv2%2Fcategories&post=36341"},{"taxonomy":"post_tag","embeddable":true,"href":"https:\/\/www.achimbrueckner.de\/dxradio\/php\/wordpress\/index.php?rest_route=%2Fwp%2Fv2%2Ftags&post=36341"}],"curies":[{"name":"wp","href":"https:\/\/api.w.org\/{rel}","templated":true}]}}