{"id":36459,"date":"2022-06-04T17:30:28","date_gmt":"2022-06-04T17:30:28","guid":{"rendered":"https:\/\/www.achimbrueckner.de\/dxradio\/php\/wordpress\/?p=36459"},"modified":"2022-06-04T17:30:28","modified_gmt":"2022-06-04T17:30:28","slug":"nic-von-vogelstein-radio-c-luxemburg","status":"publish","type":"post","link":"https:\/\/www.achimbrueckner.de\/dxradio\/php\/wordpress\/?p=36459","title":{"rendered":"Nic von Vogelstein Radio C Luxemburg"},"content":{"rendered":"<p>Ab Juli 2022 ist Radiopionier Nic von Vogelstein ( Radio Xanadu, N1, Star*Sat, Radio Energy&#8230;) neu im Radio C Lux Team<br \/>\n<a href=\"https:\/\/radioc.eu\/\" rel=\"noopener\" target=\"_blank\">https:\/\/radioc.eu\/<\/a><\/p>\n<p>Info via Facebook<\/p>\n","protected":false},"excerpt":{"rendered":"<p>Ab Juli 2022 ist Radiopionier Nic von Vogelstein ( Radio Xanadu, N1, Star*Sat, Radio Energy&#8230;) neu im Radio C Lux Team https:\/\/radioc.eu\/ Info via Facebook<\/p>\n","protected":false},"author":1,"featured_media":0,"comment_status":"closed","ping_status":"open","sticky":false,"template":"","format":"standard","meta":{"_jetpack_memberships_contains_paid_content":false,"footnotes":"","jetpack_publicize_message":"","jetpack_publicize_feature_enabled":true,"jetpack_social_post_already_shared":true,"jetpack_social_options":{"image_generator_settings":{"template":"highway","default_image_id":0,"font":"","enabled":false},"version":2}},"categories":[1],"tags":[],"class_list":["post-36459","post","type-post","status-publish","format-standard","hentry","category-deutsch"],"jetpack_publicize_connections":[],"jetpack_featured_media_url":"","jetpack_sharing_enabled":true,"jetpack_shortlink":"https:\/\/wp.me\/p5CDmr-9u3","jetpack-related-posts":[{"id":36823,"url":"https:\/\/www.achimbrueckner.de\/dxradio\/php\/wordpress\/?p=36823","url_meta":{"origin":36459,"position":0},"title":"Nic von Vogelstein heute ab 12 Uhr bei Radio C Luxembourg","author":"Administrator","date":"July 4, 2022","format":false,"excerpt":"https:\/\/www.radioszene.de\/164937\/nic-vogelstein-radioc-luxembourg.html","rel":"","context":"In &quot;Deutsch&quot;","block_context":{"text":"Deutsch","link":"https:\/\/www.achimbrueckner.de\/dxradio\/php\/wordpress\/?cat=1"},"img":{"alt_text":"","src":"","width":0,"height":0},"classes":[]},{"id":6844,"url":"https:\/\/www.achimbrueckner.de\/dxradio\/php\/wordpress\/?p=6844","url_meta":{"origin":36459,"position":1},"title":"VPRT radio lounge: Die Zukunft von Radio ist multikanal und regional","author":"Administrator","date":"December 11, 2015","format":false,"excerpt":"http:\/\/www.vprt.de\/verband\/presse\/pressemitteilungen\/content\/vprt-radio-lounge-die-zukunft-von-radio-ist-multikanal-und?c=4","rel":"","context":"In &quot;Deutsch&quot;","block_context":{"text":"Deutsch","link":"https:\/\/www.achimbrueckner.de\/dxradio\/php\/wordpress\/?cat=1"},"img":{"alt_text":"","src":"","width":0,"height":0},"classes":[]},{"id":38438,"url":"https:\/\/www.achimbrueckner.de\/dxradio\/php\/wordpress\/?p=38438","url_meta":{"origin":36459,"position":2},"title":"Meine Radios des Jahres 2022","author":"Administrator","date":"January 2, 2023","format":false,"excerpt":"Meine Radios des Jahres 2022 FIP aus Frankreich, das eklektische Musikprogramm, das jederzeit sehr stimmige Musik bietet - zu h\u00f6ren via http:\/\/icecast.radiofrance.fr\/fip-midfi.mp3 Couleur 3 - die (viel) bessere Alternative zu SRF3\/DRS3. Couleur 3 spielt Musik verschiedener Sparten, auch Klassik-Rock geh\u00f6rt zum regelm\u00e4ssigen Repertoire dieses in der Schweiz terrestrisch empfangbaren Programms;\u2026","rel":"","context":"In &quot;Deutsch&quot;","block_context":{"text":"Deutsch","link":"https:\/\/www.achimbrueckner.de\/dxradio\/php\/wordpress\/?cat=1"},"img":{"alt_text":"","src":"","width":0,"height":0},"classes":[]},{"id":2192,"url":"https:\/\/www.achimbrueckner.de\/dxradio\/php\/wordpress\/?p=2192","url_meta":{"origin":36459,"position":3},"title":"Freies Radio in Leipzig: Der \u00dcberlebenskampf von Radio blau","author":"Administrator","date":"March 20, 2012","format":false,"excerpt":"Freies Radio in Leipzig: Der \u00dcberlebenskampf von Radio blau http:\/\/www.radioszene.de\/36465\/freies-radio-in-leipzig-der-ueberlebenskampf-von-radio-blau.html","rel":"","context":"In &quot;Deutsch&quot;","block_context":{"text":"Deutsch","link":"https:\/\/www.achimbrueckner.de\/dxradio\/php\/wordpress\/?cat=1"},"img":{"alt_text":"","src":"","width":0,"height":0},"classes":[]},{"id":18663,"url":"https:\/\/www.achimbrueckner.de\/dxradio\/php\/wordpress\/?p=18663","url_meta":{"origin":36459,"position":4},"title":"FMK Sendungen Jukebox","author":"Administrator","date":"August 1, 2018","format":false,"excerpt":"Hallo liebe Radiofreunde, diese Woche h\u00f6rt ihr, mit einer Ausnahme, wieder das regul\u00e4re Programm von FMK Radio via laut.fm\/jukebox. Durch die Wiederholung der Sendung von FRSH am Dienstag entf\u00e4llt Peters Musicmachine. Diesen Programmblock h\u00f6rt ihr bereits diesen Freitag ab 20:00 Uhr. Am Samstag h\u00f6rt ihr innerhalb der Sendung f\u00fcr DXer\u2026","rel":"","context":"In &quot;Deutsch&quot;","block_context":{"text":"Deutsch","link":"https:\/\/www.achimbrueckner.de\/dxradio\/php\/wordpress\/?cat=1"},"img":{"alt_text":"","src":"","width":0,"height":0},"classes":[]},{"id":34518,"url":"https:\/\/www.achimbrueckner.de\/dxradio\/php\/wordpress\/?p=34518","url_meta":{"origin":36459,"position":5},"title":"Abschied Astrit Ibros von Radio Tirana (26. Januar 2022)","author":"Administrator","date":"January 28, 2022","format":false,"excerpt":"Abschied Astrit Ibros von Radio Tirana (26. Januar 2022): Liebe H\u00f6rerinnen und liebe H\u00f6rer des deutschen Programms von Radio Tirana, liebe Leserinnen und Leser der Webseite von Radio Tirana, Es ist f\u00fcr mich gar nicht leicht, diese Abschiedszeilen an EUCH zu schreiben.Nach 42 Jahren einer ununterbrochenen Arbeit in Radio Tirana,\u2026","rel":"","context":"In &quot;Deutsch&quot;","block_context":{"text":"Deutsch","link":"https:\/\/www.achimbrueckner.de\/dxradio\/php\/wordpress\/?cat=1"},"img":{"alt_text":"","src":"","width":0,"height":0},"classes":[]}],"_links":{"self":[{"href":"https:\/\/www.achimbrueckner.de\/dxradio\/php\/wordpress\/index.php?rest_route=\/wp\/v2\/posts\/36459","targetHints":{"allow":["GET"]}}],"collection":[{"href":"https:\/\/www.achimbrueckner.de\/dxradio\/php\/wordpress\/index.php?rest_route=\/wp\/v2\/posts"}],"about":[{"href":"https:\/\/www.achimbrueckner.de\/dxradio\/php\/wordpress\/index.php?rest_route=\/wp\/v2\/types\/post"}],"author":[{"embeddable":true,"href":"https:\/\/www.achimbrueckner.de\/dxradio\/php\/wordpress\/index.php?rest_route=\/wp\/v2\/users\/1"}],"replies":[{"embeddable":true,"href":"https:\/\/www.achimbrueckner.de\/dxradio\/php\/wordpress\/index.php?rest_route=%2Fwp%2Fv2%2Fcomments&post=36459"}],"version-history":[{"count":0,"href":"https:\/\/www.achimbrueckner.de\/dxradio\/php\/wordpress\/index.php?rest_route=\/wp\/v2\/posts\/36459\/revisions"}],"wp:attachment":[{"href":"https:\/\/www.achimbrueckner.de\/dxradio\/php\/wordpress\/index.php?rest_route=%2Fwp%2Fv2%2Fmedia&parent=36459"}],"wp:term":[{"taxonomy":"category","embeddable":true,"href":"https:\/\/www.achimbrueckner.de\/dxradio\/php\/wordpress\/index.php?rest_route=%2Fwp%2Fv2%2Fcategories&post=36459"},{"taxonomy":"post_tag","embeddable":true,"href":"https:\/\/www.achimbrueckner.de\/dxradio\/php\/wordpress\/index.php?rest_route=%2Fwp%2Fv2%2Ftags&post=36459"}],"curies":[{"name":"wp","href":"https:\/\/api.w.org\/{rel}","templated":true}]}}