{"id":36460,"date":"2022-06-04T17:33:13","date_gmt":"2022-06-04T17:33:13","guid":{"rendered":"https:\/\/www.achimbrueckner.de\/dxradio\/php\/wordpress\/?p=36460"},"modified":"2022-06-04T17:33:13","modified_gmt":"2022-06-04T17:33:13","slug":"radio-darc-6070-khz-5-juni-2022","status":"publish","type":"post","link":"https:\/\/www.achimbrueckner.de\/dxradio\/php\/wordpress\/?p=36460","title":{"rendered":"Radio DARC 6070 Khz 5. Juni 2022"},"content":{"rendered":"<p>Die n\u00e4chste Sendung Nummer 381 von Radio DARC wird erstmals morgen, Sonntag um 11 Uhr auf Kurzwelle 6070 kHz von Moosbrunn mit 100 kW ausgesendet.<br \/>\nDie Themen<br \/>\nEs wird f\u00fcr die meisten Menschen auf dieser Welt immer schwieriger, an freie und unzensierte Information zu kommen. Nach Angaben der US-Denkfabrik &#8220;Freedom House&#8221; haben nur noch etwa 21% der Weltbev\u00f6lkerung Zugang zu freiem Internet. Doch es gibt L\u00f6sungsans\u00e4tze. Eine davon ist die Kurzwelle. Aber auch modernen Methoden der K\u00fcnstlichen Intelligenz gelingt es immer h\u00e4ufiger, die staatlichen Filter zu durchbrechen.<br \/>\nWie das funktioniert, das erfahren Sie in dieser Sendung<br \/>\nWeitere Beitr\u00e4ge:<br \/>\nAndreas Knedlig \/ der Digi-Andi *<br \/>\nSchwarze L\u00f6cher und Radio-Astronomie *<br \/>\nFreies und unzensiertes Internet<br \/>\nVPN-Tunnel<br \/>\nTOR-Browser und das Darknet<\/p>\n<p>Info via Facebook<\/p>\n","protected":false},"excerpt":{"rendered":"<p>Die n\u00e4chste Sendung Nummer 381 von Radio DARC wird erstmals morgen, Sonntag um 11 Uhr auf Kurzwelle 6070 kHz von Moosbrunn mit 100 kW ausgesendet. Die Themen Es wird f\u00fcr die meisten Menschen auf dieser Welt immer schwieriger, an freie und unzensierte Information zu kommen. Nach Angaben der US-Denkfabrik &#8220;Freedom House&#8221; haben nur noch etwa &hellip; <a href=\"https:\/\/www.achimbrueckner.de\/dxradio\/php\/wordpress\/?p=36460\" class=\"more-link\">Continue reading <span class=\"screen-reader-text\">Radio DARC 6070 Khz 5. Juni 2022<\/span><\/a><\/p>\n","protected":false},"author":1,"featured_media":0,"comment_status":"closed","ping_status":"open","sticky":false,"template":"","format":"standard","meta":{"_jetpack_memberships_contains_paid_content":false,"footnotes":"","jetpack_publicize_message":"","jetpack_publicize_feature_enabled":true,"jetpack_social_post_already_shared":true,"jetpack_social_options":{"image_generator_settings":{"template":"highway","default_image_id":0,"font":"","enabled":false},"version":2}},"categories":[1],"tags":[],"class_list":["post-36460","post","type-post","status-publish","format-standard","hentry","category-deutsch"],"jetpack_publicize_connections":[],"jetpack_featured_media_url":"","jetpack_sharing_enabled":true,"jetpack_shortlink":"https:\/\/wp.me\/p5CDmr-9u4","jetpack-related-posts":[{"id":12354,"url":"https:\/\/www.achimbrueckner.de\/dxradio\/php\/wordpress\/?p=12354","url_meta":{"origin":36460,"position":0},"title":"100. Sendung Radio DARC","author":"Administrator","date":"March 2, 2017","format":false,"excerpt":"Liebe YLs und OMs, am kommenden Sonntag,den 05. M\u00e4rz 2017 ist es soweit, die 100. Sendung von RADIO DARC geht \u00fcber die Antennen. Urspr\u00fcnglich als eine Serie von Sondersendungen anl\u00e4sslich des 65. Gr\u00fcndungsjubil\u00e4ums des Deutschen Amateur Radio Clubs e,V, gedacht, haben sich unsere w\u00f6chentlichen DX-Magazine zu einer festen Gr\u00f6\u00dfe entwickelt.\u2026","rel":"","context":"In &quot;Deutsch&quot;","block_context":{"text":"Deutsch","link":"https:\/\/www.achimbrueckner.de\/dxradio\/php\/wordpress\/?cat=1"},"img":{"alt_text":"","src":"","width":0,"height":0},"classes":[]},{"id":41981,"url":"https:\/\/www.achimbrueckner.de\/dxradio\/php\/wordpress\/?p=41981","url_meta":{"origin":36460,"position":1},"title":"RADIO DARC sendet ab 2025 aus England","author":"Administrator","date":"November 26, 2024","format":false,"excerpt":"RADIO DARC sendet ab 2025 aus England Fast 10 Jahre lang hat RADIO DARC f\u00fcr seine Kurzwellen-Ausstrahlungen am Sonntag vormittag den ORS-Sender in Moosbrunn bei Wien genutzt. Am Jahresende soll nun damit Schluss sein, die Anlage wird stillgelegt. Alle Versuche einer Rettung schlugen fehl, der \u00d6sterreichische Rundfunk will das angeblich\u2026","rel":"","context":"In &quot;Deutsch&quot;","block_context":{"text":"Deutsch","link":"https:\/\/www.achimbrueckner.de\/dxradio\/php\/wordpress\/?cat=1"},"img":{"alt_text":"","src":"","width":0,"height":0},"classes":[]},{"id":12838,"url":"https:\/\/www.achimbrueckner.de\/dxradio\/php\/wordpress\/?p=12838","url_meta":{"origin":36460,"position":2},"title":"Kurzwellen-Sondersendungen von der 24. IARU-Region 1-Konferenz","author":"Administrator","date":"April 13, 2017","format":false,"excerpt":"RADIO DARC berichtet in Kurzwellen-Sondersendungen von der 24. IARU-Region 1-Konferenz aus Landshut Vom 16. bis 22. September 2017 findet in Landshut bei M\u00fcnchen die IARU-Region-1-Konferenz statt. Deutschland war 1958 das letzte Mal Gastgeber dieser Veranstaltung der Internationalen Amateur-Radio-Union. 130 Delegierte von vielen der 96 Mitgliedsverb\u00e4nden werden dort Fragen rund um\u2026","rel":"","context":"In &quot;Deutsch&quot;","block_context":{"text":"Deutsch","link":"https:\/\/www.achimbrueckner.de\/dxradio\/php\/wordpress\/?cat=1"},"img":{"alt_text":"","src":"","width":0,"height":0},"classes":[]},{"id":26710,"url":"https:\/\/www.achimbrueckner.de\/dxradio\/php\/wordpress\/?p=26710","url_meta":{"origin":36460,"position":3},"title":"Southgate Amateur Radio News: H\u00f6rfunksendung f\u00fcr Funkamateure","author":"Administrator","date":"January 19, 2020","format":false,"excerpt":"Wie der FUNKAMATEUR meldet, sendet das Informationsportal des Southgate Amateur Radio Club (SARC) nun einmal w\u00f6chentlich Amateurfunknachrichten in englischer Sprache \u00fcber die Kurzwellensender von Shortwave Radio. Ausgestrahlt wird das Programm immer sonntags ab 1000 UTC auf 3975 kHz im 75-m-Band und auf 6160 kHz im 49-m-Band (Wiederholungen folgen am gleichen\u2026","rel":"","context":"In &quot;Deutsch&quot;","block_context":{"text":"Deutsch","link":"https:\/\/www.achimbrueckner.de\/dxradio\/php\/wordpress\/?cat=1"},"img":{"alt_text":"","src":"","width":0,"height":0},"classes":[]},{"id":28048,"url":"https:\/\/www.achimbrueckner.de\/dxradio\/php\/wordpress\/?p=28048","url_meta":{"origin":36460,"position":4},"title":"RADIO DARC Sondersendung zu Ostern 2020","author":"Administrator","date":"April 8, 2020","format":false,"excerpt":"RADIO DARC Sondersendung zu Ostern In der diesj\u00e4hrigen Ostersendung von RADIO DARC am Sonntag, den 12. April um 11 Uhr MESZ wird live \u00fcber IRIDIUM Satelliten-Telefon zu Dr. J\u00f6rg Hofmann, DJ\u00d8HO, an Bord des Forschungsschiffes \u201ePolarstern\u201c geschaltet. J\u00f6rg ist Mitglied der MOSAIC-Expedition und befindet sich derzeit in der N\u00e4he des\u2026","rel":"","context":"In &quot;Deutsch&quot;","block_context":{"text":"Deutsch","link":"https:\/\/www.achimbrueckner.de\/dxradio\/php\/wordpress\/?cat=1"},"img":{"alt_text":"","src":"","width":0,"height":0},"classes":[]},{"id":20403,"url":"https:\/\/www.achimbrueckner.de\/dxradio\/php\/wordpress\/?p=20403","url_meta":{"origin":36460,"position":5},"title":"RADIO DARC sendet seine 200. Sendung","author":"Administrator","date":"December 14, 2018","format":false,"excerpt":"Radiostimme des DARC e.V. RADIO DARC sendet seine 200. Sendung \"Die Sendung am kommenden Sonntag den 16.12.18 ist unser Jubil\u00e4um, es ist genau das 200. Programm\" so Chefredakteur Rainer Englert DF2NU. Gestartet am 22. M\u00e4rz 2015 hat sich der Deutsche Amateur Radio Club e.V. mit einen regelm\u00e4\u00dfigen Kurzwellen- und Funktechnik-Magazinen\u2026","rel":"","context":"In &quot;Deutsch&quot;","block_context":{"text":"Deutsch","link":"https:\/\/www.achimbrueckner.de\/dxradio\/php\/wordpress\/?cat=1"},"img":{"alt_text":"","src":"","width":0,"height":0},"classes":[]}],"_links":{"self":[{"href":"https:\/\/www.achimbrueckner.de\/dxradio\/php\/wordpress\/index.php?rest_route=\/wp\/v2\/posts\/36460","targetHints":{"allow":["GET"]}}],"collection":[{"href":"https:\/\/www.achimbrueckner.de\/dxradio\/php\/wordpress\/index.php?rest_route=\/wp\/v2\/posts"}],"about":[{"href":"https:\/\/www.achimbrueckner.de\/dxradio\/php\/wordpress\/index.php?rest_route=\/wp\/v2\/types\/post"}],"author":[{"embeddable":true,"href":"https:\/\/www.achimbrueckner.de\/dxradio\/php\/wordpress\/index.php?rest_route=\/wp\/v2\/users\/1"}],"replies":[{"embeddable":true,"href":"https:\/\/www.achimbrueckner.de\/dxradio\/php\/wordpress\/index.php?rest_route=%2Fwp%2Fv2%2Fcomments&post=36460"}],"version-history":[{"count":0,"href":"https:\/\/www.achimbrueckner.de\/dxradio\/php\/wordpress\/index.php?rest_route=\/wp\/v2\/posts\/36460\/revisions"}],"wp:attachment":[{"href":"https:\/\/www.achimbrueckner.de\/dxradio\/php\/wordpress\/index.php?rest_route=%2Fwp%2Fv2%2Fmedia&parent=36460"}],"wp:term":[{"taxonomy":"category","embeddable":true,"href":"https:\/\/www.achimbrueckner.de\/dxradio\/php\/wordpress\/index.php?rest_route=%2Fwp%2Fv2%2Fcategories&post=36460"},{"taxonomy":"post_tag","embeddable":true,"href":"https:\/\/www.achimbrueckner.de\/dxradio\/php\/wordpress\/index.php?rest_route=%2Fwp%2Fv2%2Ftags&post=36460"}],"curies":[{"name":"wp","href":"https:\/\/api.w.org\/{rel}","templated":true}]}}