{"id":36491,"date":"2022-06-08T14:38:06","date_gmt":"2022-06-08T14:38:06","guid":{"rendered":"https:\/\/www.achimbrueckner.de\/dxradio\/php\/wordpress\/?p=36491"},"modified":"2022-06-08T14:38:06","modified_gmt":"2022-06-08T14:38:06","slug":"barba-radio-show-lauft-ab-samstag-auch-im-sudwesten","status":"publish","type":"post","link":"https:\/\/www.achimbrueckner.de\/dxradio\/php\/wordpress\/?p=36491","title":{"rendered":"Barba Radio Show l\u00e4uft ab Samstag auch im S\u00fcdwesten"},"content":{"rendered":"<p><a href=\"https:\/\/www.radiowoche.de\/barba-radio-show-laeuft-ab-samstag-auch-im-suedwesten\/\" rel=\"noopener\" target=\"_blank\">https:\/\/www.radiowoche.de\/barba-radio-show-laeuft-ab-samstag-auch-im-suedwesten\/<\/a><\/p>\n","protected":false},"excerpt":{"rendered":"<p>https:\/\/www.radiowoche.de\/barba-radio-show-laeuft-ab-samstag-auch-im-suedwesten\/<\/p>\n","protected":false},"author":1,"featured_media":0,"comment_status":"closed","ping_status":"open","sticky":false,"template":"","format":"standard","meta":{"_jetpack_memberships_contains_paid_content":false,"footnotes":"","jetpack_publicize_message":"","jetpack_publicize_feature_enabled":true,"jetpack_social_post_already_shared":true,"jetpack_social_options":{"image_generator_settings":{"template":"highway","default_image_id":0,"font":"","enabled":false},"version":2}},"categories":[1],"tags":[],"class_list":["post-36491","post","type-post","status-publish","format-standard","hentry","category-deutsch"],"jetpack_publicize_connections":[],"jetpack_featured_media_url":"","jetpack_sharing_enabled":true,"jetpack_shortlink":"https:\/\/wp.me\/p5CDmr-9uz","jetpack-related-posts":[{"id":22655,"url":"https:\/\/www.achimbrueckner.de\/dxradio\/php\/wordpress\/?p=22655","url_meta":{"origin":36491,"position":0},"title":"Barbara Sch\u00f6neberger jetzt auch auf UKW: barba radio Show bei drei Sendern gestartet","author":"Administrator","date":"April 10, 2019","format":false,"excerpt":"http:\/\/www.radiowoche.de\/barbara-schoeneberger-jetzt-auch-auf-ukw-barba-radio-show-bei-drei-sendern-gestartet\/","rel":"","context":"In &quot;Deutsch&quot;","block_context":{"text":"Deutsch","link":"https:\/\/www.achimbrueckner.de\/dxradio\/php\/wordpress\/?cat=1"},"img":{"alt_text":"","src":"","width":0,"height":0},"classes":[]},{"id":9054,"url":"https:\/\/www.achimbrueckner.de\/dxradio\/php\/wordpress\/?p=9054","url_meta":{"origin":36491,"position":1},"title":"Telstar Radio","author":"Administrator","date":"August 6, 2016","format":false,"excerpt":"Liebe Radiofreunde, im August 1986 habe ich erstmals mit einem UKW-Sender-Bausatz von Kemo experimentiert. Wenige Wochen sp\u00e4ter ging mit Radio Obertshausen International mein erstes Radioprojekt auf Sendung. Wer halbwegs gut im Kopfrechnen ist wird feststellen: Ich feiere in diesem Jahr mein 30-j\u00e4hriges Radiojubil\u00e4um. Wie es der Zufall will, findet im\u2026","rel":"","context":"In &quot;Deutsch&quot;","block_context":{"text":"Deutsch","link":"https:\/\/www.achimbrueckner.de\/dxradio\/php\/wordpress\/?cat=1"},"img":{"alt_text":"","src":"","width":0,"height":0},"classes":[]},{"id":41473,"url":"https:\/\/www.achimbrueckner.de\/dxradio\/php\/wordpress\/?p=41473","url_meta":{"origin":36491,"position":2},"title":"Direktausstrahlungen des deutschsprachigen Programms im Juli\/August 2024 von der Sendeanlage Tamsui in Taiwan","author":"Administrator","date":"July 13, 2024","format":false,"excerpt":"Direktausstrahlungen des deutschsprachigen Programms im Juli\/August 2024 von der Sendeanlage Tamsui in Taiwan Zur Erinnerung: Radio Taiwan International (RTI) sendet auch in diesem Jahr wieder an mehreren Tagen deutschsprachige Programme direkt von der Sendeanlage Tamsui in Taiwan, so auch heute Abend. Sendetermine und Frequenzen: Alle Sendezeiten sind in UTC angegeben\u2026","rel":"","context":"In &quot;Deutsch&quot;","block_context":{"text":"Deutsch","link":"https:\/\/www.achimbrueckner.de\/dxradio\/php\/wordpress\/?cat=1"},"img":{"alt_text":"","src":"","width":0,"height":0},"classes":[]},{"id":18663,"url":"https:\/\/www.achimbrueckner.de\/dxradio\/php\/wordpress\/?p=18663","url_meta":{"origin":36491,"position":3},"title":"FMK Sendungen Jukebox","author":"Administrator","date":"August 1, 2018","format":false,"excerpt":"Hallo liebe Radiofreunde, diese Woche h\u00f6rt ihr, mit einer Ausnahme, wieder das regul\u00e4re Programm von FMK Radio via laut.fm\/jukebox. Durch die Wiederholung der Sendung von FRSH am Dienstag entf\u00e4llt Peters Musicmachine. Diesen Programmblock h\u00f6rt ihr bereits diesen Freitag ab 20:00 Uhr. Am Samstag h\u00f6rt ihr innerhalb der Sendung f\u00fcr DXer\u2026","rel":"","context":"In &quot;Deutsch&quot;","block_context":{"text":"Deutsch","link":"https:\/\/www.achimbrueckner.de\/dxradio\/php\/wordpress\/?cat=1"},"img":{"alt_text":"","src":"","width":0,"height":0},"classes":[]},{"id":20434,"url":"https:\/\/www.achimbrueckner.de\/dxradio\/php\/wordpress\/?p=20434","url_meta":{"origin":36491,"position":4},"title":"ROCK ANTENNE rockt Hessen ab 2019 auch auf UKW im Radio","author":"Administrator","date":"December 17, 2018","format":false,"excerpt":"http:\/\/www.radiowoche.de\/rock-antenne-rockt-hessen-ab-2019-auch-auf-ukw-im-radio\/","rel":"","context":"In &quot;Deutsch&quot;","block_context":{"text":"Deutsch","link":"https:\/\/www.achimbrueckner.de\/dxradio\/php\/wordpress\/?cat=1"},"img":{"alt_text":"","src":"","width":0,"height":0},"classes":[]},{"id":40963,"url":"https:\/\/www.achimbrueckner.de\/dxradio\/php\/wordpress\/?p=40963","url_meta":{"origin":36491,"position":5},"title":"Zur\u00fcck im Radio: Franzi M\u00fchlhause mit neuer Samstag-Morningshow auf 89.0 RTL","author":"Administrator","date":"February 20, 2024","format":false,"excerpt":"https:\/\/www.radiowoche.de\/zurueck-im-radio-franzi-muehlhause-mit-neuer-samstag-morningshow-auf-89-0-rtl\/","rel":"","context":"In &quot;Deutsch&quot;","block_context":{"text":"Deutsch","link":"https:\/\/www.achimbrueckner.de\/dxradio\/php\/wordpress\/?cat=1"},"img":{"alt_text":"","src":"","width":0,"height":0},"classes":[]}],"_links":{"self":[{"href":"https:\/\/www.achimbrueckner.de\/dxradio\/php\/wordpress\/index.php?rest_route=\/wp\/v2\/posts\/36491","targetHints":{"allow":["GET"]}}],"collection":[{"href":"https:\/\/www.achimbrueckner.de\/dxradio\/php\/wordpress\/index.php?rest_route=\/wp\/v2\/posts"}],"about":[{"href":"https:\/\/www.achimbrueckner.de\/dxradio\/php\/wordpress\/index.php?rest_route=\/wp\/v2\/types\/post"}],"author":[{"embeddable":true,"href":"https:\/\/www.achimbrueckner.de\/dxradio\/php\/wordpress\/index.php?rest_route=\/wp\/v2\/users\/1"}],"replies":[{"embeddable":true,"href":"https:\/\/www.achimbrueckner.de\/dxradio\/php\/wordpress\/index.php?rest_route=%2Fwp%2Fv2%2Fcomments&post=36491"}],"version-history":[{"count":0,"href":"https:\/\/www.achimbrueckner.de\/dxradio\/php\/wordpress\/index.php?rest_route=\/wp\/v2\/posts\/36491\/revisions"}],"wp:attachment":[{"href":"https:\/\/www.achimbrueckner.de\/dxradio\/php\/wordpress\/index.php?rest_route=%2Fwp%2Fv2%2Fmedia&parent=36491"}],"wp:term":[{"taxonomy":"category","embeddable":true,"href":"https:\/\/www.achimbrueckner.de\/dxradio\/php\/wordpress\/index.php?rest_route=%2Fwp%2Fv2%2Fcategories&post=36491"},{"taxonomy":"post_tag","embeddable":true,"href":"https:\/\/www.achimbrueckner.de\/dxradio\/php\/wordpress\/index.php?rest_route=%2Fwp%2Fv2%2Ftags&post=36491"}],"curies":[{"name":"wp","href":"https:\/\/api.w.org\/{rel}","templated":true}]}}