{"id":36492,"date":"2022-06-08T14:41:43","date_gmt":"2022-06-08T14:41:43","guid":{"rendered":"https:\/\/www.achimbrueckner.de\/dxradio\/php\/wordpress\/?p=36492"},"modified":"2022-06-08T14:41:43","modified_gmt":"2022-06-08T14:41:43","slug":"sendungen-der-offentlich-rechtlichen-frei-verfugbar","status":"publish","type":"post","link":"https:\/\/www.achimbrueckner.de\/dxradio\/php\/wordpress\/?p=36492","title":{"rendered":"Sendungen der \u00d6ffentlich-Rechtlichen frei verf\u00fcgbar?"},"content":{"rendered":"<p><a href=\"https:\/\/www.teltarif.de\/sendungen-der-oeffentlich-rechtlichen-frei-verfuegbar-plaene-huerden\/news\/88369.html\" rel=\"noopener\" target=\"_blank\">https:\/\/www.teltarif.de\/sendungen-der-oeffentlich-rechtlichen-frei-verfuegbar-plaene-huerden\/news\/88369.html<\/a><\/p>\n","protected":false},"excerpt":{"rendered":"<p>https:\/\/www.teltarif.de\/sendungen-der-oeffentlich-rechtlichen-frei-verfuegbar-plaene-huerden\/news\/88369.html<\/p>\n","protected":false},"author":1,"featured_media":0,"comment_status":"closed","ping_status":"open","sticky":false,"template":"","format":"standard","meta":{"_jetpack_memberships_contains_paid_content":false,"footnotes":"","jetpack_publicize_message":"","jetpack_publicize_feature_enabled":true,"jetpack_social_post_already_shared":true,"jetpack_social_options":{"image_generator_settings":{"template":"highway","default_image_id":0,"font":"","enabled":false},"version":2}},"categories":[1],"tags":[],"class_list":["post-36492","post","type-post","status-publish","format-standard","hentry","category-deutsch"],"jetpack_publicize_connections":[],"jetpack_featured_media_url":"","jetpack_sharing_enabled":true,"jetpack_shortlink":"https:\/\/wp.me\/p5CDmr-9uA","jetpack-related-posts":[{"id":11974,"url":"https:\/\/www.achimbrueckner.de\/dxradio\/php\/wordpress\/?p=11974","url_meta":{"origin":36492,"position":0},"title":"Ernst Hardt &#8211; Ein Pionier des \u00f6ffentlich-rechtlichen Rundfunks","author":"Administrator","date":"February 3, 2017","format":false,"excerpt":"http:\/\/www1.wdr.de\/radio\/wdr3\/programm\/sendungen\/wdr3-forum\/forum-ernst-hardt-100.html","rel":"","context":"In &quot;Deutsch&quot;","block_context":{"text":"Deutsch","link":"https:\/\/www.achimbrueckner.de\/dxradio\/php\/wordpress\/?cat=1"},"img":{"alt_text":"","src":"","width":0,"height":0},"classes":[]},{"id":2164,"url":"https:\/\/www.achimbrueckner.de\/dxradio\/php\/wordpress\/?p=2164","url_meta":{"origin":36492,"position":1},"title":"DRadio Programmheft Vormerk-Tipp &#038; Tag der offenen T\u00fcr","author":"Administrator","date":"February 28, 2012","format":false,"excerpt":"Aus dem soeben eingetroffenen DRadio-Programmheft, schon mal folgende Termine vormerken: * 24.03.2012: Tag der offenen T\u00fcr beim Deutschlandfunk in K\u00f6ln, zwischen 11:00 und 18:00 MEZ, Eintritt frei, Kantine offen. (au\u00dferdem an diesem Tag um 11:05 im DRadio Kultur: Gesichter Europas, Baskenland \/ ETA) * 27.03.2012: Hate Radio Ruanda (Radio-T\u00c3\u00a9l\u00c3\u00a9vision Libre\u2026","rel":"","context":"In &quot;Deutsch&quot;","block_context":{"text":"Deutsch","link":"https:\/\/www.achimbrueckner.de\/dxradio\/php\/wordpress\/?cat=1"},"img":{"alt_text":"","src":"","width":0,"height":0},"classes":[]},{"id":38686,"url":"https:\/\/www.achimbrueckner.de\/dxradio\/php\/wordpress\/?p=38686","url_meta":{"origin":36492,"position":2},"title":"VAUNET begr\u00fc\u00dft Ergebnisse der Klausur der L\u00e4nder zum \u00f6ffentlich-rechtlichen Rundfunks","author":"Administrator","date":"January 25, 2023","format":false,"excerpt":"https:\/\/www.infosat.de\/entertainment\/vaunet-begr-t-ergebnisse-der-klausur-der-l-nder-zum-ffentlich-rechtlichen-rundfunks","rel":"","context":"In &quot;Deutsch&quot;","block_context":{"text":"Deutsch","link":"https:\/\/www.achimbrueckner.de\/dxradio\/php\/wordpress\/?cat=1"},"img":{"alt_text":"","src":"","width":0,"height":0},"classes":[]},{"id":23439,"url":"https:\/\/www.achimbrueckner.de\/dxradio\/php\/wordpress\/?p=23439","url_meta":{"origin":36492,"position":3},"title":"Medienwandel Was Diversit\u00e4t mit der Zukunft der \u00d6ffentlich-Rechtlichen zu tun hat","author":"Administrator","date":"June 15, 2019","format":false,"excerpt":"https:\/\/www.deutschlandfunknova.de\/beitrag\/zukunft-der-oeffentlich-rechtlichen-sender-was-die-diversitaet-damit-zu-tun-hat","rel":"","context":"In &quot;Deutsch&quot;","block_context":{"text":"Deutsch","link":"https:\/\/www.achimbrueckner.de\/dxradio\/php\/wordpress\/?cat=1"},"img":{"alt_text":"","src":"","width":0,"height":0},"classes":[]},{"id":18395,"url":"https:\/\/www.achimbrueckner.de\/dxradio\/php\/wordpress\/?p=18395","url_meta":{"origin":36492,"position":4},"title":"Digitale Zukunft der \u00f6ffentlich-rechtlichen Sendeanstalten","author":"Administrator","date":"June 28, 2018","format":false,"excerpt":"https:\/\/www.deutschlandradio.de\/gastbeitrag-digitale-zukunft-der-oeffentlich-rechtlichen.3564.de.html?dram:article_id=421299","rel":"","context":"In &quot;Deutsch&quot;","block_context":{"text":"Deutsch","link":"https:\/\/www.achimbrueckner.de\/dxradio\/php\/wordpress\/?cat=1"},"img":{"alt_text":"","src":"","width":0,"height":0},"classes":[]},{"id":27847,"url":"https:\/\/www.achimbrueckner.de\/dxradio\/php\/wordpress\/?p=27847","url_meta":{"origin":36492,"position":5},"title":"MEDIENWISSENSCHAFTLER: CORONAKRISE UNTERSTREICHT BEDEUTUNG DER \u00d6FFENTLICH-RECHTLICHEN","author":"Administrator","date":"March 30, 2020","format":false,"excerpt":"https:\/\/www.radio.cz\/de\/rubrik\/nachrichten\/medienwissenschaftler-coronakrise-unterstreicht-bedeutung-der-oeffentlich-rechtlichen","rel":"","context":"In &quot;Deutsch&quot;","block_context":{"text":"Deutsch","link":"https:\/\/www.achimbrueckner.de\/dxradio\/php\/wordpress\/?cat=1"},"img":{"alt_text":"","src":"","width":0,"height":0},"classes":[]}],"_links":{"self":[{"href":"https:\/\/www.achimbrueckner.de\/dxradio\/php\/wordpress\/index.php?rest_route=\/wp\/v2\/posts\/36492","targetHints":{"allow":["GET"]}}],"collection":[{"href":"https:\/\/www.achimbrueckner.de\/dxradio\/php\/wordpress\/index.php?rest_route=\/wp\/v2\/posts"}],"about":[{"href":"https:\/\/www.achimbrueckner.de\/dxradio\/php\/wordpress\/index.php?rest_route=\/wp\/v2\/types\/post"}],"author":[{"embeddable":true,"href":"https:\/\/www.achimbrueckner.de\/dxradio\/php\/wordpress\/index.php?rest_route=\/wp\/v2\/users\/1"}],"replies":[{"embeddable":true,"href":"https:\/\/www.achimbrueckner.de\/dxradio\/php\/wordpress\/index.php?rest_route=%2Fwp%2Fv2%2Fcomments&post=36492"}],"version-history":[{"count":0,"href":"https:\/\/www.achimbrueckner.de\/dxradio\/php\/wordpress\/index.php?rest_route=\/wp\/v2\/posts\/36492\/revisions"}],"wp:attachment":[{"href":"https:\/\/www.achimbrueckner.de\/dxradio\/php\/wordpress\/index.php?rest_route=%2Fwp%2Fv2%2Fmedia&parent=36492"}],"wp:term":[{"taxonomy":"category","embeddable":true,"href":"https:\/\/www.achimbrueckner.de\/dxradio\/php\/wordpress\/index.php?rest_route=%2Fwp%2Fv2%2Fcategories&post=36492"},{"taxonomy":"post_tag","embeddable":true,"href":"https:\/\/www.achimbrueckner.de\/dxradio\/php\/wordpress\/index.php?rest_route=%2Fwp%2Fv2%2Ftags&post=36492"}],"curies":[{"name":"wp","href":"https:\/\/api.w.org\/{rel}","templated":true}]}}