{"id":36559,"date":"2022-06-14T13:34:23","date_gmt":"2022-06-14T13:34:23","guid":{"rendered":"https:\/\/www.achimbrueckner.de\/dxradio\/php\/wordpress\/?p=36559"},"modified":"2022-06-14T13:34:23","modified_gmt":"2022-06-14T13:34:23","slug":"sondersendung-der-bbc-zur-wintersonnenwende-antarktis","status":"publish","type":"post","link":"https:\/\/www.achimbrueckner.de\/dxradio\/php\/wordpress\/?p=36559","title":{"rendered":"Sondersendung der BBC zur Wintersonnenwende Antarktis"},"content":{"rendered":"<p>Die j\u00e4hrliche Sondersendung der BBC zur Wintersonnenwende f\u00fcr das Service Personal des British Antarctic Survey wird am 21. Juni von 21:30 bis 22:00 Uhr UTC ausgestrahlt.<br \/>\nDaf\u00fcr wird es bereits am heutigen 14. Juni ein 15 min\u00fctiges Testprogramm von 21:30 bis 21:45 Uhr UTC geben. Sendefrequenzen sind 7305 kHz (Ascension Island), 6035 kHz (Dhabbaya, UAE) und 9505 sowie 12065 kHz (Woofferton, UK). (Quelle: British DX Club)<\/p>\n<p>Info via Facebook<\/p>\n","protected":false},"excerpt":{"rendered":"<p>Die j\u00e4hrliche Sondersendung der BBC zur Wintersonnenwende f\u00fcr das Service Personal des British Antarctic Survey wird am 21. Juni von 21:30 bis 22:00 Uhr UTC ausgestrahlt. Daf\u00fcr wird es bereits am heutigen 14. Juni ein 15 min\u00fctiges Testprogramm von 21:30 bis 21:45 Uhr UTC geben. Sendefrequenzen sind 7305 kHz (Ascension Island), 6035 kHz (Dhabbaya, UAE) &hellip; <a href=\"https:\/\/www.achimbrueckner.de\/dxradio\/php\/wordpress\/?p=36559\" class=\"more-link\">Continue reading <span class=\"screen-reader-text\">Sondersendung der BBC zur Wintersonnenwende Antarktis<\/span><\/a><\/p>\n","protected":false},"author":1,"featured_media":0,"comment_status":"closed","ping_status":"open","sticky":false,"template":"","format":"standard","meta":{"_jetpack_memberships_contains_paid_content":false,"footnotes":"","jetpack_publicize_message":"","jetpack_publicize_feature_enabled":true,"jetpack_social_post_already_shared":true,"jetpack_social_options":{"image_generator_settings":{"template":"highway","default_image_id":0,"font":"","enabled":false},"version":2}},"categories":[1],"tags":[],"class_list":["post-36559","post","type-post","status-publish","format-standard","hentry","category-deutsch"],"jetpack_publicize_connections":[],"jetpack_featured_media_url":"","jetpack_sharing_enabled":true,"jetpack_shortlink":"https:\/\/wp.me\/p5CDmr-9vF","jetpack-related-posts":[{"id":25377,"url":"https:\/\/www.achimbrueckner.de\/dxradio\/php\/wordpress\/?p=25377","url_meta":{"origin":36559,"position":0},"title":"40 Jahre LRA36 Radio Nacional Arc\u00e1ngel San Gabriel Sondersendung","author":"Administrator","date":"October 18, 2019","format":false,"excerpt":"Am Sonntag den 20. Oktober feiert LRA36 Radio Nacional Arc\u00e1ngel San Gabriel, die Station, die von der argentinischen Antarktis aus sendet, ihr 40- j\u00e4hriges Jubil\u00e4um. Aus diesem Anla\u00df hat RAE - Argentinien in die Welt eine Sondersendung in verschiedenen Sprachen vorbereitet. An diesem Sonntag ab 12:00 Uhr UTC moderieren die\u2026","rel":"","context":"In &quot;Deutsch&quot;","block_context":{"text":"Deutsch","link":"https:\/\/www.achimbrueckner.de\/dxradio\/php\/wordpress\/?cat=1"},"img":{"alt_text":"","src":"","width":0,"height":0},"classes":[]},{"id":24882,"url":"https:\/\/www.achimbrueckner.de\/dxradio\/php\/wordpress\/?p=24882","url_meta":{"origin":36559,"position":1},"title":"LRA36 Radio Nacional San Gabriel 21 September 2019","author":"Administrator","date":"September 21, 2019","format":false,"excerpt":"Liebe Freunde, am heutigen Samstag, den 21. September 2019 wird vom argentinischen Antarktisst\u00fctzpunkt \"Base Esperanza\" aus eine Sondersendung von LRA36 Radio Nacional San Gabriel ausgestrahlt, und zwar von 13.00 bis 14.15 Uhr UTC auf 15476 kHz im 19 m Band. Empfangsberichte sind an lra36@hotmail.com zu senden. Die richtigen Empfangsberichte werden\u2026","rel":"","context":"In &quot;Deutsch&quot;","block_context":{"text":"Deutsch","link":"https:\/\/www.achimbrueckner.de\/dxradio\/php\/wordpress\/?cat=1"},"img":{"alt_text":"","src":"","width":0,"height":0},"classes":[]},{"id":30417,"url":"https:\/\/www.achimbrueckner.de\/dxradio\/php\/wordpress\/?p=30417","url_meta":{"origin":36559,"position":2},"title":"RAE Deutsch Sondersendung! 18. Oktober 2020","author":"Administrator","date":"October 14, 2020","format":false,"excerpt":"Liebe Freunde! Anl\u00e4sslich des 100. Jubil\u00e4ums des Rundfunks in Argentinien haben wir ein tolles Geschenk von unseren Freunden von Shortwaveservice erhalten, n\u00e4mlich die Ausstrahlung einer einst\u00fcndigen Sondersendung von RAE auf Deutsch. Wann? Am Sonntag, 18. Oktober 2020 von 17:00-18.00 Uhr UTC (19.00-20:00 Uhr MESZ) Wo? Auf 7500 kHz Empfangsberichte sind\u2026","rel":"","context":"In &quot;Deutsch&quot;","block_context":{"text":"Deutsch","link":"https:\/\/www.achimbrueckner.de\/dxradio\/php\/wordpress\/?cat=1"},"img":{"alt_text":"","src":"","width":0,"height":0},"classes":[]},{"id":753,"url":"https:\/\/www.achimbrueckner.de\/dxradio\/php\/wordpress\/?p=753","url_meta":{"origin":36559,"position":3},"title":"Sondersendung 100 Jahre Nobelpreis f\u00fcr Prof. Braun und Marconi","author":"Administrator","date":"December 9, 2009","format":false,"excerpt":"Sondersendung 100 Jahre Nobelpreis f\u00fcr Prof. Braun und Marconi Termin: 9. Dezember 2009, 2300 UTC bis 10. Dezember 2009, 0100 UTC Sendefrequenzen : DDH47 147,3 kHz und DL0PFB : ( 3565, 7025, 14052 kHz +\/- qrm), Empfangsfrequenz: DL0PFB nur Kurzwelle, wie oben angegeben QRS3 : Jeweils st\u00fcndlich +15 bis +18,\u2026","rel":"","context":"In &quot;Deutsch&quot;","block_context":{"text":"Deutsch","link":"https:\/\/www.achimbrueckner.de\/dxradio\/php\/wordpress\/?cat=1"},"img":{"alt_text":"","src":"","width":0,"height":0},"classes":[]},{"id":38419,"url":"https:\/\/www.achimbrueckner.de\/dxradio\/php\/wordpress\/?p=38419","url_meta":{"origin":36559,"position":4},"title":"Radio Dechovka &#8211; Sondersendung 31 Dezember 2022 19 Uhr UT auf 792 kHz","author":"Administrator","date":"December 31, 2022","format":false,"excerpt":"Oldschool Tesla SRV1TR Sender - Wiederbelebt und gestimmt auf Radio Dechovka 792kHz. Heute von 20 bis 21 Uhr (Lokalzeit) wird die Neujahrssendung von Radio Dechovka dar\u00fcber gesendet. Alle Radioamateure, die Berichte an die Radio-E-Mail-Adresse prani@radiodechovka.cz senden, erhalten eine besondere QSL-Karte f\u00fcr diese Sendung. Der Sender hat nat\u00fcrlich eine deutlich niedrigere\u2026","rel":"","context":"In &quot;Deutsch&quot;","block_context":{"text":"Deutsch","link":"https:\/\/www.achimbrueckner.de\/dxradio\/php\/wordpress\/?cat=1"},"img":{"alt_text":"","src":"","width":0,"height":0},"classes":[]},{"id":34200,"url":"https:\/\/www.achimbrueckner.de\/dxradio\/php\/wordpress\/?p=34200","url_meta":{"origin":36559,"position":5},"title":"FMK Weihnachten 2021","author":"Administrator","date":"December 18, 2021","format":false,"excerpt":"Hallo liebe Radiofreunde, es wird dieses Jahr keinen DX-Marathon geben an dem sich FM Kompakt bzw. Radio Klein Paris beteiligen. Trotzdem habe ich mir etwas, einen kleinen Kontest, \u00fcberlegt. FM Kompakt hat in den Programmen von Partnerstationen jeweils einen Gru\u00df platziert und auch Musikw\u00fcnsche ge\u00e4u\u00dfert. Schaltet bitte folgende Programme ein\u2026","rel":"","context":"In &quot;Deutsch&quot;","block_context":{"text":"Deutsch","link":"https:\/\/www.achimbrueckner.de\/dxradio\/php\/wordpress\/?cat=1"},"img":{"alt_text":"","src":"","width":0,"height":0},"classes":[]}],"_links":{"self":[{"href":"https:\/\/www.achimbrueckner.de\/dxradio\/php\/wordpress\/index.php?rest_route=\/wp\/v2\/posts\/36559","targetHints":{"allow":["GET"]}}],"collection":[{"href":"https:\/\/www.achimbrueckner.de\/dxradio\/php\/wordpress\/index.php?rest_route=\/wp\/v2\/posts"}],"about":[{"href":"https:\/\/www.achimbrueckner.de\/dxradio\/php\/wordpress\/index.php?rest_route=\/wp\/v2\/types\/post"}],"author":[{"embeddable":true,"href":"https:\/\/www.achimbrueckner.de\/dxradio\/php\/wordpress\/index.php?rest_route=\/wp\/v2\/users\/1"}],"replies":[{"embeddable":true,"href":"https:\/\/www.achimbrueckner.de\/dxradio\/php\/wordpress\/index.php?rest_route=%2Fwp%2Fv2%2Fcomments&post=36559"}],"version-history":[{"count":0,"href":"https:\/\/www.achimbrueckner.de\/dxradio\/php\/wordpress\/index.php?rest_route=\/wp\/v2\/posts\/36559\/revisions"}],"wp:attachment":[{"href":"https:\/\/www.achimbrueckner.de\/dxradio\/php\/wordpress\/index.php?rest_route=%2Fwp%2Fv2%2Fmedia&parent=36559"}],"wp:term":[{"taxonomy":"category","embeddable":true,"href":"https:\/\/www.achimbrueckner.de\/dxradio\/php\/wordpress\/index.php?rest_route=%2Fwp%2Fv2%2Fcategories&post=36559"},{"taxonomy":"post_tag","embeddable":true,"href":"https:\/\/www.achimbrueckner.de\/dxradio\/php\/wordpress\/index.php?rest_route=%2Fwp%2Fv2%2Ftags&post=36559"}],"curies":[{"name":"wp","href":"https:\/\/api.w.org\/{rel}","templated":true}]}}