{"id":36564,"date":"2022-06-14T16:43:24","date_gmt":"2022-06-14T16:43:24","guid":{"rendered":"https:\/\/www.achimbrueckner.de\/dxradio\/php\/wordpress\/?p=36564"},"modified":"2022-06-14T16:43:24","modified_gmt":"2022-06-14T16:43:24","slug":"benny-schnier-2","status":"publish","type":"post","link":"https:\/\/www.achimbrueckner.de\/dxradio\/php\/wordpress\/?p=36564","title":{"rendered":"Benny Schnier"},"content":{"rendered":"<p><a href=\"https:\/\/www.fmkompakt.de\/index.php\/benny-schnier\" rel=\"noopener\" target=\"_blank\">https:\/\/www.fmkompakt.de\/index.php\/benny-schnier<\/a><\/p>\n","protected":false},"excerpt":{"rendered":"<p>https:\/\/www.fmkompakt.de\/index.php\/benny-schnier<\/p>\n","protected":false},"author":1,"featured_media":0,"comment_status":"closed","ping_status":"open","sticky":false,"template":"","format":"standard","meta":{"_jetpack_memberships_contains_paid_content":false,"footnotes":"","jetpack_publicize_message":"","jetpack_publicize_feature_enabled":true,"jetpack_social_post_already_shared":true,"jetpack_social_options":{"image_generator_settings":{"template":"highway","default_image_id":0,"font":"","enabled":false},"version":2}},"categories":[1],"tags":[],"class_list":["post-36564","post","type-post","status-publish","format-standard","hentry","category-deutsch"],"jetpack_publicize_connections":[],"jetpack_featured_media_url":"","jetpack_sharing_enabled":true,"jetpack_shortlink":"https:\/\/wp.me\/p5CDmr-9vK","jetpack-related-posts":[{"id":27555,"url":"https:\/\/www.achimbrueckner.de\/dxradio\/php\/wordpress\/?p=27555","url_meta":{"origin":36564,"position":0},"title":"Benny Schnier","author":"Administrator","date":"March 14, 2020","format":false,"excerpt":"https:\/\/www.digiandi.de\/zeitzeugen\/benny-schnier\/","rel":"","context":"In &quot;Deutsch&quot;","block_context":{"text":"Deutsch","link":"https:\/\/www.achimbrueckner.de\/dxradio\/php\/wordpress\/?cat=1"},"img":{"alt_text":"","src":"","width":0,"height":0},"classes":[]},{"id":38790,"url":"https:\/\/www.achimbrueckner.de\/dxradio\/php\/wordpress\/?p=38790","url_meta":{"origin":36564,"position":1},"title":"Radiolegende Benny Schnier wieder zur\u00fcck im Radio","author":"Administrator","date":"February 8, 2023","format":false,"excerpt":"https:\/\/www.radioszene.de\/171247\/benny-schnier-schwarzwaldradio.html","rel":"","context":"In &quot;Deutsch&quot;","block_context":{"text":"Deutsch","link":"https:\/\/www.achimbrueckner.de\/dxradio\/php\/wordpress\/?cat=1"},"img":{"alt_text":"","src":"","width":0,"height":0},"classes":[]},{"id":37170,"url":"https:\/\/www.achimbrueckner.de\/dxradio\/php\/wordpress\/?p=37170","url_meta":{"origin":36564,"position":2},"title":"\u201eAmigo Charly Brown\u201c Benny Schnier moderiert bei Radio Schlagerparadies","author":"Administrator","date":"August 2, 2022","format":false,"excerpt":"https:\/\/www.radioszene.de\/166055\/benny-schnier-schlagerparadies.html","rel":"","context":"In &quot;Deutsch&quot;","block_context":{"text":"Deutsch","link":"https:\/\/www.achimbrueckner.de\/dxradio\/php\/wordpress\/?cat=1"},"img":{"alt_text":"","src":"","width":0,"height":0},"classes":[]},{"id":36607,"url":"https:\/\/www.achimbrueckner.de\/dxradio\/php\/wordpress\/?p=36607","url_meta":{"origin":36564,"position":3},"title":"Benny Schnier: \u201eF\u00fcr mich muss Radio emotional sein\u201c","author":"Administrator","date":"June 17, 2022","format":false,"excerpt":"https:\/\/www.radioszene.de\/164476\/benny-schnier-fmk-interview-2022.html","rel":"","context":"In &quot;Deutsch&quot;","block_context":{"text":"Deutsch","link":"https:\/\/www.achimbrueckner.de\/dxradio\/php\/wordpress\/?cat=1"},"img":{"alt_text":"","src":"","width":0,"height":0},"classes":[]},{"id":38844,"url":"https:\/\/www.achimbrueckner.de\/dxradio\/php\/wordpress\/?p=38844","url_meta":{"origin":36564,"position":4},"title":"Benny Schnier ab kommender Woche bei Schwarzwaldradio","author":"Administrator","date":"February 15, 2023","format":false,"excerpt":"https:\/\/www.radioblog.eu\/2023\/02\/14\/benny-schnier-ab-kommender-woche-bei-schwarzwaldradio\/","rel":"","context":"In &quot;Deutsch&quot;","block_context":{"text":"Deutsch","link":"https:\/\/www.achimbrueckner.de\/dxradio\/php\/wordpress\/?cat=1"},"img":{"alt_text":"","src":"","width":0,"height":0},"classes":[]},{"id":42712,"url":"https:\/\/www.achimbrueckner.de\/dxradio\/php\/wordpress\/?p=42712","url_meta":{"origin":36564,"position":5},"title":"Benny Schnier: \u201eGr\u00f6\u00dfte Herausforderung f\u00fcr die Radio- und Musikbranche ist der Umgang mit KI\u201c","author":"Administrator","date":"April 30, 2025","format":false,"excerpt":"https:\/\/www.radioszene.de\/202272\/benny-schnier-interview-2025.html","rel":"","context":"In &quot;Deutsch&quot;","block_context":{"text":"Deutsch","link":"https:\/\/www.achimbrueckner.de\/dxradio\/php\/wordpress\/?cat=1"},"img":{"alt_text":"","src":"","width":0,"height":0},"classes":[]}],"_links":{"self":[{"href":"https:\/\/www.achimbrueckner.de\/dxradio\/php\/wordpress\/index.php?rest_route=\/wp\/v2\/posts\/36564","targetHints":{"allow":["GET"]}}],"collection":[{"href":"https:\/\/www.achimbrueckner.de\/dxradio\/php\/wordpress\/index.php?rest_route=\/wp\/v2\/posts"}],"about":[{"href":"https:\/\/www.achimbrueckner.de\/dxradio\/php\/wordpress\/index.php?rest_route=\/wp\/v2\/types\/post"}],"author":[{"embeddable":true,"href":"https:\/\/www.achimbrueckner.de\/dxradio\/php\/wordpress\/index.php?rest_route=\/wp\/v2\/users\/1"}],"replies":[{"embeddable":true,"href":"https:\/\/www.achimbrueckner.de\/dxradio\/php\/wordpress\/index.php?rest_route=%2Fwp%2Fv2%2Fcomments&post=36564"}],"version-history":[{"count":0,"href":"https:\/\/www.achimbrueckner.de\/dxradio\/php\/wordpress\/index.php?rest_route=\/wp\/v2\/posts\/36564\/revisions"}],"wp:attachment":[{"href":"https:\/\/www.achimbrueckner.de\/dxradio\/php\/wordpress\/index.php?rest_route=%2Fwp%2Fv2%2Fmedia&parent=36564"}],"wp:term":[{"taxonomy":"category","embeddable":true,"href":"https:\/\/www.achimbrueckner.de\/dxradio\/php\/wordpress\/index.php?rest_route=%2Fwp%2Fv2%2Fcategories&post=36564"},{"taxonomy":"post_tag","embeddable":true,"href":"https:\/\/www.achimbrueckner.de\/dxradio\/php\/wordpress\/index.php?rest_route=%2Fwp%2Fv2%2Ftags&post=36564"}],"curies":[{"name":"wp","href":"https:\/\/api.w.org\/{rel}","templated":true}]}}