{"id":36566,"date":"2022-06-14T16:45:31","date_gmt":"2022-06-14T16:45:31","guid":{"rendered":"https:\/\/www.achimbrueckner.de\/dxradio\/php\/wordpress\/?p=36566"},"modified":"2022-06-14T16:45:31","modified_gmt":"2022-06-14T16:45:31","slug":"bei-uns-waren-kaum-ein-prozent-der-lesenden-bereit-zu-bezahlen-das-ist-die-harte-realitat","status":"publish","type":"post","link":"https:\/\/www.achimbrueckner.de\/dxradio\/php\/wordpress\/?p=36566","title":{"rendered":"\u00abBei uns waren kaum ein Prozent der Lesenden bereit, zu bezahlen. Das ist die harte Realit\u00e4t.\u00bb"},"content":{"rendered":"<p><a href=\"https:\/\/medienwoche.ch\/2022\/06\/14\/bei-uns-waren-kaum-ein-prozent-der-lesenden-bereit-zu-bezahlen-das-ist-die-harte-realitaet\/\" rel=\"noopener\" target=\"_blank\">https:\/\/medienwoche.ch\/2022\/06\/14\/bei-uns-waren-kaum-ein-prozent-der-lesenden-bereit-zu-bezahlen-das-ist-die-harte-realitaet\/<\/a><\/p>\n","protected":false},"excerpt":{"rendered":"<p>https:\/\/medienwoche.ch\/2022\/06\/14\/bei-uns-waren-kaum-ein-prozent-der-lesenden-bereit-zu-bezahlen-das-ist-die-harte-realitaet\/<\/p>\n","protected":false},"author":1,"featured_media":0,"comment_status":"closed","ping_status":"open","sticky":false,"template":"","format":"standard","meta":{"_jetpack_memberships_contains_paid_content":false,"footnotes":"","jetpack_publicize_message":"","jetpack_publicize_feature_enabled":true,"jetpack_social_post_already_shared":true,"jetpack_social_options":{"image_generator_settings":{"template":"highway","default_image_id":0,"font":"","enabled":false},"version":2}},"categories":[1],"tags":[],"class_list":["post-36566","post","type-post","status-publish","format-standard","hentry","category-deutsch"],"jetpack_publicize_connections":[],"jetpack_featured_media_url":"","jetpack_sharing_enabled":true,"jetpack_shortlink":"https:\/\/wp.me\/p5CDmr-9vM","jetpack-related-posts":[{"id":8122,"url":"https:\/\/www.achimbrueckner.de\/dxradio\/php\/wordpress\/?p=8122","url_meta":{"origin":36566,"position":0},"title":"Programmtipp: Radio &#8211; Menschen &#038; Geschichten am 24.04.2016","author":"Administrator","date":"April 23, 2016","format":false,"excerpt":"Ladies and Gentlemen, freaks and monsters, schon wieder ein Monat rum; auch am kommenden Sonntag hei\u00dft es wieder \"Radio - Menschen & Geschichten\". Die inhaltliche Klammer der Sendung macht Wei\u00dfrussland. Wir schauen uns vor Ort bei Radio Belarus um und sprechen in den Radiogeschichten mit einem der Gr\u00fcndungsmitarbeiter der deutschen\u2026","rel":"","context":"In &quot;Deutsch&quot;","block_context":{"text":"Deutsch","link":"https:\/\/www.achimbrueckner.de\/dxradio\/php\/wordpress\/?cat=1"},"img":{"alt_text":"","src":"","width":0,"height":0},"classes":[]},{"id":1950,"url":"https:\/\/www.achimbrueckner.de\/dxradio\/php\/wordpress\/?p=1950","url_meta":{"origin":36566,"position":1},"title":"Gemeinsames Weihnachts-Preisr\u00e4tsel 2011","author":"Administrator","date":"November 20, 2011","format":false,"excerpt":"Gemeinsame Ank\u00fcndigung! Das Forum www.dx-unlimited.de und die A-DX Mailingliste freuen sich, bekannt geben zu d\u00fcrfen, dass wir in einer gemeinsamen Aktion ein Weihnachts-Preisr\u00e4tsel f\u00fcr alle Hobbyfreunde veranstalten werden! Eine Mitgliedschaft in Forum oder Liste ist ausdr\u00fccklich nicht erforderlich, um am Preisr\u00e4tsel teilnehmen zu d\u00fcrfen, denn es soll niemand bevorzugt oder\u2026","rel":"","context":"In &quot;contests&quot;","block_context":{"text":"contests","link":"https:\/\/www.achimbrueckner.de\/dxradio\/php\/wordpress\/?cat=6"},"img":{"alt_text":"","src":"","width":0,"height":0},"classes":[]},{"id":918,"url":"https:\/\/www.achimbrueckner.de\/dxradio\/php\/wordpress\/?p=918","url_meta":{"origin":36566,"position":2},"title":"3.DX-Tag der Oldenburger KW-Freunde am 6.M\u00e4rz","author":"Administrator","date":"February 18, 2010","format":false,"excerpt":"Den 3.OKF-DX-Tag wollen wir diesmal, aufgrund der etwas h\u00f6heren Lage, in Bookholzberg (zwischen OL und HB gelegen) begehen. Schwerpunkt der letzten Treffen waren Interessen unter 30MHz und da auch einige Spa\u00df von uns am UKW-DXen haben, war die Idee, es diesmal >30MHz anzusetzen. Im Vordergrund steht immer der pers\u00f6nliche Austausch\u2026","rel":"","context":"In &quot;camps&quot;","block_context":{"text":"camps","link":"https:\/\/www.achimbrueckner.de\/dxradio\/php\/wordpress\/?cat=5"},"img":{"alt_text":"","src":"","width":0,"height":0},"classes":[]},{"id":42000,"url":"https:\/\/www.achimbrueckner.de\/dxradio\/php\/wordpress\/?p=42000","url_meta":{"origin":36566,"position":3},"title":"**Einladung zum 1. H\u00f6rertreffen der SATzentrale**","author":"Administrator","date":"November 29, 2024","format":false,"excerpt":"**Einladung zum 1. H\u00f6rertreffen der SATzentrale** Liebe H\u00f6rerinnen und H\u00f6rer, wir freuen uns, Euch zu unserem ersten H\u00f6rertreffen der SATzentrale einzuladen! Markiert Euch den 22. M\u00e4rz 2025 rot im Kalender, denn an diesem Tag treffen wir uns in Coswig OT S\u00f6rnewitz \u2013 ein pers\u00f6nliches Treffen, das es in sich hat!\u2026","rel":"","context":"In &quot;Deutsch&quot;","block_context":{"text":"Deutsch","link":"https:\/\/www.achimbrueckner.de\/dxradio\/php\/wordpress\/?cat=1"},"img":{"alt_text":"","src":"","width":0,"height":0},"classes":[]},{"id":39645,"url":"https:\/\/www.achimbrueckner.de\/dxradio\/php\/wordpress\/?p=39645","url_meta":{"origin":36566,"position":4},"title":"Radio Forum als Webradio zur\u00fcck!","author":"Administrator","date":"June 13, 2023","format":false,"excerpt":"Radio Forum als Webradio zur\u00fcck! Radio Forum, ein Pionier aus Lothringen, geh\u00f6rte in den 1980iger Jahren zu den Radiostationen, welche gezielt in Richtung Saarland sendeten. Mitte 2023 wurde ein Webstream gestartet: https:\/\/www.radio-forum2.de\/ Radio Forum - Wir H\u00f6ren uns Das Webradio wird von Bernd Sambo betrieben - mit dem ehemaligen UKW-Sender\u2026","rel":"","context":"In &quot;Deutsch&quot;","block_context":{"text":"Deutsch","link":"https:\/\/www.achimbrueckner.de\/dxradio\/php\/wordpress\/?cat=1"},"img":{"alt_text":"","src":"","width":0,"height":0},"classes":[]},{"id":6034,"url":"https:\/\/www.achimbrueckner.de\/dxradio\/php\/wordpress\/?p=6034","url_meta":{"origin":36566,"position":5},"title":"FMK Radiotage 2016 Innsbruck","author":"Administrator","date":"September 23, 2015","format":false,"excerpt":"FMK on Tour: Folgende Info zu den FMK-Radiotagen 2016 rund um Innsbruck : Der Termin f\u00fcr den Ausflug nach Innsbruck steht nun fest: Von Freitag, 27.05.2016 bis (mindestens) Sonntag, 29.05.2016 haben wir eine Menge vor. Dank der Organisation von Matthias Hornsteiner und Thomas Winkler wollen wir u.a. den ORF Innsbruck,\u2026","rel":"","context":"In &quot;camps&quot;","block_context":{"text":"camps","link":"https:\/\/www.achimbrueckner.de\/dxradio\/php\/wordpress\/?cat=5"},"img":{"alt_text":"","src":"","width":0,"height":0},"classes":[]}],"_links":{"self":[{"href":"https:\/\/www.achimbrueckner.de\/dxradio\/php\/wordpress\/index.php?rest_route=\/wp\/v2\/posts\/36566","targetHints":{"allow":["GET"]}}],"collection":[{"href":"https:\/\/www.achimbrueckner.de\/dxradio\/php\/wordpress\/index.php?rest_route=\/wp\/v2\/posts"}],"about":[{"href":"https:\/\/www.achimbrueckner.de\/dxradio\/php\/wordpress\/index.php?rest_route=\/wp\/v2\/types\/post"}],"author":[{"embeddable":true,"href":"https:\/\/www.achimbrueckner.de\/dxradio\/php\/wordpress\/index.php?rest_route=\/wp\/v2\/users\/1"}],"replies":[{"embeddable":true,"href":"https:\/\/www.achimbrueckner.de\/dxradio\/php\/wordpress\/index.php?rest_route=%2Fwp%2Fv2%2Fcomments&post=36566"}],"version-history":[{"count":0,"href":"https:\/\/www.achimbrueckner.de\/dxradio\/php\/wordpress\/index.php?rest_route=\/wp\/v2\/posts\/36566\/revisions"}],"wp:attachment":[{"href":"https:\/\/www.achimbrueckner.de\/dxradio\/php\/wordpress\/index.php?rest_route=%2Fwp%2Fv2%2Fmedia&parent=36566"}],"wp:term":[{"taxonomy":"category","embeddable":true,"href":"https:\/\/www.achimbrueckner.de\/dxradio\/php\/wordpress\/index.php?rest_route=%2Fwp%2Fv2%2Fcategories&post=36566"},{"taxonomy":"post_tag","embeddable":true,"href":"https:\/\/www.achimbrueckner.de\/dxradio\/php\/wordpress\/index.php?rest_route=%2Fwp%2Fv2%2Ftags&post=36566"}],"curies":[{"name":"wp","href":"https:\/\/api.w.org\/{rel}","templated":true}]}}