{"id":36574,"date":"2022-06-15T18:32:53","date_gmt":"2022-06-15T18:32:53","guid":{"rendered":"https:\/\/www.achimbrueckner.de\/dxradio\/php\/wordpress\/?p=36574"},"modified":"2022-06-15T18:32:53","modified_gmt":"2022-06-15T18:32:53","slug":"suche-nach-ausserdirdische-radioteleskop-in-china-empfangt-merkwurdiges-signal","status":"publish","type":"post","link":"https:\/\/www.achimbrueckner.de\/dxradio\/php\/wordpress\/?p=36574","title":{"rendered":"SUCHE NACH AUSSERDIRDISCHE: Radioteleskop in China empf\u00e4ngt merkw\u00fcrdiges Signal"},"content":{"rendered":"<p><a href=\"https:\/\/www.golem.de\/news\/sky-eye-hat-ein-radioteleskop-in-china-alien-signale-aufgefangen-2206-166147.html\" rel=\"noopener\" target=\"_blank\">https:\/\/www.golem.de\/news\/sky-eye-hat-ein-radioteleskop-in-china-alien-signale-aufgefangen-2206-166147.html<\/a><\/p>\n","protected":false},"excerpt":{"rendered":"<p>https:\/\/www.golem.de\/news\/sky-eye-hat-ein-radioteleskop-in-china-alien-signale-aufgefangen-2206-166147.html<\/p>\n","protected":false},"author":1,"featured_media":0,"comment_status":"closed","ping_status":"open","sticky":false,"template":"","format":"standard","meta":{"_jetpack_memberships_contains_paid_content":false,"footnotes":"","jetpack_publicize_message":"","jetpack_publicize_feature_enabled":true,"jetpack_social_post_already_shared":true,"jetpack_social_options":{"image_generator_settings":{"template":"highway","default_image_id":0,"font":"","enabled":false},"version":2}},"categories":[1],"tags":[],"class_list":["post-36574","post","type-post","status-publish","format-standard","hentry","category-deutsch"],"jetpack_publicize_connections":[],"jetpack_featured_media_url":"","jetpack_sharing_enabled":true,"jetpack_shortlink":"https:\/\/wp.me\/p5CDmr-9vU","jetpack-related-posts":[{"id":17002,"url":"https:\/\/www.achimbrueckner.de\/dxradio\/php\/wordpress\/?p=17002","url_meta":{"origin":36574,"position":0},"title":"China consolidates three national networks to form the Voice of China","author":"Administrator","date":"March 22, 2018","format":false,"excerpt":"https:\/\/swling.com\/blog\/2018\/03\/china-consolidates-three-national-networks-to-form-the-voice-of-china\/","rel":"","context":"In &quot;English&quot;","block_context":{"text":"English","link":"https:\/\/www.achimbrueckner.de\/dxradio\/php\/wordpress\/?cat=2"},"img":{"alt_text":"","src":"","width":0,"height":0},"classes":[]},{"id":827,"url":"https:\/\/www.achimbrueckner.de\/dxradio\/php\/wordpress\/?p=827","url_meta":{"origin":36574,"position":1},"title":"Quiz 50 Jahre Deutsches Programm von Radio China International","author":"Administrator","date":"January 6, 2010","format":false,"excerpt":"Quiz 50 Jahre Deutsches Programm von Radio China International Liebe Freunde, am 15. April 1960 ging das deutschsprachige Programm von Radio China International erstmals auf Sendung. Zur Feier unseres 50. Jubil\u00e4ums am 15. April 2010 m\u00f6chten wir Sie, liebe Freunde, zu einem Quizeinladen, das wir anl\u00e4sslich des 50-j\u00e4hrigen Bestehens des\u2026","rel":"","context":"In &quot;Deutsch&quot;","block_context":{"text":"Deutsch","link":"https:\/\/www.achimbrueckner.de\/dxradio\/php\/wordpress\/?cat=1"},"img":{"alt_text":"","src":"","width":0,"height":0},"classes":[]},{"id":20803,"url":"https:\/\/www.achimbrueckner.de\/dxradio\/php\/wordpress\/?p=20803","url_meta":{"origin":36574,"position":2},"title":"China nimmt Riesenantenne in Betrieb \u2013 Kommunikation mit U-Booten als m\u00f6glicher Grund","author":"Administrator","date":"January 8, 2019","format":false,"excerpt":"https:\/\/www.epochtimes.de\/china\/china-politik\/china-nimmt-riesenantenne-in-betrieb-kommunikation-mit-u-booten-als-moeglicher-grund-a2756263.html","rel":"","context":"In &quot;Deutsch&quot;","block_context":{"text":"Deutsch","link":"https:\/\/www.achimbrueckner.de\/dxradio\/php\/wordpress\/?cat=1"},"img":{"alt_text":"","src":"","width":0,"height":0},"classes":[]},{"id":104,"url":"https:\/\/www.achimbrueckner.de\/dxradio\/php\/wordpress\/?p=104","url_meta":{"origin":36574,"position":3},"title":"China Radio International","author":"Administrator","date":"October 13, 2006","format":false,"excerpt":"Die Morgensendung von China Radio International kommt gut auf 17720 Khz um 0515 Utc mit SINPO 55434 an. Im deutschen Programm gibt es Berichte \u00fcber die KP China und die Weltraumtechnik. Die Webseite von China Radio International ist unter http:\/\/www.cri.cn\/ abrufbar.","rel":"","context":"In &quot;Empfang&quot;","block_context":{"text":"Empfang","link":"https:\/\/www.achimbrueckner.de\/dxradio\/php\/wordpress\/?cat=3"},"img":{"alt_text":"","src":"","width":0,"height":0},"classes":[]},{"id":17005,"url":"https:\/\/www.achimbrueckner.de\/dxradio\/php\/wordpress\/?p=17005","url_meta":{"origin":36574,"position":4},"title":"&#8216;China Radio International&#8217; to be rebranded as &#8220;The Voice of China&#8221;","author":"Administrator","date":"March 22, 2018","format":false,"excerpt":"http:\/\/alokeshgupta.blogspot.de\/2018\/03\/china-radio-international-to-be.html","rel":"","context":"In &quot;English&quot;","block_context":{"text":"English","link":"https:\/\/www.achimbrueckner.de\/dxradio\/php\/wordpress\/?cat=2"},"img":{"alt_text":"","src":"","width":0,"height":0},"classes":[]},{"id":1857,"url":"https:\/\/www.achimbrueckner.de\/dxradio\/php\/wordpress\/?p=1857","url_meta":{"origin":36574,"position":5},"title":"China to donate radio stations to South Sudan","author":"Administrator","date":"October 27, 2011","format":false,"excerpt":"China to donate radio stations to South Sudan http:\/\/blogs.rnw.nl\/medianetwork\/china-to-donate-radio-stations-to-south-sudan","rel":"","context":"In &quot;English&quot;","block_context":{"text":"English","link":"https:\/\/www.achimbrueckner.de\/dxradio\/php\/wordpress\/?cat=2"},"img":{"alt_text":"","src":"","width":0,"height":0},"classes":[]}],"_links":{"self":[{"href":"https:\/\/www.achimbrueckner.de\/dxradio\/php\/wordpress\/index.php?rest_route=\/wp\/v2\/posts\/36574","targetHints":{"allow":["GET"]}}],"collection":[{"href":"https:\/\/www.achimbrueckner.de\/dxradio\/php\/wordpress\/index.php?rest_route=\/wp\/v2\/posts"}],"about":[{"href":"https:\/\/www.achimbrueckner.de\/dxradio\/php\/wordpress\/index.php?rest_route=\/wp\/v2\/types\/post"}],"author":[{"embeddable":true,"href":"https:\/\/www.achimbrueckner.de\/dxradio\/php\/wordpress\/index.php?rest_route=\/wp\/v2\/users\/1"}],"replies":[{"embeddable":true,"href":"https:\/\/www.achimbrueckner.de\/dxradio\/php\/wordpress\/index.php?rest_route=%2Fwp%2Fv2%2Fcomments&post=36574"}],"version-history":[{"count":0,"href":"https:\/\/www.achimbrueckner.de\/dxradio\/php\/wordpress\/index.php?rest_route=\/wp\/v2\/posts\/36574\/revisions"}],"wp:attachment":[{"href":"https:\/\/www.achimbrueckner.de\/dxradio\/php\/wordpress\/index.php?rest_route=%2Fwp%2Fv2%2Fmedia&parent=36574"}],"wp:term":[{"taxonomy":"category","embeddable":true,"href":"https:\/\/www.achimbrueckner.de\/dxradio\/php\/wordpress\/index.php?rest_route=%2Fwp%2Fv2%2Fcategories&post=36574"},{"taxonomy":"post_tag","embeddable":true,"href":"https:\/\/www.achimbrueckner.de\/dxradio\/php\/wordpress\/index.php?rest_route=%2Fwp%2Fv2%2Ftags&post=36574"}],"curies":[{"name":"wp","href":"https:\/\/api.w.org\/{rel}","templated":true}]}}