{"id":36576,"date":"2022-06-15T18:35:02","date_gmt":"2022-06-15T18:35:02","guid":{"rendered":"https:\/\/www.achimbrueckner.de\/dxradio\/php\/wordpress\/?p=36576"},"modified":"2022-06-15T18:35:02","modified_gmt":"2022-06-15T18:35:02","slug":"radios-durfen-uber-ukw-sender-selbst-entscheiden","status":"publish","type":"post","link":"https:\/\/www.achimbrueckner.de\/dxradio\/php\/wordpress\/?p=36576","title":{"rendered":"Radios d\u00fcrfen \u00fcber UKW-Sender selbst entscheiden"},"content":{"rendered":"<p><a href=\"https:\/\/www.persoenlich.com\/medien\/radios-durfen-uber-ukw-sender-selbst-entscheiden\" rel=\"noopener\" target=\"_blank\">https:\/\/www.persoenlich.com\/medien\/radios-durfen-uber-ukw-sender-selbst-entscheiden<\/a><\/p>\n","protected":false},"excerpt":{"rendered":"<p>https:\/\/www.persoenlich.com\/medien\/radios-durfen-uber-ukw-sender-selbst-entscheiden<\/p>\n","protected":false},"author":1,"featured_media":0,"comment_status":"closed","ping_status":"open","sticky":false,"template":"","format":"standard","meta":{"_jetpack_memberships_contains_paid_content":false,"footnotes":"","jetpack_publicize_message":"","jetpack_publicize_feature_enabled":true,"jetpack_social_post_already_shared":true,"jetpack_social_options":{"image_generator_settings":{"template":"highway","default_image_id":0,"font":"","enabled":false},"version":2}},"categories":[1],"tags":[],"class_list":["post-36576","post","type-post","status-publish","format-standard","hentry","category-deutsch"],"jetpack_publicize_connections":[],"jetpack_featured_media_url":"","jetpack_sharing_enabled":true,"jetpack_shortlink":"https:\/\/wp.me\/p5CDmr-9vW","jetpack-related-posts":[{"id":33672,"url":"https:\/\/www.achimbrueckner.de\/dxradio\/php\/wordpress\/?p=33672","url_meta":{"origin":36576,"position":0},"title":"Katja Berg: Grenzenlose Unterhaltung: Radio Luxemburg","author":"Administrator","date":"September 29, 2021","format":false,"excerpt":"Buch-Tipp: Auf und Ab der Radiolegende Radio Luxemburg war der gro\u00dfe kommerzielle \u00fcberregionale Sender der 50er- bis 80er-Jahre. In Deutschland wurde er im Saarland und in Nordrhein-Westfalen wegen der N\u00e4he zum Nachbarland und dem damit einhergehenden guten Empfang besonders viel geh\u00f6rt und wird dort heute noch oft nostalgisch verkl\u00e4rt. Das\u2026","rel":"","context":"In &quot;Deutsch&quot;","block_context":{"text":"Deutsch","link":"https:\/\/www.achimbrueckner.de\/dxradio\/php\/wordpress\/?cat=1"},"img":{"alt_text":"","src":"","width":0,"height":0},"classes":[]},{"id":32078,"url":"https:\/\/www.achimbrueckner.de\/dxradio\/php\/wordpress\/?p=32078","url_meta":{"origin":36576,"position":1},"title":"UKW-RDS-Radios: Lagerbest\u00e4nde d\u00fcrfen verkauft werden","author":"Administrator","date":"February 24, 2021","format":false,"excerpt":"https:\/\/www.teltarif.de\/radio-ukw-verkauf-ohne-dab-plus-erlaubt\/news\/83603.html","rel":"","context":"In &quot;Deutsch&quot;","block_context":{"text":"Deutsch","link":"https:\/\/www.achimbrueckner.de\/dxradio\/php\/wordpress\/?cat=1"},"img":{"alt_text":"","src":"","width":0,"height":0},"classes":[]},{"id":44285,"url":"https:\/\/www.achimbrueckner.de\/dxradio\/php\/wordpress\/?p=44285","url_meta":{"origin":36576,"position":2},"title":"S\u00e4chsische Radios d\u00fcrfen bis 2033 weiter auf UKW senden","author":"Administrator","date":"November 13, 2025","format":false,"excerpt":"https:\/\/www.radioszene.de\/207814\/saechsische-radios-ukw.html","rel":"","context":"In &quot;Deutsch&quot;","block_context":{"text":"Deutsch","link":"https:\/\/www.achimbrueckner.de\/dxradio\/php\/wordpress\/?cat=1"},"img":{"alt_text":"","src":"","width":0,"height":0},"classes":[]},{"id":33594,"url":"https:\/\/www.achimbrueckner.de\/dxradio\/php\/wordpress\/?p=33594","url_meta":{"origin":36576,"position":3},"title":"UKW-Abschaltung Sender sollen 2024 definitiv verstummen","author":"Administrator","date":"September 16, 2021","format":false,"excerpt":"https:\/\/www.persoenlich.com\/medien\/sender-sollen-2024-definitiv-verstummen","rel":"","context":"In &quot;Deutsch&quot;","block_context":{"text":"Deutsch","link":"https:\/\/www.achimbrueckner.de\/dxradio\/php\/wordpress\/?cat=1"},"img":{"alt_text":"","src":"","width":0,"height":0},"classes":[]},{"id":30381,"url":"https:\/\/www.achimbrueckner.de\/dxradio\/php\/wordpress\/?p=30381","url_meta":{"origin":36576,"position":4},"title":"DAB+: Wieso empfange ich nicht alle Sender, die ich auch \u00fcber UKW empfange?","author":"Administrator","date":"October 11, 2020","format":false,"excerpt":"https:\/\/www.mdr.de\/mdr-thueringen\/redakteur-dab-plus-empfang-ukw-sender-100.html","rel":"","context":"In &quot;Deutsch&quot;","block_context":{"text":"Deutsch","link":"https:\/\/www.achimbrueckner.de\/dxradio\/php\/wordpress\/?cat=1"},"img":{"alt_text":"","src":"","width":0,"height":0},"classes":[]},{"id":34046,"url":"https:\/\/www.achimbrueckner.de\/dxradio\/php\/wordpress\/?p=34046","url_meta":{"origin":36576,"position":5},"title":"Norwegische Lokalradios d\u00fcrfen weitere f\u00fcnf Jahre \u00fcber UKW senden","author":"Administrator","date":"November 19, 2021","format":false,"excerpt":"https:\/\/www.radiowoche.de\/norwegische-lokalradios-duerfen-weitere-fuenf-jahre-ueber-ukw-senden\/","rel":"","context":"In &quot;Deutsch&quot;","block_context":{"text":"Deutsch","link":"https:\/\/www.achimbrueckner.de\/dxradio\/php\/wordpress\/?cat=1"},"img":{"alt_text":"","src":"","width":0,"height":0},"classes":[]}],"_links":{"self":[{"href":"https:\/\/www.achimbrueckner.de\/dxradio\/php\/wordpress\/index.php?rest_route=\/wp\/v2\/posts\/36576","targetHints":{"allow":["GET"]}}],"collection":[{"href":"https:\/\/www.achimbrueckner.de\/dxradio\/php\/wordpress\/index.php?rest_route=\/wp\/v2\/posts"}],"about":[{"href":"https:\/\/www.achimbrueckner.de\/dxradio\/php\/wordpress\/index.php?rest_route=\/wp\/v2\/types\/post"}],"author":[{"embeddable":true,"href":"https:\/\/www.achimbrueckner.de\/dxradio\/php\/wordpress\/index.php?rest_route=\/wp\/v2\/users\/1"}],"replies":[{"embeddable":true,"href":"https:\/\/www.achimbrueckner.de\/dxradio\/php\/wordpress\/index.php?rest_route=%2Fwp%2Fv2%2Fcomments&post=36576"}],"version-history":[{"count":0,"href":"https:\/\/www.achimbrueckner.de\/dxradio\/php\/wordpress\/index.php?rest_route=\/wp\/v2\/posts\/36576\/revisions"}],"wp:attachment":[{"href":"https:\/\/www.achimbrueckner.de\/dxradio\/php\/wordpress\/index.php?rest_route=%2Fwp%2Fv2%2Fmedia&parent=36576"}],"wp:term":[{"taxonomy":"category","embeddable":true,"href":"https:\/\/www.achimbrueckner.de\/dxradio\/php\/wordpress\/index.php?rest_route=%2Fwp%2Fv2%2Fcategories&post=36576"},{"taxonomy":"post_tag","embeddable":true,"href":"https:\/\/www.achimbrueckner.de\/dxradio\/php\/wordpress\/index.php?rest_route=%2Fwp%2Fv2%2Ftags&post=36576"}],"curies":[{"name":"wp","href":"https:\/\/api.w.org\/{rel}","templated":true}]}}