{"id":36584,"date":"2022-06-16T13:44:09","date_gmt":"2022-06-16T13:44:09","guid":{"rendered":"https:\/\/www.achimbrueckner.de\/dxradio\/php\/wordpress\/?p=36584"},"modified":"2022-06-16T13:44:09","modified_gmt":"2022-06-16T13:44:09","slug":"digitalradio-deutschlandradio-intendant-raue-fur-abkehr-vom-energiefresser-ukw","status":"publish","type":"post","link":"https:\/\/www.achimbrueckner.de\/dxradio\/php\/wordpress\/?p=36584","title":{"rendered":"Digitalradio Deutschlandradio-Intendant Raue f\u00fcr Abkehr vom \u201eEnergiefresser\u201c UKW"},"content":{"rendered":"<p><a href=\"https:\/\/www.deutschlandfunk.de\/deutschlandradio-intendant-raue-fuer-abkehr-vom-energiefresser-ukw-100.html\" rel=\"noopener\" target=\"_blank\">https:\/\/www.deutschlandfunk.de\/deutschlandradio-intendant-raue-fuer-abkehr-vom-energiefresser-ukw-100.html<\/a><\/p>\n","protected":false},"excerpt":{"rendered":"<p>https:\/\/www.deutschlandfunk.de\/deutschlandradio-intendant-raue-fuer-abkehr-vom-energiefresser-ukw-100.html<\/p>\n","protected":false},"author":1,"featured_media":0,"comment_status":"closed","ping_status":"open","sticky":false,"template":"","format":"standard","meta":{"_jetpack_memberships_contains_paid_content":false,"footnotes":"","jetpack_publicize_message":"","jetpack_publicize_feature_enabled":true,"jetpack_social_post_already_shared":true,"jetpack_social_options":{"image_generator_settings":{"template":"highway","default_image_id":0,"font":"","enabled":false},"version":2}},"categories":[1],"tags":[],"class_list":["post-36584","post","type-post","status-publish","format-standard","hentry","category-deutsch"],"jetpack_publicize_connections":[],"jetpack_featured_media_url":"","jetpack_sharing_enabled":true,"jetpack_shortlink":"https:\/\/wp.me\/p5CDmr-9w4","jetpack-related-posts":[{"id":14956,"url":"https:\/\/www.achimbrueckner.de\/dxradio\/php\/wordpress\/?p=14956","url_meta":{"origin":36584,"position":0},"title":"Deutschlandradio-Intendant Stefan Raue: \u201eUKW so lange wie n\u00f6tig, DAB+ so schnell wie m\u00f6glich\u201c","author":"Administrator","date":"October 12, 2017","format":false,"excerpt":"https:\/\/www.infosat.de\/technik\/deutschlandradio-intendant-stefan-raue-ukw-so-lange-wie-n-tig-dab-so-schnell-wie-m-glich","rel":"","context":"In &quot;Deutsch&quot;","block_context":{"text":"Deutsch","link":"https:\/\/www.achimbrueckner.de\/dxradio\/php\/wordpress\/?cat=1"},"img":{"alt_text":"","src":"","width":0,"height":0},"classes":[]},{"id":16864,"url":"https:\/\/www.achimbrueckner.de\/dxradio\/php\/wordpress\/?p=16864","url_meta":{"origin":36584,"position":1},"title":"Deutschlandradio Intendant Raue offen f\u00fcr H\u00f6rerr\u00e4te","author":"Administrator","date":"March 11, 2018","format":false,"excerpt":"http:\/\/www.deutschlandfunk.de\/deutschlandradio-intendant-raue-offen-fuer-hoererraete.1939.de.html?drn:news_id=859926","rel":"","context":"In &quot;Deutsch&quot;","block_context":{"text":"Deutsch","link":"https:\/\/www.achimbrueckner.de\/dxradio\/php\/wordpress\/?cat=1"},"img":{"alt_text":"","src":"","width":0,"height":0},"classes":[]},{"id":14927,"url":"https:\/\/www.achimbrueckner.de\/dxradio\/php\/wordpress\/?p=14927","url_meta":{"origin":36584,"position":2},"title":"Deutschlandradio-Intendant Stefan Raue f\u00fcr gemeinsames Engagement von privaten und \u00f6ffentlich-rechtlichen Radioanbietern bei der Erh\u00f6hung der technischen Reichweiten:","author":"Administrator","date":"October 11, 2017","format":false,"excerpt":"http:\/\/www.deutschlandradio.de\/deutschlandradio-intendant-stefan-raue-fuer-gemeinsames.2174.de.html?dram%3Aarticle_id=397985","rel":"","context":"In &quot;Deutsch&quot;","block_context":{"text":"Deutsch","link":"https:\/\/www.achimbrueckner.de\/dxradio\/php\/wordpress\/?cat=1"},"img":{"alt_text":"","src":"","width":0,"height":0},"classes":[]},{"id":25059,"url":"https:\/\/www.achimbrueckner.de\/dxradio\/php\/wordpress\/?p=25059","url_meta":{"origin":36584,"position":3},"title":"Deutschlandradio-Intendant in der &#8220;FAZ&#8221; Stefan Raue: &#8220;Transparenz hei\u00dft mehr als Fehlerkultur&#8221;","author":"Administrator","date":"October 1, 2019","format":false,"excerpt":"https:\/\/www.dwdl.de\/nachrichten\/74265\/stefan_raue_transparenz_heisst_mehr_als_fehlerkultur\/","rel":"","context":"In &quot;Deutsch&quot;","block_context":{"text":"Deutsch","link":"https:\/\/www.achimbrueckner.de\/dxradio\/php\/wordpress\/?cat=1"},"img":{"alt_text":"","src":"","width":0,"height":0},"classes":[]},{"id":40421,"url":"https:\/\/www.achimbrueckner.de\/dxradio\/php\/wordpress\/?p=40421","url_meta":{"origin":36584,"position":4},"title":"100 Jahre Radio Wie sieht die Zukunft des H\u00f6rfunks aus?","author":"Administrator","date":"October 28, 2023","format":false,"excerpt":"https:\/\/www.deutschlandfunkkultur.de\/100-jahre-radio-die-bilanz-von-deutschlandradio-intendant-raue-dlf-kultur-c8a47206-100.html","rel":"","context":"In &quot;Deutsch&quot;","block_context":{"text":"Deutsch","link":"https:\/\/www.achimbrueckner.de\/dxradio\/php\/wordpress\/?cat=1"},"img":{"alt_text":"","src":"","width":0,"height":0},"classes":[]},{"id":36553,"url":"https:\/\/www.achimbrueckner.de\/dxradio\/php\/wordpress\/?p=36553","url_meta":{"origin":36584,"position":5},"title":"Deutschlandradio-Intendant: Umstieg von UKW zu DAB+ wird noch wichtiger","author":"Administrator","date":"June 13, 2022","format":false,"excerpt":"https:\/\/www.heise.de\/news\/Deutschlandradio-Intendant-Warum-der-Umstieg-von-UKW-zu-DAB-noch-wichtiger-wird-7138571.html","rel":"","context":"In &quot;Deutsch&quot;","block_context":{"text":"Deutsch","link":"https:\/\/www.achimbrueckner.de\/dxradio\/php\/wordpress\/?cat=1"},"img":{"alt_text":"","src":"","width":0,"height":0},"classes":[]}],"_links":{"self":[{"href":"https:\/\/www.achimbrueckner.de\/dxradio\/php\/wordpress\/index.php?rest_route=\/wp\/v2\/posts\/36584","targetHints":{"allow":["GET"]}}],"collection":[{"href":"https:\/\/www.achimbrueckner.de\/dxradio\/php\/wordpress\/index.php?rest_route=\/wp\/v2\/posts"}],"about":[{"href":"https:\/\/www.achimbrueckner.de\/dxradio\/php\/wordpress\/index.php?rest_route=\/wp\/v2\/types\/post"}],"author":[{"embeddable":true,"href":"https:\/\/www.achimbrueckner.de\/dxradio\/php\/wordpress\/index.php?rest_route=\/wp\/v2\/users\/1"}],"replies":[{"embeddable":true,"href":"https:\/\/www.achimbrueckner.de\/dxradio\/php\/wordpress\/index.php?rest_route=%2Fwp%2Fv2%2Fcomments&post=36584"}],"version-history":[{"count":0,"href":"https:\/\/www.achimbrueckner.de\/dxradio\/php\/wordpress\/index.php?rest_route=\/wp\/v2\/posts\/36584\/revisions"}],"wp:attachment":[{"href":"https:\/\/www.achimbrueckner.de\/dxradio\/php\/wordpress\/index.php?rest_route=%2Fwp%2Fv2%2Fmedia&parent=36584"}],"wp:term":[{"taxonomy":"category","embeddable":true,"href":"https:\/\/www.achimbrueckner.de\/dxradio\/php\/wordpress\/index.php?rest_route=%2Fwp%2Fv2%2Fcategories&post=36584"},{"taxonomy":"post_tag","embeddable":true,"href":"https:\/\/www.achimbrueckner.de\/dxradio\/php\/wordpress\/index.php?rest_route=%2Fwp%2Fv2%2Ftags&post=36584"}],"curies":[{"name":"wp","href":"https:\/\/api.w.org\/{rel}","templated":true}]}}