{"id":36586,"date":"2022-06-16T14:02:37","date_gmt":"2022-06-16T14:02:37","guid":{"rendered":"https:\/\/www.achimbrueckner.de\/dxradio\/php\/wordpress\/?p=36586"},"modified":"2022-06-16T14:02:37","modified_gmt":"2022-06-16T14:02:37","slug":"wie-china-seine-grosten-influencer-verstummen-lasst","status":"publish","type":"post","link":"https:\/\/www.achimbrueckner.de\/dxradio\/php\/wordpress\/?p=36586","title":{"rendered":"Wie China seine gr\u00f6\u00dften Influencer verstummen l\u00e4sst"},"content":{"rendered":"<p><a href=\"https:\/\/www.heise.de\/hintergrund\/Wie-China-seine-groessten-Influencer-verstummen-laesst-7140526.html\" rel=\"noopener\" target=\"_blank\">https:\/\/www.heise.de\/hintergrund\/Wie-China-seine-groessten-Influencer-verstummen-laesst-7140526.html<\/a><\/p>\n","protected":false},"excerpt":{"rendered":"<p>https:\/\/www.heise.de\/hintergrund\/Wie-China-seine-groessten-Influencer-verstummen-laesst-7140526.html<\/p>\n","protected":false},"author":1,"featured_media":0,"comment_status":"closed","ping_status":"open","sticky":false,"template":"","format":"standard","meta":{"_jetpack_memberships_contains_paid_content":false,"footnotes":"","jetpack_publicize_message":"","jetpack_publicize_feature_enabled":true,"jetpack_social_post_already_shared":true,"jetpack_social_options":{"image_generator_settings":{"template":"highway","default_image_id":0,"font":"","enabled":false},"version":2}},"categories":[1],"tags":[],"class_list":["post-36586","post","type-post","status-publish","format-standard","hentry","category-deutsch"],"jetpack_publicize_connections":[],"jetpack_featured_media_url":"","jetpack_sharing_enabled":true,"jetpack_shortlink":"https:\/\/wp.me\/p5CDmr-9w6","jetpack-related-posts":[{"id":33594,"url":"https:\/\/www.achimbrueckner.de\/dxradio\/php\/wordpress\/?p=33594","url_meta":{"origin":36586,"position":0},"title":"UKW-Abschaltung Sender sollen 2024 definitiv verstummen","author":"Administrator","date":"September 16, 2021","format":false,"excerpt":"https:\/\/www.persoenlich.com\/medien\/sender-sollen-2024-definitiv-verstummen","rel":"","context":"In &quot;Deutsch&quot;","block_context":{"text":"Deutsch","link":"https:\/\/www.achimbrueckner.de\/dxradio\/php\/wordpress\/?cat=1"},"img":{"alt_text":"","src":"","width":0,"height":0},"classes":[]},{"id":16370,"url":"https:\/\/www.achimbrueckner.de\/dxradio\/php\/wordpress\/?p=16370","url_meta":{"origin":36586,"position":1},"title":"Werden die UKW-Radios bald verstummen?","author":"Administrator","date":"February 6, 2018","format":false,"excerpt":"http:\/\/www.ln-online.de\/Nachrichten\/Norddeutschland\/Werden-die-UKW-Radios-bald-verstummen","rel":"","context":"In &quot;Deutsch&quot;","block_context":{"text":"Deutsch","link":"https:\/\/www.achimbrueckner.de\/dxradio\/php\/wordpress\/?cat=1"},"img":{"alt_text":"","src":"","width":0,"height":0},"classes":[]},{"id":27062,"url":"https:\/\/www.achimbrueckner.de\/dxradio\/php\/wordpress\/?p=27062","url_meta":{"origin":36586,"position":2},"title":"Kommentar: Eine Klarnamenpflicht w\u00fcrde viele Stimmen verstummen lassen","author":"Administrator","date":"February 7, 2020","format":false,"excerpt":"https:\/\/www.heise.de\/newsticker\/meldung\/Kommentar-Eine-Klarnamenpflicht-wuerde-viele-Stimmen-verstummen-lassen-4654679.html","rel":"","context":"In &quot;Deutsch&quot;","block_context":{"text":"Deutsch","link":"https:\/\/www.achimbrueckner.de\/dxradio\/php\/wordpress\/?cat=1"},"img":{"alt_text":"","src":"","width":0,"height":0},"classes":[]},{"id":1078,"url":"https:\/\/www.achimbrueckner.de\/dxradio\/php\/wordpress\/?p=1078","url_meta":{"origin":36586,"position":3},"title":"Franz\u00f6sische Medien Die Hofnarren verstummen","author":"Administrator","date":"July 5, 2010","format":false,"excerpt":"Franz\u00f6sische Medien Die Hofnarren verstummen http:\/\/www.faz.net\/s\/Rub475F682E3FC24868A8A5276D4FB916D7\/Doc~EA32A362ECF52484DABC8C5F54888F3BB~ATpl~Ecommon~Scontent.html Info via A-DX","rel":"","context":"In &quot;Deutsch&quot;","block_context":{"text":"Deutsch","link":"https:\/\/www.achimbrueckner.de\/dxradio\/php\/wordpress\/?cat=1"},"img":{"alt_text":"","src":"","width":0,"height":0},"classes":[]},{"id":18102,"url":"https:\/\/www.achimbrueckner.de\/dxradio\/php\/wordpress\/?p=18102","url_meta":{"origin":36586,"position":4},"title":"Liberalisierung des H\u00f6rfunks  Im Juli k\u00f6nnten f\u00fcr 28 Millionen H\u00f6rer die Radios verstummen","author":"Administrator","date":"June 8, 2018","format":false,"excerpt":"http:\/\/www.sueddeutsche.de\/medien\/liberalisierung-des-hoerfunks-im-juli-koennten-fuer-millionen-hoerer-die-radios-verstummen-1.4004731","rel":"","context":"In &quot;Deutsch&quot;","block_context":{"text":"Deutsch","link":"https:\/\/www.achimbrueckner.de\/dxradio\/php\/wordpress\/?cat=1"},"img":{"alt_text":"","src":"","width":0,"height":0},"classes":[]},{"id":41115,"url":"https:\/\/www.achimbrueckner.de\/dxradio\/php\/wordpress\/?p=41115","url_meta":{"origin":36586,"position":5},"title":"Darum k\u00f6nnten viele WLAN-Radios in K\u00fcrze verstummen","author":"Administrator","date":"March 30, 2024","format":false,"excerpt":"https:\/\/www.teltarif.de\/frontier-wlanradio-portal\/news\/95042.html","rel":"","context":"In &quot;Deutsch&quot;","block_context":{"text":"Deutsch","link":"https:\/\/www.achimbrueckner.de\/dxradio\/php\/wordpress\/?cat=1"},"img":{"alt_text":"","src":"","width":0,"height":0},"classes":[]}],"_links":{"self":[{"href":"https:\/\/www.achimbrueckner.de\/dxradio\/php\/wordpress\/index.php?rest_route=\/wp\/v2\/posts\/36586","targetHints":{"allow":["GET"]}}],"collection":[{"href":"https:\/\/www.achimbrueckner.de\/dxradio\/php\/wordpress\/index.php?rest_route=\/wp\/v2\/posts"}],"about":[{"href":"https:\/\/www.achimbrueckner.de\/dxradio\/php\/wordpress\/index.php?rest_route=\/wp\/v2\/types\/post"}],"author":[{"embeddable":true,"href":"https:\/\/www.achimbrueckner.de\/dxradio\/php\/wordpress\/index.php?rest_route=\/wp\/v2\/users\/1"}],"replies":[{"embeddable":true,"href":"https:\/\/www.achimbrueckner.de\/dxradio\/php\/wordpress\/index.php?rest_route=%2Fwp%2Fv2%2Fcomments&post=36586"}],"version-history":[{"count":0,"href":"https:\/\/www.achimbrueckner.de\/dxradio\/php\/wordpress\/index.php?rest_route=\/wp\/v2\/posts\/36586\/revisions"}],"wp:attachment":[{"href":"https:\/\/www.achimbrueckner.de\/dxradio\/php\/wordpress\/index.php?rest_route=%2Fwp%2Fv2%2Fmedia&parent=36586"}],"wp:term":[{"taxonomy":"category","embeddable":true,"href":"https:\/\/www.achimbrueckner.de\/dxradio\/php\/wordpress\/index.php?rest_route=%2Fwp%2Fv2%2Fcategories&post=36586"},{"taxonomy":"post_tag","embeddable":true,"href":"https:\/\/www.achimbrueckner.de\/dxradio\/php\/wordpress\/index.php?rest_route=%2Fwp%2Fv2%2Ftags&post=36586"}],"curies":[{"name":"wp","href":"https:\/\/api.w.org\/{rel}","templated":true}]}}