{"id":36590,"date":"2022-06-16T15:56:48","date_gmt":"2022-06-16T15:56:48","guid":{"rendered":"https:\/\/www.achimbrueckner.de\/dxradio\/php\/wordpress\/?p=36590"},"modified":"2022-06-16T15:56:48","modified_gmt":"2022-06-16T15:56:48","slug":"cadena-ser-aus-fur-mittelwelle-in-spanien","status":"publish","type":"post","link":"https:\/\/www.achimbrueckner.de\/dxradio\/php\/wordpress\/?p=36590","title":{"rendered":"Cadena SER Aus f\u00fcr Mittelwelle in Spanien"},"content":{"rendered":"<p>Ein altgedienter Radioh\u00f6rer-Freund teilt mir mit, dass:<br \/>\n\u201eHallo, Juan Luis. Leider haben die technischen Dienste von Cadena SER beschlossen, alle OM-Stationen im Land abzuschalten. Eine Entscheidung, die sich unserer Kontrolle entzieht und die wir wie Sie sehr bedauern. Wir erinnern Sie daran, dass Sie uns zuh\u00f6ren k\u00f6nnen auf 93,5 FM und 102,0 FM und unsere App.&#8221;<\/p>\n<p>Info via Facebook<\/p>\n","protected":false},"excerpt":{"rendered":"<p>Ein altgedienter Radioh\u00f6rer-Freund teilt mir mit, dass: \u201eHallo, Juan Luis. Leider haben die technischen Dienste von Cadena SER beschlossen, alle OM-Stationen im Land abzuschalten. Eine Entscheidung, die sich unserer Kontrolle entzieht und die wir wie Sie sehr bedauern. Wir erinnern Sie daran, dass Sie uns zuh\u00f6ren k\u00f6nnen auf 93,5 FM und 102,0 FM und unsere &hellip; <a href=\"https:\/\/www.achimbrueckner.de\/dxradio\/php\/wordpress\/?p=36590\" class=\"more-link\">Continue reading <span class=\"screen-reader-text\">Cadena SER Aus f\u00fcr Mittelwelle in Spanien<\/span><\/a><\/p>\n","protected":false},"author":1,"featured_media":0,"comment_status":"closed","ping_status":"open","sticky":false,"template":"","format":"standard","meta":{"_jetpack_memberships_contains_paid_content":false,"footnotes":"","jetpack_publicize_message":"","jetpack_publicize_feature_enabled":true,"jetpack_social_post_already_shared":true,"jetpack_social_options":{"image_generator_settings":{"template":"highway","default_image_id":0,"font":"","enabled":false},"version":2}},"categories":[1],"tags":[],"class_list":["post-36590","post","type-post","status-publish","format-standard","hentry","category-deutsch"],"jetpack_publicize_connections":[],"jetpack_featured_media_url":"","jetpack_sharing_enabled":true,"jetpack_shortlink":"https:\/\/wp.me\/p5CDmr-9wa","jetpack-related-posts":[{"id":870,"url":"https:\/\/www.achimbrueckner.de\/dxradio\/php\/wordpress\/?p=870","url_meta":{"origin":36590,"position":0},"title":"adxb-DL Fu\u00dfball-WM 2010 Kontest","author":"Administrator","date":"January 23, 2010","format":false,"excerpt":"Die Assoziation junger DXer e.V. (adxb-DL) richtet aus Anlass der Fu\u00dfball-Weltmeisterschaft 2010 in S\u00fcdafrika vom 11. Juni bis 11. Juli 2010 einen Kontest aus. Jeder Kurzwellenh\u00f6rer ist eingeladen, daran teilzunehmen. Eine Mitgliedschaft in einem Kurzwellenh\u00f6rerverein ist nicht erforderlich. Zu h\u00f6ren ist jeweils eine Rundfunkstation aus den 32 an der WM\u2026","rel":"","context":"In &quot;contests&quot;","block_context":{"text":"contests","link":"https:\/\/www.achimbrueckner.de\/dxradio\/php\/wordpress\/?cat=6"},"img":{"alt_text":"","src":"","width":0,"height":0},"classes":[]},{"id":1014,"url":"https:\/\/www.achimbrueckner.de\/dxradio\/php\/wordpress\/?p=1014","url_meta":{"origin":36590,"position":1},"title":"adxb-DL Fu\u00dfball-WM 2010 Kontest","author":"Administrator","date":"May 12, 2010","format":false,"excerpt":"Die Assoziation junger DXer e.V. (adxb-DL) richtet aus Anlass der Fu\u00dfball-Weltmeisterschaft 2010 in S\u00fcdafrika vom 11. Juni bis 11. Juli 2010 einen Kontest aus. Jeder Kurzwellenh\u00f6rer ist eingeladen, daran teilzunehmen. Eine Mitgliedschaft in einem Kurzwellenh\u00f6rerverein ist nicht erforderlich. Zu h\u00f6ren ist jeweils eine Rundfunkstation aus den 32 an der WM\u2026","rel":"","context":"In &quot;contests&quot;","block_context":{"text":"contests","link":"https:\/\/www.achimbrueckner.de\/dxradio\/php\/wordpress\/?cat=6"},"img":{"alt_text":"","src":"","width":0,"height":0},"classes":[]},{"id":957,"url":"https:\/\/www.achimbrueckner.de\/dxradio\/php\/wordpress\/?p=957","url_meta":{"origin":36590,"position":2},"title":"Radio Bremen 936 Khz","author":"Administrator","date":"March 13, 2010","format":false,"excerpt":"Radio Bremen plant aus wirtschaftlichen Gr\u00fcnden (es geht um Kostensenkung) die Mittelwelle abzuschalten. Unser Programm ist ja neben UKW, Kabel und Satellit auch mittlerweile via Internet weltweit zu empfangen, so dass vermutlich die Mittelwelle nur noch von wenigen H\u00f6rerinnen und H\u00f6rern genutzt wird. Wir hoffen, dass Sie nicht ausschlie\u00dflich auf\u2026","rel":"","context":"In &quot;Deutsch&quot;","block_context":{"text":"Deutsch","link":"https:\/\/www.achimbrueckner.de\/dxradio\/php\/wordpress\/?cat=1"},"img":{"alt_text":"","src":"","width":0,"height":0},"classes":[]},{"id":6034,"url":"https:\/\/www.achimbrueckner.de\/dxradio\/php\/wordpress\/?p=6034","url_meta":{"origin":36590,"position":3},"title":"FMK Radiotage 2016 Innsbruck","author":"Administrator","date":"September 23, 2015","format":false,"excerpt":"FMK on Tour: Folgende Info zu den FMK-Radiotagen 2016 rund um Innsbruck : Der Termin f\u00fcr den Ausflug nach Innsbruck steht nun fest: Von Freitag, 27.05.2016 bis (mindestens) Sonntag, 29.05.2016 haben wir eine Menge vor. Dank der Organisation von Matthias Hornsteiner und Thomas Winkler wollen wir u.a. den ORF Innsbruck,\u2026","rel":"","context":"In &quot;camps&quot;","block_context":{"text":"camps","link":"https:\/\/www.achimbrueckner.de\/dxradio\/php\/wordpress\/?cat=5"},"img":{"alt_text":"","src":"","width":0,"height":0},"classes":[]},{"id":19351,"url":"https:\/\/www.achimbrueckner.de\/dxradio\/php\/wordpress\/?p=19351","url_meta":{"origin":36590,"position":4},"title":"Projekt Deutsche Amateurfunkgeschichte \u2013 heute f\u00fcr morgen erz\u00e4hlt","author":"Administrator","date":"September 29, 2018","format":false,"excerpt":"Projekt Deutsche Amateurfunkgeschichte \u2013 heute f\u00fcr morgen erz\u00e4hlt 90 Jahre nach der Gr\u00fcndung gibt es noch immer keine repr\u00e4sentative Chronik des Amateurfunks in Deutschland. Die bisherigen und durchaus verdienstvollen Darstellungen sind vergriffen, l\u00fcckenhaft oder nicht ausreichend faktengesichert. Auch unser eigenes 2002-2009 erstelltes Angebot, umfangreich wie kein anderes, ist nicht mehr\u2026","rel":"","context":"In &quot;Deutsch&quot;","block_context":{"text":"Deutsch","link":"https:\/\/www.achimbrueckner.de\/dxradio\/php\/wordpress\/?cat=1"},"img":{"alt_text":"","src":"","width":0,"height":0},"classes":[]},{"id":36924,"url":"https:\/\/www.achimbrueckner.de\/dxradio\/php\/wordpress\/?p=36924","url_meta":{"origin":36590,"position":5},"title":"Sommerkamp-Gedenk-Aktivit\u00e4t 10. \/ 11.9.2022","author":"Administrator","date":"July 11, 2022","format":false,"excerpt":"Sommerkamp-Gedenk-Aktivit\u00e4t Liebe Radiofreunde, erinnern Sie sich noch an den ber\u00fchmten \"Kaffeew\u00e4rmer\", Sommerkamp TS 788 DX? Die Sommerkamp-Freunde, eine Gruppe auf Facebook, m\u00f6chten den Unternehmer, der hinter der gro\u00dfen Marke Sommerkamp Radio steht, ehren. Herr Wolfgang Sommerkamp, geboren am 11. September in Dortmund, Deutschland. HAM-Radio-Ruf DJ2YJ , EA8YS sowie andere verwendete\u2026","rel":"","context":"In &quot;Deutsch&quot;","block_context":{"text":"Deutsch","link":"https:\/\/www.achimbrueckner.de\/dxradio\/php\/wordpress\/?cat=1"},"img":{"alt_text":"","src":"","width":0,"height":0},"classes":[]}],"_links":{"self":[{"href":"https:\/\/www.achimbrueckner.de\/dxradio\/php\/wordpress\/index.php?rest_route=\/wp\/v2\/posts\/36590","targetHints":{"allow":["GET"]}}],"collection":[{"href":"https:\/\/www.achimbrueckner.de\/dxradio\/php\/wordpress\/index.php?rest_route=\/wp\/v2\/posts"}],"about":[{"href":"https:\/\/www.achimbrueckner.de\/dxradio\/php\/wordpress\/index.php?rest_route=\/wp\/v2\/types\/post"}],"author":[{"embeddable":true,"href":"https:\/\/www.achimbrueckner.de\/dxradio\/php\/wordpress\/index.php?rest_route=\/wp\/v2\/users\/1"}],"replies":[{"embeddable":true,"href":"https:\/\/www.achimbrueckner.de\/dxradio\/php\/wordpress\/index.php?rest_route=%2Fwp%2Fv2%2Fcomments&post=36590"}],"version-history":[{"count":0,"href":"https:\/\/www.achimbrueckner.de\/dxradio\/php\/wordpress\/index.php?rest_route=\/wp\/v2\/posts\/36590\/revisions"}],"wp:attachment":[{"href":"https:\/\/www.achimbrueckner.de\/dxradio\/php\/wordpress\/index.php?rest_route=%2Fwp%2Fv2%2Fmedia&parent=36590"}],"wp:term":[{"taxonomy":"category","embeddable":true,"href":"https:\/\/www.achimbrueckner.de\/dxradio\/php\/wordpress\/index.php?rest_route=%2Fwp%2Fv2%2Fcategories&post=36590"},{"taxonomy":"post_tag","embeddable":true,"href":"https:\/\/www.achimbrueckner.de\/dxradio\/php\/wordpress\/index.php?rest_route=%2Fwp%2Fv2%2Ftags&post=36590"}],"curies":[{"name":"wp","href":"https:\/\/api.w.org\/{rel}","templated":true}]}}