{"id":36594,"date":"2022-06-16T19:12:02","date_gmt":"2022-06-16T19:12:02","guid":{"rendered":"https:\/\/www.achimbrueckner.de\/dxradio\/php\/wordpress\/?p=36594"},"modified":"2022-06-16T19:12:02","modified_gmt":"2022-06-16T19:12:02","slug":"nostalgie-radio-aus-der-weltstadt-berlin","status":"publish","type":"post","link":"https:\/\/www.achimbrueckner.de\/dxradio\/php\/wordpress\/?p=36594","title":{"rendered":"Nostalgie Radio aus der Weltstadt Berlin"},"content":{"rendered":"<p><a href=\"http:\/\/nostalgieradioweltweit.de\/\" rel=\"noopener\" target=\"_blank\">http:\/\/nostalgieradioweltweit.de\/<\/a><\/p>\n","protected":false},"excerpt":{"rendered":"<p>http:\/\/nostalgieradioweltweit.de\/<\/p>\n","protected":false},"author":1,"featured_media":0,"comment_status":"closed","ping_status":"open","sticky":false,"template":"","format":"standard","meta":{"_jetpack_memberships_contains_paid_content":false,"footnotes":"","jetpack_publicize_message":"","jetpack_publicize_feature_enabled":true,"jetpack_social_post_already_shared":true,"jetpack_social_options":{"image_generator_settings":{"template":"highway","default_image_id":0,"font":"","enabled":false},"version":2}},"categories":[1],"tags":[],"class_list":["post-36594","post","type-post","status-publish","format-standard","hentry","category-deutsch"],"jetpack_publicize_connections":[],"jetpack_featured_media_url":"","jetpack_sharing_enabled":true,"jetpack_shortlink":"https:\/\/wp.me\/p5CDmr-9we","jetpack-related-posts":[{"id":18709,"url":"https:\/\/www.achimbrueckner.de\/dxradio\/php\/wordpress\/?p=18709","url_meta":{"origin":36594,"position":0},"title":"KCRW Radio Der legend\u00e4re Sender aus den USA kommt nach Berlin","author":"Administrator","date":"August 6, 2018","format":false,"excerpt":"https:\/\/www.berliner-zeitung.de\/kultur\/kcrw-radio-der-legendaere-sender-aus-den-usa-kommt-nach-berlin-31056810#","rel":"","context":"In &quot;Deutsch&quot;","block_context":{"text":"Deutsch","link":"https:\/\/www.achimbrueckner.de\/dxradio\/php\/wordpress\/?cat=1"},"img":{"alt_text":"","src":"","width":0,"height":0},"classes":[]},{"id":31487,"url":"https:\/\/www.achimbrueckner.de\/dxradio\/php\/wordpress\/?p=31487","url_meta":{"origin":36594,"position":1},"title":"Nostalgie, Driver\u2019s Radio &#038; mehr: Morgen ist der Super-Radio-Montag","author":"Administrator","date":"January 4, 2021","format":false,"excerpt":"https:\/\/www.smartphonefan.de\/2021\/01\/03\/nostalgie-drivers-radio-mehr-morgen-ist-der-super-radio-montag\/","rel":"","context":"In &quot;Deutsch&quot;","block_context":{"text":"Deutsch","link":"https:\/\/www.achimbrueckner.de\/dxradio\/php\/wordpress\/?cat=1"},"img":{"alt_text":"","src":"","width":0,"height":0},"classes":[]},{"id":36324,"url":"https:\/\/www.achimbrueckner.de\/dxradio\/php\/wordpress\/?p=36324","url_meta":{"origin":36594,"position":2},"title":"Radio Ladies First auf laut.fm","author":"Administrator","date":"May 14, 2022","format":false,"excerpt":"Radio Ladies First auf laut.fm Seit kurzem gibt es via laut.fm einen neuen Memorialstream. Es laufen Mitschnitte, Jingles, Kenner und viele Original-Erinnerungen an Bernd Schumachers legend\u00e4res Radio Ladies 1 aus Baden-Baden. Ladies 1 war einer der beliebtesten und erfolgreichsten Privatsendern im L\u00e4ndle. Neben Bernd Schumacher geh\u00f6rten u.a. Garry Preston, Conny\u2026","rel":"","context":"In &quot;Deutsch&quot;","block_context":{"text":"Deutsch","link":"https:\/\/www.achimbrueckner.de\/dxradio\/php\/wordpress\/?cat=1"},"img":{"alt_text":"","src":"","width":0,"height":0},"classes":[]},{"id":7425,"url":"https:\/\/www.achimbrueckner.de\/dxradio\/php\/wordpress\/?p=7425","url_meta":{"origin":36594,"position":3},"title":"OHRFUNK Radio von und f\u00fcr Sehbehinderte aus Berlin","author":"Administrator","date":"February 1, 2016","format":false,"excerpt":"http:\/\/www.berliner-zeitung.de\/berlin\/ohrfunk-radio-von-und-fuer-sehbehinderte-aus-berlin,10809148,33673352.html","rel":"","context":"In &quot;Deutsch&quot;","block_context":{"text":"Deutsch","link":"https:\/\/www.achimbrueckner.de\/dxradio\/php\/wordpress\/?cat=1"},"img":{"alt_text":"","src":"","width":0,"height":0},"classes":[]},{"id":9988,"url":"https:\/\/www.achimbrueckner.de\/dxradio\/php\/wordpress\/?p=9988","url_meta":{"origin":36594,"position":4},"title":"Per Kabel aus Berlin Als der Brocken zum Fernsehberg wurde","author":"Administrator","date":"August 19, 2016","format":false,"excerpt":"http:\/\/www.mz-web.de\/landkreis-harz\/per-kabel-aus-berlin-als-der-brocken-zum-fernsehberg-wurde-24609618","rel":"","context":"In &quot;Deutsch&quot;","block_context":{"text":"Deutsch","link":"https:\/\/www.achimbrueckner.de\/dxradio\/php\/wordpress\/?cat=1"},"img":{"alt_text":"","src":"","width":0,"height":0},"classes":[]},{"id":8684,"url":"https:\/\/www.achimbrueckner.de\/dxradio\/php\/wordpress\/?p=8684","url_meta":{"origin":36594,"position":5},"title":"DLR Kultur Feature Geheimes Radio im Kalten Krieg","author":"Administrator","date":"July 1, 2016","format":false,"excerpt":"MI 17.August2016 0.05 Uhr MESZ DLR Kultur Feature Geheimes Radio im Kalten Krieg Produktion: DLR Berlin 2000 \u200bAls vor 60 Jahren, am 17.August 1956, die KPD in der Bundesrepublik Deutschland verboten wurde, ging der \"Deutsche Freiheitssender 904\" von einem geheimen Ort in Ost- Berlin auf Sendung. Seine Durchsagen gaben immer\u2026","rel":"","context":"In &quot;Deutsch&quot;","block_context":{"text":"Deutsch","link":"https:\/\/www.achimbrueckner.de\/dxradio\/php\/wordpress\/?cat=1"},"img":{"alt_text":"","src":"","width":0,"height":0},"classes":[]}],"_links":{"self":[{"href":"https:\/\/www.achimbrueckner.de\/dxradio\/php\/wordpress\/index.php?rest_route=\/wp\/v2\/posts\/36594","targetHints":{"allow":["GET"]}}],"collection":[{"href":"https:\/\/www.achimbrueckner.de\/dxradio\/php\/wordpress\/index.php?rest_route=\/wp\/v2\/posts"}],"about":[{"href":"https:\/\/www.achimbrueckner.de\/dxradio\/php\/wordpress\/index.php?rest_route=\/wp\/v2\/types\/post"}],"author":[{"embeddable":true,"href":"https:\/\/www.achimbrueckner.de\/dxradio\/php\/wordpress\/index.php?rest_route=\/wp\/v2\/users\/1"}],"replies":[{"embeddable":true,"href":"https:\/\/www.achimbrueckner.de\/dxradio\/php\/wordpress\/index.php?rest_route=%2Fwp%2Fv2%2Fcomments&post=36594"}],"version-history":[{"count":0,"href":"https:\/\/www.achimbrueckner.de\/dxradio\/php\/wordpress\/index.php?rest_route=\/wp\/v2\/posts\/36594\/revisions"}],"wp:attachment":[{"href":"https:\/\/www.achimbrueckner.de\/dxradio\/php\/wordpress\/index.php?rest_route=%2Fwp%2Fv2%2Fmedia&parent=36594"}],"wp:term":[{"taxonomy":"category","embeddable":true,"href":"https:\/\/www.achimbrueckner.de\/dxradio\/php\/wordpress\/index.php?rest_route=%2Fwp%2Fv2%2Fcategories&post=36594"},{"taxonomy":"post_tag","embeddable":true,"href":"https:\/\/www.achimbrueckner.de\/dxradio\/php\/wordpress\/index.php?rest_route=%2Fwp%2Fv2%2Ftags&post=36594"}],"curies":[{"name":"wp","href":"https:\/\/api.w.org\/{rel}","templated":true}]}}