{"id":36620,"date":"2022-06-19T14:01:12","date_gmt":"2022-06-19T14:01:12","guid":{"rendered":"https:\/\/www.achimbrueckner.de\/dxradio\/php\/wordpress\/?p=36620"},"modified":"2022-06-19T14:01:12","modified_gmt":"2022-06-19T14:01:12","slug":"datenschutzreform-britische-regierung-will-cookie-banner-abschaffen","status":"publish","type":"post","link":"https:\/\/www.achimbrueckner.de\/dxradio\/php\/wordpress\/?p=36620","title":{"rendered":"Datenschutzreform: Britische Regierung will Cookie-Banner abschaffen"},"content":{"rendered":"<p><a href=\"https:\/\/www.heise.de\/news\/Datenschutzreform-Britische-Regierung-will-Cookie-Banner-abschaffen-7145130.html\" rel=\"noopener\" target=\"_blank\">https:\/\/www.heise.de\/news\/Datenschutzreform-Britische-Regierung-will-Cookie-Banner-abschaffen-7145130.html<\/a><\/p>\n","protected":false},"excerpt":{"rendered":"<p>https:\/\/www.heise.de\/news\/Datenschutzreform-Britische-Regierung-will-Cookie-Banner-abschaffen-7145130.html<\/p>\n","protected":false},"author":1,"featured_media":0,"comment_status":"closed","ping_status":"open","sticky":false,"template":"","format":"standard","meta":{"_jetpack_memberships_contains_paid_content":false,"footnotes":"","jetpack_publicize_message":"","jetpack_publicize_feature_enabled":true,"jetpack_social_post_already_shared":true,"jetpack_social_options":{"image_generator_settings":{"template":"highway","default_image_id":0,"font":"","enabled":false},"version":2}},"categories":[1],"tags":[],"class_list":["post-36620","post","type-post","status-publish","format-standard","hentry","category-deutsch"],"jetpack_publicize_connections":[],"jetpack_featured_media_url":"","jetpack_sharing_enabled":true,"jetpack_shortlink":"https:\/\/wp.me\/p5CDmr-9wE","jetpack-related-posts":[{"id":27033,"url":"https:\/\/www.achimbrueckner.de\/dxradio\/php\/wordpress\/?p=27033","url_meta":{"origin":36620,"position":0},"title":"So will die britische Regierung die Rundfunkgeb\u00fchr \u00e4ndern","author":"Administrator","date":"February 6, 2020","format":false,"excerpt":"https:\/\/www.welt.de\/politik\/ausland\/article205640773\/BBC-Rundfunkgebuehren-Britische-Regierung-erwaegt-Aenderungen.html","rel":"","context":"In &quot;Deutsch&quot;","block_context":{"text":"Deutsch","link":"https:\/\/www.achimbrueckner.de\/dxradio\/php\/wordpress\/?cat=1"},"img":{"alt_text":"","src":"","width":0,"height":0},"classes":[]},{"id":27186,"url":"https:\/\/www.achimbrueckner.de\/dxradio\/php\/wordpress\/?p=27186","url_meta":{"origin":36620,"position":1},"title":"Britische Regierung plant offenbar drastischen Umbau der BBC","author":"Administrator","date":"February 17, 2020","format":false,"excerpt":"https:\/\/www.zeit.de\/politik\/ausland\/2020-02\/boris-johnson-bbc-rundfunkgebuehr-umstellung","rel":"","context":"In &quot;Deutsch&quot;","block_context":{"text":"Deutsch","link":"https:\/\/www.achimbrueckner.de\/dxradio\/php\/wordpress\/?cat=1"},"img":{"alt_text":"","src":"","width":0,"height":0},"classes":[]},{"id":34935,"url":"https:\/\/www.achimbrueckner.de\/dxradio\/php\/wordpress\/?p=34935","url_meta":{"origin":36620,"position":2},"title":"Britische Regierung beendet Kampf gegen die BBC","author":"Administrator","date":"March 5, 2022","format":false,"excerpt":"https:\/\/www.sueddeutsche.de\/medien\/bbc-nadine-dorries-tories-kuerzungen-channel-4-ukraine-krieg-1.5541414","rel":"","context":"In &quot;Deutsch&quot;","block_context":{"text":"Deutsch","link":"https:\/\/www.achimbrueckner.de\/dxradio\/php\/wordpress\/?cat=1"},"img":{"alt_text":"","src":"","width":0,"height":0},"classes":[]},{"id":22217,"url":"https:\/\/www.achimbrueckner.de\/dxradio\/php\/wordpress\/?p=22217","url_meta":{"origin":36620,"position":3},"title":"Staatssekret\u00e4r: FP\u00d6 will GIS-Geb\u00fchren abschaffen","author":"Administrator","date":"March 18, 2019","format":false,"excerpt":"https:\/\/www.vienna.at\/staatssekretaer-fpoe-will-gis-gebuehren-abschaffen\/6133139","rel":"","context":"In &quot;Deutsch&quot;","block_context":{"text":"Deutsch","link":"https:\/\/www.achimbrueckner.de\/dxradio\/php\/wordpress\/?cat=1"},"img":{"alt_text":"","src":"","width":0,"height":0},"classes":[]},{"id":6817,"url":"https:\/\/www.achimbrueckner.de\/dxradio\/php\/wordpress\/?p=6817","url_meta":{"origin":36620,"position":4},"title":"Digitalisierung Oettinger will Geoblocking in Europa abschaffen","author":"Administrator","date":"December 9, 2015","format":false,"excerpt":"http:\/\/www.sueddeutsche.de\/digital\/digitalisierung-eu-kommission-will-geoblocking-in-europa-abschaffen-1.2774744","rel":"","context":"In &quot;Deutsch&quot;","block_context":{"text":"Deutsch","link":"https:\/\/www.achimbrueckner.de\/dxradio\/php\/wordpress\/?cat=1"},"img":{"alt_text":"","src":"","width":0,"height":0},"classes":[]},{"id":42951,"url":"https:\/\/www.achimbrueckner.de\/dxradio\/php\/wordpress\/?p=42951","url_meta":{"origin":36620,"position":5},"title":"ARD will Radiosender Cosmo abschaffen Sound der Welt vor dem Aus","author":"Administrator","date":"June 4, 2025","format":false,"excerpt":"https:\/\/taz.de\/ARD-will-Radiosender-Cosmo-abschaffen\/!6088625\/","rel":"","context":"In &quot;Deutsch&quot;","block_context":{"text":"Deutsch","link":"https:\/\/www.achimbrueckner.de\/dxradio\/php\/wordpress\/?cat=1"},"img":{"alt_text":"","src":"","width":0,"height":0},"classes":[]}],"_links":{"self":[{"href":"https:\/\/www.achimbrueckner.de\/dxradio\/php\/wordpress\/index.php?rest_route=\/wp\/v2\/posts\/36620","targetHints":{"allow":["GET"]}}],"collection":[{"href":"https:\/\/www.achimbrueckner.de\/dxradio\/php\/wordpress\/index.php?rest_route=\/wp\/v2\/posts"}],"about":[{"href":"https:\/\/www.achimbrueckner.de\/dxradio\/php\/wordpress\/index.php?rest_route=\/wp\/v2\/types\/post"}],"author":[{"embeddable":true,"href":"https:\/\/www.achimbrueckner.de\/dxradio\/php\/wordpress\/index.php?rest_route=\/wp\/v2\/users\/1"}],"replies":[{"embeddable":true,"href":"https:\/\/www.achimbrueckner.de\/dxradio\/php\/wordpress\/index.php?rest_route=%2Fwp%2Fv2%2Fcomments&post=36620"}],"version-history":[{"count":0,"href":"https:\/\/www.achimbrueckner.de\/dxradio\/php\/wordpress\/index.php?rest_route=\/wp\/v2\/posts\/36620\/revisions"}],"wp:attachment":[{"href":"https:\/\/www.achimbrueckner.de\/dxradio\/php\/wordpress\/index.php?rest_route=%2Fwp%2Fv2%2Fmedia&parent=36620"}],"wp:term":[{"taxonomy":"category","embeddable":true,"href":"https:\/\/www.achimbrueckner.de\/dxradio\/php\/wordpress\/index.php?rest_route=%2Fwp%2Fv2%2Fcategories&post=36620"},{"taxonomy":"post_tag","embeddable":true,"href":"https:\/\/www.achimbrueckner.de\/dxradio\/php\/wordpress\/index.php?rest_route=%2Fwp%2Fv2%2Ftags&post=36620"}],"curies":[{"name":"wp","href":"https:\/\/api.w.org\/{rel}","templated":true}]}}