{"id":36729,"date":"2022-06-27T17:35:47","date_gmt":"2022-06-27T17:35:47","guid":{"rendered":"https:\/\/www.achimbrueckner.de\/dxradio\/php\/wordpress\/?p=36729"},"modified":"2022-06-27T17:35:47","modified_gmt":"2022-06-27T17:35:47","slug":"online-petition-prangert-trans-feindliche-berichterstattung-der-medien-an","status":"publish","type":"post","link":"https:\/\/www.achimbrueckner.de\/dxradio\/php\/wordpress\/?p=36729","title":{"rendered":"Online-Petition prangert \u201ctrans-feindliche Berichterstattung\u201d der Medien an."},"content":{"rendered":"<p><a href=\"https:\/\/www.turi2.de\/aktuell\/online-petition-prangert-trans-feindliche-berichterstattung-der-medien-an\/\" rel=\"noopener\" target=\"_blank\">https:\/\/www.turi2.de\/aktuell\/online-petition-prangert-trans-feindliche-berichterstattung-der-medien-an\/<\/a><\/p>\n","protected":false},"excerpt":{"rendered":"<p>https:\/\/www.turi2.de\/aktuell\/online-petition-prangert-trans-feindliche-berichterstattung-der-medien-an\/<\/p>\n","protected":false},"author":1,"featured_media":0,"comment_status":"closed","ping_status":"open","sticky":false,"template":"","format":"standard","meta":{"_jetpack_memberships_contains_paid_content":false,"footnotes":"","jetpack_publicize_message":"","jetpack_publicize_feature_enabled":true,"jetpack_social_post_already_shared":true,"jetpack_social_options":{"image_generator_settings":{"template":"highway","default_image_id":0,"font":"","enabled":false},"version":2}},"categories":[1],"tags":[],"class_list":["post-36729","post","type-post","status-publish","format-standard","hentry","category-deutsch"],"jetpack_publicize_connections":[],"jetpack_featured_media_url":"","jetpack_sharing_enabled":true,"jetpack_shortlink":"https:\/\/wp.me\/p5CDmr-9yp","jetpack-related-posts":[{"id":29098,"url":"https:\/\/www.achimbrueckner.de\/dxradio\/php\/wordpress\/?p=29098","url_meta":{"origin":36729,"position":0},"title":"Medienclub diskutiert Corona-Berichterstattung","author":"Administrator","date":"June 16, 2020","format":false,"excerpt":"https:\/\/www.persoenlich.com\/medien\/medienclub-diskutiert-corona-berichterstattung","rel":"","context":"In &quot;Deutsch&quot;","block_context":{"text":"Deutsch","link":"https:\/\/www.achimbrueckner.de\/dxradio\/php\/wordpress\/?cat=1"},"img":{"alt_text":"","src":"","width":0,"height":0},"classes":[]},{"id":11468,"url":"https:\/\/www.achimbrueckner.de\/dxradio\/php\/wordpress\/?p=11468","url_meta":{"origin":36729,"position":1},"title":"Berichterstattung \u00fcber Berliner Anschlag &#8220;Medien k\u00f6nnen den Geschwindigkeitswettbewerb nicht gewinnen&#8221;","author":"Administrator","date":"December 20, 2016","format":false,"excerpt":"http:\/\/www.deutschlandfunk.de\/berichterstattung-ueber-berliner-anschlag-medien-koennen.691.de.html?dram%3Aarticle_id=374447","rel":"","context":"In &quot;Deutsch&quot;","block_context":{"text":"Deutsch","link":"https:\/\/www.achimbrueckner.de\/dxradio\/php\/wordpress\/?cat=1"},"img":{"alt_text":"","src":"","width":0,"height":0},"classes":[]},{"id":8422,"url":"https:\/\/www.achimbrueckner.de\/dxradio\/php\/wordpress\/?p=8422","url_meta":{"origin":36729,"position":2},"title":"Berichterstattung in Westjordanland und Gaza M\u00e4rtyrer f\u00fcr die einen, M\u00f6rder f\u00fcr die anderen","author":"Administrator","date":"May 30, 2016","format":false,"excerpt":"http:\/\/www.tagesspiegel.de\/medien\/berichterstattung-in-westjordanland-und-gaza-maertyrer-fuer-die-einen-moerder-fuer-die-anderen\/13657558.html","rel":"","context":"In &quot;Deutsch&quot;","block_context":{"text":"Deutsch","link":"https:\/\/www.achimbrueckner.de\/dxradio\/php\/wordpress\/?cat=1"},"img":{"alt_text":"","src":"","width":0,"height":0},"classes":[]},{"id":24449,"url":"https:\/\/www.achimbrueckner.de\/dxradio\/php\/wordpress\/?p=24449","url_meta":{"origin":36729,"position":3},"title":"Proteste in Hongkong: Wie China die Berichterstattung manipuliert","author":"Administrator","date":"August 24, 2019","format":false,"excerpt":"https:\/\/www.br.de\/radio\/b5-aktuell\/sendungen\/medienmagazin\/proteste-hongkong-china-manipuliert-berichterstattung-100.html","rel":"","context":"In &quot;Deutsch&quot;","block_context":{"text":"Deutsch","link":"https:\/\/www.achimbrueckner.de\/dxradio\/php\/wordpress\/?cat=1"},"img":{"alt_text":"","src":"","width":0,"height":0},"classes":[]},{"id":10103,"url":"https:\/\/www.achimbrueckner.de\/dxradio\/php\/wordpress\/?p=10103","url_meta":{"origin":36729,"position":4},"title":"Zwischen Selbstdarstellung und Berichterstattung Ist der Islamische Staat die Medienmarke des Jahres?","author":"Administrator","date":"August 27, 2016","format":false,"excerpt":"http:\/\/www.dwdl.de\/magazin\/57393\/ist_der_islamische_staat_die_medienmarke_des_jahres\/","rel":"","context":"In &quot;Deutsch&quot;","block_context":{"text":"Deutsch","link":"https:\/\/www.achimbrueckner.de\/dxradio\/php\/wordpress\/?cat=1"},"img":{"alt_text":"","src":"","width":0,"height":0},"classes":[]},{"id":33081,"url":"https:\/\/www.achimbrueckner.de\/dxradio\/php\/wordpress\/?p=33081","url_meta":{"origin":36729,"position":5},"title":"Kritik an Hochwasser-Berichterstattung des WDR: \u201eUnser Studio konnte nicht mehr senden\u201c","author":"Administrator","date":"July 17, 2021","format":false,"excerpt":"https:\/\/www.rnd.de\/medien\/kritik-an-hochwasser-berichterstattung-des-wdr-unser-studio-konnte-nicht-mehr-senden-PJAKQ66XFBG2NC6IDNF3CPL7BU.html","rel":"","context":"In &quot;Deutsch&quot;","block_context":{"text":"Deutsch","link":"https:\/\/www.achimbrueckner.de\/dxradio\/php\/wordpress\/?cat=1"},"img":{"alt_text":"","src":"","width":0,"height":0},"classes":[]}],"_links":{"self":[{"href":"https:\/\/www.achimbrueckner.de\/dxradio\/php\/wordpress\/index.php?rest_route=\/wp\/v2\/posts\/36729","targetHints":{"allow":["GET"]}}],"collection":[{"href":"https:\/\/www.achimbrueckner.de\/dxradio\/php\/wordpress\/index.php?rest_route=\/wp\/v2\/posts"}],"about":[{"href":"https:\/\/www.achimbrueckner.de\/dxradio\/php\/wordpress\/index.php?rest_route=\/wp\/v2\/types\/post"}],"author":[{"embeddable":true,"href":"https:\/\/www.achimbrueckner.de\/dxradio\/php\/wordpress\/index.php?rest_route=\/wp\/v2\/users\/1"}],"replies":[{"embeddable":true,"href":"https:\/\/www.achimbrueckner.de\/dxradio\/php\/wordpress\/index.php?rest_route=%2Fwp%2Fv2%2Fcomments&post=36729"}],"version-history":[{"count":0,"href":"https:\/\/www.achimbrueckner.de\/dxradio\/php\/wordpress\/index.php?rest_route=\/wp\/v2\/posts\/36729\/revisions"}],"wp:attachment":[{"href":"https:\/\/www.achimbrueckner.de\/dxradio\/php\/wordpress\/index.php?rest_route=%2Fwp%2Fv2%2Fmedia&parent=36729"}],"wp:term":[{"taxonomy":"category","embeddable":true,"href":"https:\/\/www.achimbrueckner.de\/dxradio\/php\/wordpress\/index.php?rest_route=%2Fwp%2Fv2%2Fcategories&post=36729"},{"taxonomy":"post_tag","embeddable":true,"href":"https:\/\/www.achimbrueckner.de\/dxradio\/php\/wordpress\/index.php?rest_route=%2Fwp%2Fv2%2Ftags&post=36729"}],"curies":[{"name":"wp","href":"https:\/\/api.w.org\/{rel}","templated":true}]}}