{"id":3674,"date":"2014-10-16T07:18:50","date_gmt":"2014-10-16T07:18:50","guid":{"rendered":"https:\/\/www.achimbrueckner.de\/dxradio\/php\/wordpress\/?p=3674"},"modified":"2014-10-16T07:18:50","modified_gmt":"2014-10-16T07:18:50","slug":"zeitreisen-durch-das-funkhaus","status":"publish","type":"post","link":"https:\/\/www.achimbrueckner.de\/dxradio\/php\/wordpress\/?p=3674","title":{"rendered":"Zeitreisen durch das Funkhaus"},"content":{"rendered":"<p><a href=\"http:\/\/zeitreisen.cre-aktiv.com\/\" target=\"_blank\">http:\/\/zeitreisen.cre-aktiv.com\/<\/a><\/p>\n","protected":false},"excerpt":{"rendered":"<p>http:\/\/zeitreisen.cre-aktiv.com\/<\/p>\n","protected":false},"author":1,"featured_media":0,"comment_status":"open","ping_status":"open","sticky":false,"template":"","format":"standard","meta":{"_jetpack_memberships_contains_paid_content":false,"footnotes":"","jetpack_publicize_message":"","jetpack_publicize_feature_enabled":true,"jetpack_social_post_already_shared":false,"jetpack_social_options":{"image_generator_settings":{"template":"highway","default_image_id":0,"font":"","enabled":false},"version":2}},"categories":[1],"tags":[],"class_list":["post-3674","post","type-post","status-publish","format-standard","hentry","category-deutsch"],"jetpack_publicize_connections":[],"jetpack_featured_media_url":"","jetpack_sharing_enabled":true,"jetpack_shortlink":"https:\/\/wp.me\/p5CDmr-Xg","jetpack-related-posts":[{"id":39184,"url":"https:\/\/www.achimbrueckner.de\/dxradio\/php\/wordpress\/?p=39184","url_meta":{"origin":3674,"position":0},"title":"SR bietet wieder kostenlose F\u00fchrungen durch das Funkhaus Halberg an","author":"Administrator","date":"March 31, 2023","format":false,"excerpt":"https:\/\/www.infosat.de\/entertainment\/sr-bietet-wieder-kostenlose-f-hrungen-durch-das-funkhaus-halberg","rel":"","context":"In &quot;Deutsch&quot;","block_context":{"text":"Deutsch","link":"https:\/\/www.achimbrueckner.de\/dxradio\/php\/wordpress\/?cat=1"},"img":{"alt_text":"","src":"","width":0,"height":0},"classes":[]},{"id":14847,"url":"https:\/\/www.achimbrueckner.de\/dxradio\/php\/wordpress\/?p=14847","url_meta":{"origin":3674,"position":1},"title":"Eine Reise durch das Wiener Funkhaus","author":"Administrator","date":"October 3, 2017","format":false,"excerpt":"http:\/\/oe1.orf.at\/programm\/20171001\/486859","rel":"","context":"In &quot;Deutsch&quot;","block_context":{"text":"Deutsch","link":"https:\/\/www.achimbrueckner.de\/dxradio\/php\/wordpress\/?cat=1"},"img":{"alt_text":"","src":"","width":0,"height":0},"classes":[]},{"id":34549,"url":"https:\/\/www.achimbrueckner.de\/dxradio\/php\/wordpress\/?p=34549","url_meta":{"origin":3674,"position":2},"title":"Zeitreise durch das einstige DDR-Rundfunkzentrum und heutige Funkhaus Berlin","author":"Administrator","date":"February 1, 2022","format":false,"excerpt":"https:\/\/www.zeitreisen-nalepafunk.com\/","rel":"","context":"In &quot;Deutsch&quot;","block_context":{"text":"Deutsch","link":"https:\/\/www.achimbrueckner.de\/dxradio\/php\/wordpress\/?cat=1"},"img":{"alt_text":"","src":"","width":0,"height":0},"classes":[]},{"id":608,"url":"https:\/\/www.achimbrueckner.de\/dxradio\/php\/wordpress\/?p=608","url_meta":{"origin":3674,"position":3},"title":"Funkhaus Nalepastra\u00dfe","author":"Administrator","date":"October 21, 2009","format":false,"excerpt":"\u00dcber das Funkhaus Nalepastra\u00dfe berichtet das RBB Fernsehen unter dem Titel Funkstille am 31. Oktober 2009 um 1710 MEZ: http:\/\/www.rbb-online.de\/fernsehen\/programm\/31_10_2009\/ID142169241.html Info via RHCI","rel":"","context":"In &quot;Deutsch&quot;","block_context":{"text":"Deutsch","link":"https:\/\/www.achimbrueckner.de\/dxradio\/php\/wordpress\/?cat=1"},"img":{"alt_text":"","src":"","width":0,"height":0},"classes":[]},{"id":558,"url":"https:\/\/www.achimbrueckner.de\/dxradio\/php\/wordpress\/?p=558","url_meta":{"origin":3674,"position":4},"title":"Funkhaus Nalepastra\u00dfe","author":"Administrator","date":"October 2, 2009","format":false,"excerpt":"\u00dcber das Funkhaus Nalepastra\u00dfe (DDR-Rundfunk) berichtete WDR5: http:\/\/www.wdr5.de\/sendungen\/scala\/sendungsdetailseite.html?tx_wdr5ppfe_pi1[showUid]=5264766&tx_wdr5ppfe_pi1[beitragsUid]=26426&cHash=8a6cd9b1c9","rel":"","context":"In &quot;Deutsch&quot;","block_context":{"text":"Deutsch","link":"https:\/\/www.achimbrueckner.de\/dxradio\/php\/wordpress\/?cat=1"},"img":{"alt_text":"","src":"","width":0,"height":0},"classes":[]},{"id":23544,"url":"https:\/\/www.achimbrueckner.de\/dxradio\/php\/wordpress\/?p=23544","url_meta":{"origin":3674,"position":5},"title":"Funkhaus Rosenheim schaltet DABplus-Angebot frei: \u201eMehr Radio f\u00fcr das Voralpenland\u201c","author":"Administrator","date":"June 28, 2019","format":false,"excerpt":"https:\/\/www.blick-punkt.com\/funkhaus-rosenheim-schaltet-dabplus-angebot-frei-mehr-radio-fuer-das-voralpenland\/https:\/\/www.blick-punkt.com\/funkhaus-rosenheim-schaltet-dabplus-angebot-frei-mehr-radio-fuer-das-voralpenland\/","rel":"","context":"In &quot;Deutsch&quot;","block_context":{"text":"Deutsch","link":"https:\/\/www.achimbrueckner.de\/dxradio\/php\/wordpress\/?cat=1"},"img":{"alt_text":"","src":"","width":0,"height":0},"classes":[]}],"_links":{"self":[{"href":"https:\/\/www.achimbrueckner.de\/dxradio\/php\/wordpress\/index.php?rest_route=\/wp\/v2\/posts\/3674","targetHints":{"allow":["GET"]}}],"collection":[{"href":"https:\/\/www.achimbrueckner.de\/dxradio\/php\/wordpress\/index.php?rest_route=\/wp\/v2\/posts"}],"about":[{"href":"https:\/\/www.achimbrueckner.de\/dxradio\/php\/wordpress\/index.php?rest_route=\/wp\/v2\/types\/post"}],"author":[{"embeddable":true,"href":"https:\/\/www.achimbrueckner.de\/dxradio\/php\/wordpress\/index.php?rest_route=\/wp\/v2\/users\/1"}],"replies":[{"embeddable":true,"href":"https:\/\/www.achimbrueckner.de\/dxradio\/php\/wordpress\/index.php?rest_route=%2Fwp%2Fv2%2Fcomments&post=3674"}],"version-history":[{"count":0,"href":"https:\/\/www.achimbrueckner.de\/dxradio\/php\/wordpress\/index.php?rest_route=\/wp\/v2\/posts\/3674\/revisions"}],"wp:attachment":[{"href":"https:\/\/www.achimbrueckner.de\/dxradio\/php\/wordpress\/index.php?rest_route=%2Fwp%2Fv2%2Fmedia&parent=3674"}],"wp:term":[{"taxonomy":"category","embeddable":true,"href":"https:\/\/www.achimbrueckner.de\/dxradio\/php\/wordpress\/index.php?rest_route=%2Fwp%2Fv2%2Fcategories&post=3674"},{"taxonomy":"post_tag","embeddable":true,"href":"https:\/\/www.achimbrueckner.de\/dxradio\/php\/wordpress\/index.php?rest_route=%2Fwp%2Fv2%2Ftags&post=3674"}],"curies":[{"name":"wp","href":"https:\/\/api.w.org\/{rel}","templated":true}]}}