{"id":36758,"date":"2022-06-29T17:26:25","date_gmt":"2022-06-29T17:26:25","guid":{"rendered":"https:\/\/www.achimbrueckner.de\/dxradio\/php\/wordpress\/?p=36758"},"modified":"2022-06-29T17:26:25","modified_gmt":"2022-06-29T17:26:25","slug":"nachhaltige-produkte-wir-mussen-uber-geistiges-eigentum-reden","status":"publish","type":"post","link":"https:\/\/www.achimbrueckner.de\/dxradio\/php\/wordpress\/?p=36758","title":{"rendered":"Nachhaltige Produkte:  Wir m\u00fcssen \u00fcber geistiges Eigentum reden"},"content":{"rendered":"<p><a href=\"https:\/\/netzpolitik.org\/2022\/nachhaltige-produkte-wir-muessen-ueber-geistiges-eigentum-reden\/\" rel=\"noopener\" target=\"_blank\">https:\/\/netzpolitik.org\/2022\/nachhaltige-produkte-wir-muessen-ueber-geistiges-eigentum-reden\/<\/a><\/p>\n","protected":false},"excerpt":{"rendered":"<p>https:\/\/netzpolitik.org\/2022\/nachhaltige-produkte-wir-muessen-ueber-geistiges-eigentum-reden\/<\/p>\n","protected":false},"author":1,"featured_media":0,"comment_status":"closed","ping_status":"open","sticky":false,"template":"","format":"standard","meta":{"_jetpack_memberships_contains_paid_content":false,"footnotes":"","jetpack_publicize_message":"","jetpack_publicize_feature_enabled":true,"jetpack_social_post_already_shared":true,"jetpack_social_options":{"image_generator_settings":{"template":"highway","default_image_id":0,"font":"","enabled":false},"version":2}},"categories":[1],"tags":[],"class_list":["post-36758","post","type-post","status-publish","format-standard","hentry","category-deutsch"],"jetpack_publicize_connections":[],"jetpack_featured_media_url":"","jetpack_sharing_enabled":true,"jetpack_shortlink":"https:\/\/wp.me\/p5CDmr-9yS","jetpack-related-posts":[{"id":22923,"url":"https:\/\/www.achimbrueckner.de\/dxradio\/php\/wordpress\/?p=22923","url_meta":{"origin":36758,"position":0},"title":"Wir reden \u00fcber Sex: 1LIVE startet Call-in-Sendung \u201cFuck Forward\u201d","author":"Administrator","date":"April 29, 2019","format":false,"excerpt":"http:\/\/www.radiowoche.de\/wir-reden-ueber-sex-1live-startet-call-in-sendung-fuck-forward\/","rel":"","context":"In &quot;Deutsch&quot;","block_context":{"text":"Deutsch","link":"https:\/\/www.achimbrueckner.de\/dxradio\/php\/wordpress\/?cat=1"},"img":{"alt_text":"","src":"","width":0,"height":0},"classes":[]},{"id":13714,"url":"https:\/\/www.achimbrueckner.de\/dxradio\/php\/wordpress\/?p=13714","url_meta":{"origin":36758,"position":1},"title":"Suizide und Unf\u00e4lle: Warum Medien manchmal mundfaul sind","author":"Administrator","date":"July 13, 2017","format":false,"excerpt":"http:\/\/www.badische-zeitung.de\/wir-muessen-reden-x1x\/wir-muessen-reden-warum-medien-manchmal-mundfaul-sind--139097380.html","rel":"","context":"In &quot;Deutsch&quot;","block_context":{"text":"Deutsch","link":"https:\/\/www.achimbrueckner.de\/dxradio\/php\/wordpress\/?cat=1"},"img":{"alt_text":"","src":"","width":0,"height":0},"classes":[]},{"id":45042,"url":"https:\/\/www.achimbrueckner.de\/dxradio\/php\/wordpress\/?p=45042","url_meta":{"origin":36758,"position":2},"title":"\u00dcber 1 Milliarde Streams: Breakthrough-Artists sind nachhaltige Erfolgsgaranten","author":"Administrator","date":"February 14, 2026","format":false,"excerpt":"https:\/\/www.radioszene.de\/211510\/breakthrough-artists.html","rel":"","context":"In &quot;Deutsch&quot;","block_context":{"text":"Deutsch","link":"https:\/\/www.achimbrueckner.de\/dxradio\/php\/wordpress\/?cat=1"},"img":{"alt_text":"","src":"","width":0,"height":0},"classes":[]},{"id":7323,"url":"https:\/\/www.achimbrueckner.de\/dxradio\/php\/wordpress\/?p=7323","url_meta":{"origin":36758,"position":3},"title":"Wir m\u00fcssen reden. \u00dcber Glaubw\u00fcrdigkeit.","author":"Administrator","date":"January 20, 2016","format":false,"excerpt":"http:\/\/www.dwdl.de\/meinungen\/54321\/wir_muessen_reden_ueber_glaubwuerdigkeit\/","rel":"","context":"In &quot;Deutsch&quot;","block_context":{"text":"Deutsch","link":"https:\/\/www.achimbrueckner.de\/dxradio\/php\/wordpress\/?cat=1"},"img":{"alt_text":"","src":"","width":0,"height":0},"classes":[]},{"id":19297,"url":"https:\/\/www.achimbrueckner.de\/dxradio\/php\/wordpress\/?p=19297","url_meta":{"origin":36758,"position":4},"title":"TV-Panel bei den \u00d6sterreichischen Medientagen Demmel: &#8220;Wir reden gerade unser Mediensystem klein&#8221;","author":"Administrator","date":"September 26, 2018","format":false,"excerpt":"https:\/\/www.dwdl.de\/nachrichten\/68943\/demmel_wir_reden_gerade_unser_mediensystem_klein\/","rel":"","context":"In &quot;Deutsch&quot;","block_context":{"text":"Deutsch","link":"https:\/\/www.achimbrueckner.de\/dxradio\/php\/wordpress\/?cat=1"},"img":{"alt_text":"","src":"","width":0,"height":0},"classes":[]},{"id":30655,"url":"https:\/\/www.achimbrueckner.de\/dxradio\/php\/wordpress\/?p=30655","url_meta":{"origin":36758,"position":5},"title":"NDR Info Podcast zur US-Wahl: Amerika, wir m\u00fcssen reden!","author":"Administrator","date":"November 1, 2020","format":false,"excerpt":"https:\/\/www.radioszene.de\/149143\/ndr-info-podcast-usa-wahlen.html","rel":"","context":"In &quot;Deutsch&quot;","block_context":{"text":"Deutsch","link":"https:\/\/www.achimbrueckner.de\/dxradio\/php\/wordpress\/?cat=1"},"img":{"alt_text":"","src":"","width":0,"height":0},"classes":[]}],"_links":{"self":[{"href":"https:\/\/www.achimbrueckner.de\/dxradio\/php\/wordpress\/index.php?rest_route=\/wp\/v2\/posts\/36758","targetHints":{"allow":["GET"]}}],"collection":[{"href":"https:\/\/www.achimbrueckner.de\/dxradio\/php\/wordpress\/index.php?rest_route=\/wp\/v2\/posts"}],"about":[{"href":"https:\/\/www.achimbrueckner.de\/dxradio\/php\/wordpress\/index.php?rest_route=\/wp\/v2\/types\/post"}],"author":[{"embeddable":true,"href":"https:\/\/www.achimbrueckner.de\/dxradio\/php\/wordpress\/index.php?rest_route=\/wp\/v2\/users\/1"}],"replies":[{"embeddable":true,"href":"https:\/\/www.achimbrueckner.de\/dxradio\/php\/wordpress\/index.php?rest_route=%2Fwp%2Fv2%2Fcomments&post=36758"}],"version-history":[{"count":0,"href":"https:\/\/www.achimbrueckner.de\/dxradio\/php\/wordpress\/index.php?rest_route=\/wp\/v2\/posts\/36758\/revisions"}],"wp:attachment":[{"href":"https:\/\/www.achimbrueckner.de\/dxradio\/php\/wordpress\/index.php?rest_route=%2Fwp%2Fv2%2Fmedia&parent=36758"}],"wp:term":[{"taxonomy":"category","embeddable":true,"href":"https:\/\/www.achimbrueckner.de\/dxradio\/php\/wordpress\/index.php?rest_route=%2Fwp%2Fv2%2Fcategories&post=36758"},{"taxonomy":"post_tag","embeddable":true,"href":"https:\/\/www.achimbrueckner.de\/dxradio\/php\/wordpress\/index.php?rest_route=%2Fwp%2Fv2%2Ftags&post=36758"}],"curies":[{"name":"wp","href":"https:\/\/api.w.org\/{rel}","templated":true}]}}