{"id":3678,"date":"2014-10-17T06:09:08","date_gmt":"2014-10-17T06:09:08","guid":{"rendered":"https:\/\/www.achimbrueckner.de\/dxradio\/php\/wordpress\/?p=3678"},"modified":"2014-10-17T06:09:08","modified_gmt":"2014-10-17T06:09:08","slug":"60-jahre-transistorradio-der-klang-einer-guten-idee","status":"publish","type":"post","link":"https:\/\/www.achimbrueckner.de\/dxradio\/php\/wordpress\/?p=3678","title":{"rendered":"60 Jahre Transistorradio Der Klang einer guten Idee"},"content":{"rendered":"<p><a href=\"http:\/\/www.zeit.de\/zeit-magazin\/leben\/2014-08\/fs-magnum-radio-transistorradio\" target=\"_blank\">http:\/\/www.zeit.de\/zeit-magazin\/leben\/2014-08\/fs-magnum-radio-transistorradio<\/a><\/p>\n","protected":false},"excerpt":{"rendered":"<p>http:\/\/www.zeit.de\/zeit-magazin\/leben\/2014-08\/fs-magnum-radio-transistorradio<\/p>\n","protected":false},"author":1,"featured_media":0,"comment_status":"open","ping_status":"open","sticky":false,"template":"","format":"standard","meta":{"_jetpack_memberships_contains_paid_content":false,"footnotes":"","jetpack_publicize_message":"","jetpack_publicize_feature_enabled":true,"jetpack_social_post_already_shared":false,"jetpack_social_options":{"image_generator_settings":{"template":"highway","default_image_id":0,"font":"","enabled":false},"version":2}},"categories":[1],"tags":[],"class_list":["post-3678","post","type-post","status-publish","format-standard","hentry","category-deutsch"],"jetpack_publicize_connections":[],"jetpack_featured_media_url":"","jetpack_sharing_enabled":true,"jetpack_shortlink":"https:\/\/wp.me\/p5CDmr-Xk","jetpack-related-posts":[{"id":3683,"url":"https:\/\/www.achimbrueckner.de\/dxradio\/php\/wordpress\/?p=3683","url_meta":{"origin":3678,"position":0},"title":"60 Jahre Transistorradio Man h\u00f6rt nur mit den Ohren gut","author":"Administrator","date":"October 18, 2014","format":false,"excerpt":"http:\/\/www.zeit.de\/zeit-magazin\/leben\/2014-08\/fs-magnum-radio-transistorradio","rel":"","context":"In &quot;Deutsch&quot;","block_context":{"text":"Deutsch","link":"https:\/\/www.achimbrueckner.de\/dxradio\/php\/wordpress\/?cat=1"},"img":{"alt_text":"","src":"","width":0,"height":0},"classes":[]},{"id":13553,"url":"https:\/\/www.achimbrueckner.de\/dxradio\/php\/wordpress\/?p=13553","url_meta":{"origin":3678,"position":1},"title":"50 Jahre CES: Vom Transistorradio zum Elektromobil","author":"Administrator","date":"June 28, 2017","format":false,"excerpt":"https:\/\/www.heise.de\/newsticker\/meldung\/50-Jahre-CES-Vom-Transistorradio-zum-Elektromobil-3758114.html","rel":"","context":"In &quot;Deutsch&quot;","block_context":{"text":"Deutsch","link":"https:\/\/www.achimbrueckner.de\/dxradio\/php\/wordpress\/?cat=1"},"img":{"alt_text":"","src":"","width":0,"height":0},"classes":[]},{"id":3682,"url":"https:\/\/www.achimbrueckner.de\/dxradio\/php\/wordpress\/?p=3682","url_meta":{"origin":3678,"position":2},"title":"Vor 60 Jahren: Das erste Transistorradio kommt auf den Markt","author":"Administrator","date":"October 18, 2014","format":false,"excerpt":"http:\/\/www.heise.de\/newsticker\/meldung\/Vor-60-Jahren-Das-erste-Transistorradio-kommt-auf-den-Markt-2427276.html","rel":"","context":"In &quot;Deutsch&quot;","block_context":{"text":"Deutsch","link":"https:\/\/www.achimbrueckner.de\/dxradio\/php\/wordpress\/?cat=1"},"img":{"alt_text":"","src":"","width":0,"height":0},"classes":[]},{"id":23689,"url":"https:\/\/www.achimbrueckner.de\/dxradio\/php\/wordpress\/?p=23689","url_meta":{"origin":3678,"position":3},"title":"100 JAAR RADIO: DE EERSTE TRANSISTORRADIO","author":"Administrator","date":"July 8, 2019","format":false,"excerpt":"http:\/\/freewave-media-magazine.nl\/?p=5571","rel":"","context":"In &quot;Deutsch&quot;","block_context":{"text":"Deutsch","link":"https:\/\/www.achimbrueckner.de\/dxradio\/php\/wordpress\/?cat=1"},"img":{"alt_text":"","src":"","width":0,"height":0},"classes":[]},{"id":435,"url":"https:\/\/www.achimbrueckner.de\/dxradio\/php\/wordpress\/?p=435","url_meta":{"origin":3678,"position":4},"title":"K\u00fcrzere Wellen f\u00fcr besseren Klang: 60 Jahre UKW-Radio","author":"Administrator","date":"February 26, 2009","format":false,"excerpt":"Donnerstag | 26.02.2009 | 18.05 Uhr Bayern2 K\u00fcrzere Wellen f\u00fcr besseren Klang : 60 Jahre UKW-Radio Vor 60 Jahren wurde aus einer Notlage heraus das UKW-Rundfunksystem in Deutschland entwickelt. Ein Gl\u00fcck f\u00fcr die H\u00f6rer: Denn UKW brachte ihnen vieleVorteile. Ein Feature von David Globig Info via Paul Gager auf A-DX","rel":"","context":"In &quot;Deutsch&quot;","block_context":{"text":"Deutsch","link":"https:\/\/www.achimbrueckner.de\/dxradio\/php\/wordpress\/?cat=1"},"img":{"alt_text":"","src":"","width":0,"height":0},"classes":[]},{"id":4700,"url":"https:\/\/www.achimbrueckner.de\/dxradio\/php\/wordpress\/?p=4700","url_meta":{"origin":3678,"position":5},"title":"30 Jahre Radio Gong An guten Tagen ungeniert","author":"Administrator","date":"May 22, 2015","format":false,"excerpt":"http:\/\/www.sueddeutsche.de\/leben\/jahre-radio-gong-an-guten-tagen-ungeniert-1.2487625?reduced=true","rel":"","context":"In &quot;Deutsch&quot;","block_context":{"text":"Deutsch","link":"https:\/\/www.achimbrueckner.de\/dxradio\/php\/wordpress\/?cat=1"},"img":{"alt_text":"","src":"","width":0,"height":0},"classes":[]}],"_links":{"self":[{"href":"https:\/\/www.achimbrueckner.de\/dxradio\/php\/wordpress\/index.php?rest_route=\/wp\/v2\/posts\/3678","targetHints":{"allow":["GET"]}}],"collection":[{"href":"https:\/\/www.achimbrueckner.de\/dxradio\/php\/wordpress\/index.php?rest_route=\/wp\/v2\/posts"}],"about":[{"href":"https:\/\/www.achimbrueckner.de\/dxradio\/php\/wordpress\/index.php?rest_route=\/wp\/v2\/types\/post"}],"author":[{"embeddable":true,"href":"https:\/\/www.achimbrueckner.de\/dxradio\/php\/wordpress\/index.php?rest_route=\/wp\/v2\/users\/1"}],"replies":[{"embeddable":true,"href":"https:\/\/www.achimbrueckner.de\/dxradio\/php\/wordpress\/index.php?rest_route=%2Fwp%2Fv2%2Fcomments&post=3678"}],"version-history":[{"count":0,"href":"https:\/\/www.achimbrueckner.de\/dxradio\/php\/wordpress\/index.php?rest_route=\/wp\/v2\/posts\/3678\/revisions"}],"wp:attachment":[{"href":"https:\/\/www.achimbrueckner.de\/dxradio\/php\/wordpress\/index.php?rest_route=%2Fwp%2Fv2%2Fmedia&parent=3678"}],"wp:term":[{"taxonomy":"category","embeddable":true,"href":"https:\/\/www.achimbrueckner.de\/dxradio\/php\/wordpress\/index.php?rest_route=%2Fwp%2Fv2%2Fcategories&post=3678"},{"taxonomy":"post_tag","embeddable":true,"href":"https:\/\/www.achimbrueckner.de\/dxradio\/php\/wordpress\/index.php?rest_route=%2Fwp%2Fv2%2Ftags&post=3678"}],"curies":[{"name":"wp","href":"https:\/\/api.w.org\/{rel}","templated":true}]}}