{"id":36782,"date":"2022-07-01T15:19:27","date_gmt":"2022-07-01T15:19:27","guid":{"rendered":"https:\/\/www.achimbrueckner.de\/dxradio\/php\/wordpress\/?p=36782"},"modified":"2022-07-01T15:19:27","modified_gmt":"2022-07-01T15:19:27","slug":"radio-psr-wird-30","status":"publish","type":"post","link":"https:\/\/www.achimbrueckner.de\/dxradio\/php\/wordpress\/?p=36782","title":{"rendered":"Radio PSR wird 30"},"content":{"rendered":"<p><a href=\"https:\/\/www.radiowoche.de\/radio-psr-wird-30\/\" rel=\"noopener\" target=\"_blank\">https:\/\/www.radiowoche.de\/radio-psr-wird-30\/<\/a><\/p>\n","protected":false},"excerpt":{"rendered":"<p>https:\/\/www.radiowoche.de\/radio-psr-wird-30\/<\/p>\n","protected":false},"author":1,"featured_media":0,"comment_status":"closed","ping_status":"open","sticky":false,"template":"","format":"standard","meta":{"_jetpack_memberships_contains_paid_content":false,"footnotes":"","jetpack_publicize_message":"","jetpack_publicize_feature_enabled":true,"jetpack_social_post_already_shared":true,"jetpack_social_options":{"image_generator_settings":{"template":"highway","default_image_id":0,"font":"","enabled":false},"version":2}},"categories":[1],"tags":[],"class_list":["post-36782","post","type-post","status-publish","format-standard","hentry","category-deutsch"],"jetpack_publicize_connections":[],"jetpack_featured_media_url":"","jetpack_sharing_enabled":true,"jetpack_shortlink":"https:\/\/wp.me\/p5CDmr-9zg","jetpack-related-posts":[{"id":13555,"url":"https:\/\/www.achimbrueckner.de\/dxradio\/php\/wordpress\/?p=13555","url_meta":{"origin":36782,"position":0},"title":"RADIO PSR wird 25","author":"Administrator","date":"June 28, 2017","format":false,"excerpt":"http:\/\/www.radioszene.de\/107649\/radio-psr-25.html","rel":"","context":"In &quot;Deutsch&quot;","block_context":{"text":"Deutsch","link":"https:\/\/www.achimbrueckner.de\/dxradio\/php\/wordpress\/?cat=1"},"img":{"alt_text":"","src":"","width":0,"height":0},"classes":[]},{"id":36809,"url":"https:\/\/www.achimbrueckner.de\/dxradio\/php\/wordpress\/?p=36809","url_meta":{"origin":36782,"position":1},"title":"30 Jahre RADIO PSR in Bildern","author":"Administrator","date":"July 3, 2022","format":false,"excerpt":"https:\/\/www.radiopsr.de\/30-radio-psr-in-bildern","rel":"","context":"In &quot;Deutsch&quot;","block_context":{"text":"Deutsch","link":"https:\/\/www.achimbrueckner.de\/dxradio\/php\/wordpress\/?cat=1"},"img":{"alt_text":"","src":"","width":0,"height":0},"classes":[]},{"id":13591,"url":"https:\/\/www.achimbrueckner.de\/dxradio\/php\/wordpress\/?p=13591","url_meta":{"origin":36782,"position":2},"title":"Erster Privatsender in den neuen L\u00e4ndern: RADIO PSR feiert 25-j\u00e4hriges Jubil\u00e4um","author":"Administrator","date":"July 4, 2017","format":false,"excerpt":"http:\/\/www.radiowoche.de\/erster-privatsender-in-den-neuen-laendern-radio-psr-feiert-25-jaehriges-jubilaeum\/","rel":"","context":"In &quot;Deutsch&quot;","block_context":{"text":"Deutsch","link":"https:\/\/www.achimbrueckner.de\/dxradio\/php\/wordpress\/?cat=1"},"img":{"alt_text":"","src":"","width":0,"height":0},"classes":[]},{"id":24144,"url":"https:\/\/www.achimbrueckner.de\/dxradio\/php\/wordpress\/?p=24144","url_meta":{"origin":36782,"position":3},"title":"Radio PSR startet ersten Original-Podcast","author":"Administrator","date":"August 7, 2019","format":false,"excerpt":"https:\/\/www.flurfunk-dresden.de\/2019\/08\/05\/radio-psr-startet-ersten-original-podcast\/","rel":"","context":"In &quot;Deutsch&quot;","block_context":{"text":"Deutsch","link":"https:\/\/www.achimbrueckner.de\/dxradio\/php\/wordpress\/?cat=1"},"img":{"alt_text":"","src":"","width":0,"height":0},"classes":[]},{"id":33613,"url":"https:\/\/www.achimbrueckner.de\/dxradio\/php\/wordpress\/?p=33613","url_meta":{"origin":36782,"position":4},"title":"Radio PSR gibt es jetzt auch als Nonstop-Version","author":"Administrator","date":"September 19, 2021","format":false,"excerpt":"https:\/\/www.smartphonefan.de\/2021\/09\/19\/radio-psr-gibt-es-jetzt-auch-als-nonstop-version\/","rel":"","context":"In &quot;Deutsch&quot;","block_context":{"text":"Deutsch","link":"https:\/\/www.achimbrueckner.de\/dxradio\/php\/wordpress\/?cat=1"},"img":{"alt_text":"","src":"","width":0,"height":0},"classes":[]},{"id":27726,"url":"https:\/\/www.achimbrueckner.de\/dxradio\/php\/wordpress\/?p=27726","url_meta":{"origin":36782,"position":5},"title":"RADIO PSR ruft mit neuem Sachsensong auf, zu Hause zu bleiben!","author":"Administrator","date":"March 23, 2020","format":false,"excerpt":"https:\/\/www.radioszene.de\/142059\/psr-sachsensong-daheim.html","rel":"","context":"In &quot;Deutsch&quot;","block_context":{"text":"Deutsch","link":"https:\/\/www.achimbrueckner.de\/dxradio\/php\/wordpress\/?cat=1"},"img":{"alt_text":"","src":"","width":0,"height":0},"classes":[]}],"_links":{"self":[{"href":"https:\/\/www.achimbrueckner.de\/dxradio\/php\/wordpress\/index.php?rest_route=\/wp\/v2\/posts\/36782","targetHints":{"allow":["GET"]}}],"collection":[{"href":"https:\/\/www.achimbrueckner.de\/dxradio\/php\/wordpress\/index.php?rest_route=\/wp\/v2\/posts"}],"about":[{"href":"https:\/\/www.achimbrueckner.de\/dxradio\/php\/wordpress\/index.php?rest_route=\/wp\/v2\/types\/post"}],"author":[{"embeddable":true,"href":"https:\/\/www.achimbrueckner.de\/dxradio\/php\/wordpress\/index.php?rest_route=\/wp\/v2\/users\/1"}],"replies":[{"embeddable":true,"href":"https:\/\/www.achimbrueckner.de\/dxradio\/php\/wordpress\/index.php?rest_route=%2Fwp%2Fv2%2Fcomments&post=36782"}],"version-history":[{"count":0,"href":"https:\/\/www.achimbrueckner.de\/dxradio\/php\/wordpress\/index.php?rest_route=\/wp\/v2\/posts\/36782\/revisions"}],"wp:attachment":[{"href":"https:\/\/www.achimbrueckner.de\/dxradio\/php\/wordpress\/index.php?rest_route=%2Fwp%2Fv2%2Fmedia&parent=36782"}],"wp:term":[{"taxonomy":"category","embeddable":true,"href":"https:\/\/www.achimbrueckner.de\/dxradio\/php\/wordpress\/index.php?rest_route=%2Fwp%2Fv2%2Fcategories&post=36782"},{"taxonomy":"post_tag","embeddable":true,"href":"https:\/\/www.achimbrueckner.de\/dxradio\/php\/wordpress\/index.php?rest_route=%2Fwp%2Fv2%2Ftags&post=36782"}],"curies":[{"name":"wp","href":"https:\/\/api.w.org\/{rel}","templated":true}]}}