{"id":36828,"date":"2022-07-04T18:03:07","date_gmt":"2022-07-04T18:03:07","guid":{"rendered":"https:\/\/www.achimbrueckner.de\/dxradio\/php\/wordpress\/?p=36828"},"modified":"2022-07-04T18:03:07","modified_gmt":"2022-07-04T18:03:07","slug":"michael-weiland-neuer-pressesprecher-der-audiotainment-sudwest","status":"publish","type":"post","link":"https:\/\/www.achimbrueckner.de\/dxradio\/php\/wordpress\/?p=36828","title":{"rendered":"Michael Weiland neuer Pressesprecher der Audiotainment S\u00fcdwest"},"content":{"rendered":"<p><a href=\"https:\/\/www.radioszene.de\/164989\/michael-weiland-audiotainment-suedwest.html\" rel=\"noopener\" target=\"_blank\">https:\/\/www.radioszene.de\/164989\/michael-weiland-audiotainment-suedwest.html<\/a><\/p>\n","protected":false},"excerpt":{"rendered":"<p>https:\/\/www.radioszene.de\/164989\/michael-weiland-audiotainment-suedwest.html<\/p>\n","protected":false},"author":1,"featured_media":0,"comment_status":"closed","ping_status":"open","sticky":false,"template":"","format":"standard","meta":{"_jetpack_memberships_contains_paid_content":false,"footnotes":"","jetpack_publicize_message":"","jetpack_publicize_feature_enabled":true,"jetpack_social_post_already_shared":true,"jetpack_social_options":{"image_generator_settings":{"template":"highway","default_image_id":0,"font":"","enabled":false},"version":2}},"categories":[1],"tags":[],"class_list":["post-36828","post","type-post","status-publish","format-standard","hentry","category-deutsch"],"jetpack_publicize_connections":[],"jetpack_featured_media_url":"","jetpack_sharing_enabled":true,"jetpack_shortlink":"https:\/\/wp.me\/p5CDmr-9A0","jetpack-related-posts":[{"id":35232,"url":"https:\/\/www.achimbrueckner.de\/dxradio\/php\/wordpress\/?p=35232","url_meta":{"origin":36828,"position":0},"title":"Imagine 2022: Erste gemeinsame Musikproduktion der Audiotainment S\u00fcdwest","author":"Administrator","date":"March 18, 2022","format":false,"excerpt":"https:\/\/www.radioszene.de\/162214\/imagine-2022-banks-rawdriguez-audiotainment-suedwest.html","rel":"","context":"In &quot;Deutsch&quot;","block_context":{"text":"Deutsch","link":"https:\/\/www.achimbrueckner.de\/dxradio\/php\/wordpress\/?cat=1"},"img":{"alt_text":"","src":"","width":0,"height":0},"classes":[]},{"id":40079,"url":"https:\/\/www.achimbrueckner.de\/dxradio\/php\/wordpress\/?p=40079","url_meta":{"origin":36828,"position":1},"title":"Armin Braun wechselt zum 1. September 2023 zur Audiotainment S\u00fcdwest","author":"Administrator","date":"August 30, 2023","format":false,"excerpt":"https:\/\/www.radioszene.de\/178915\/armin-braun-audiotainment-suedwest.html","rel":"","context":"In &quot;Deutsch&quot;","block_context":{"text":"Deutsch","link":"https:\/\/www.achimbrueckner.de\/dxradio\/php\/wordpress\/?cat=1"},"img":{"alt_text":"","src":"","width":0,"height":0},"classes":[]},{"id":42230,"url":"https:\/\/www.achimbrueckner.de\/dxradio\/php\/wordpress\/?p=42230","url_meta":{"origin":36828,"position":2},"title":"Audiotainment S\u00fcdwest reagiert auf ver\u00e4nderte H\u00f6rgewohnheiten","author":"Administrator","date":"February 18, 2025","format":false,"excerpt":"https:\/\/www.radioszene.de\/200337\/audiotainment-suedwest-hoergewohnheiten.html","rel":"","context":"In &quot;Deutsch&quot;","block_context":{"text":"Deutsch","link":"https:\/\/www.achimbrueckner.de\/dxradio\/php\/wordpress\/?cat=1"},"img":{"alt_text":"","src":"","width":0,"height":0},"classes":[]},{"id":39963,"url":"https:\/\/www.achimbrueckner.de\/dxradio\/php\/wordpress\/?p=39963","url_meta":{"origin":36828,"position":3},"title":"bigGPT: Audiotainment S\u00fcdwest startet am 8.8. gro\u00dfes Radioexperiment","author":"Administrator","date":"August 4, 2023","format":false,"excerpt":"https:\/\/www.radioszene.de\/178328\/biggpt-bigfm-ki-radio.html","rel":"","context":"In &quot;Deutsch&quot;","block_context":{"text":"Deutsch","link":"https:\/\/www.achimbrueckner.de\/dxradio\/php\/wordpress\/?cat=1"},"img":{"alt_text":"","src":"","width":0,"height":0},"classes":[]},{"id":31534,"url":"https:\/\/www.achimbrueckner.de\/dxradio\/php\/wordpress\/?p=31534","url_meta":{"origin":36828,"position":4},"title":"RPR, Radio Regenbogen und bigFM gr\u00fcnden Audiotainment S\u00fcdwest","author":"Administrator","date":"January 6, 2021","format":false,"excerpt":"https:\/\/www.radiowoche.de\/rpr-regenbogen-und-bigfm-gruenden-audiotainment-suedwest\/","rel":"","context":"In &quot;audio&quot;","block_context":{"text":"audio","link":"https:\/\/www.achimbrueckner.de\/dxradio\/php\/wordpress\/?cat=47"},"img":{"alt_text":"","src":"","width":0,"height":0},"classes":[]},{"id":36670,"url":"https:\/\/www.achimbrueckner.de\/dxradio\/php\/wordpress\/?p=36670","url_meta":{"origin":36828,"position":5},"title":"Audiotainment Su\u0308dwest holt J\u00f6rg Kachelmann zu Radio Regenbogen mit t\u00e4glichem Wetter Web-Video Format","author":"Administrator","date":"June 23, 2022","format":false,"excerpt":"https:\/\/www.radiowoche.de\/audiotainment-su%CC%88dwest-holt-joerg-kachelmann-zu-radio-regenbogen-mit-taeglichem-wetter-web-video-format\/","rel":"","context":"In &quot;Deutsch&quot;","block_context":{"text":"Deutsch","link":"https:\/\/www.achimbrueckner.de\/dxradio\/php\/wordpress\/?cat=1"},"img":{"alt_text":"","src":"","width":0,"height":0},"classes":[]}],"_links":{"self":[{"href":"https:\/\/www.achimbrueckner.de\/dxradio\/php\/wordpress\/index.php?rest_route=\/wp\/v2\/posts\/36828","targetHints":{"allow":["GET"]}}],"collection":[{"href":"https:\/\/www.achimbrueckner.de\/dxradio\/php\/wordpress\/index.php?rest_route=\/wp\/v2\/posts"}],"about":[{"href":"https:\/\/www.achimbrueckner.de\/dxradio\/php\/wordpress\/index.php?rest_route=\/wp\/v2\/types\/post"}],"author":[{"embeddable":true,"href":"https:\/\/www.achimbrueckner.de\/dxradio\/php\/wordpress\/index.php?rest_route=\/wp\/v2\/users\/1"}],"replies":[{"embeddable":true,"href":"https:\/\/www.achimbrueckner.de\/dxradio\/php\/wordpress\/index.php?rest_route=%2Fwp%2Fv2%2Fcomments&post=36828"}],"version-history":[{"count":0,"href":"https:\/\/www.achimbrueckner.de\/dxradio\/php\/wordpress\/index.php?rest_route=\/wp\/v2\/posts\/36828\/revisions"}],"wp:attachment":[{"href":"https:\/\/www.achimbrueckner.de\/dxradio\/php\/wordpress\/index.php?rest_route=%2Fwp%2Fv2%2Fmedia&parent=36828"}],"wp:term":[{"taxonomy":"category","embeddable":true,"href":"https:\/\/www.achimbrueckner.de\/dxradio\/php\/wordpress\/index.php?rest_route=%2Fwp%2Fv2%2Fcategories&post=36828"},{"taxonomy":"post_tag","embeddable":true,"href":"https:\/\/www.achimbrueckner.de\/dxradio\/php\/wordpress\/index.php?rest_route=%2Fwp%2Fv2%2Ftags&post=36828"}],"curies":[{"name":"wp","href":"https:\/\/api.w.org\/{rel}","templated":true}]}}