{"id":36851,"date":"2022-07-05T16:57:11","date_gmt":"2022-07-05T16:57:11","guid":{"rendered":"https:\/\/www.achimbrueckner.de\/dxradio\/php\/wordpress\/?p=36851"},"modified":"2022-07-05T16:57:11","modified_gmt":"2022-07-05T16:57:11","slug":"journalismus-in-der-ukraine-unsere-medien-sind-sehr-patriotisch-geworden","status":"publish","type":"post","link":"https:\/\/www.achimbrueckner.de\/dxradio\/php\/wordpress\/?p=36851","title":{"rendered":"Journalismus in der Ukraine: \u00abUnsere Medien sind sehr patriotisch geworden\u00bb"},"content":{"rendered":"<p><a href=\"https:\/\/medienwoche.ch\/2022\/07\/04\/unsere-medien-sind-sehr-patriotisch-geworden\/\" rel=\"noopener\" target=\"_blank\">https:\/\/medienwoche.ch\/2022\/07\/04\/unsere-medien-sind-sehr-patriotisch-geworden\/<\/a><\/p>\n","protected":false},"excerpt":{"rendered":"<p>https:\/\/medienwoche.ch\/2022\/07\/04\/unsere-medien-sind-sehr-patriotisch-geworden\/<\/p>\n","protected":false},"author":1,"featured_media":0,"comment_status":"closed","ping_status":"open","sticky":false,"template":"","format":"standard","meta":{"_jetpack_memberships_contains_paid_content":false,"footnotes":"","jetpack_publicize_message":"","jetpack_publicize_feature_enabled":true,"jetpack_social_post_already_shared":true,"jetpack_social_options":{"image_generator_settings":{"template":"highway","default_image_id":0,"font":"","enabled":false},"version":2}},"categories":[1],"tags":[],"class_list":["post-36851","post","type-post","status-publish","format-standard","hentry","category-deutsch"],"jetpack_publicize_connections":[],"jetpack_featured_media_url":"","jetpack_sharing_enabled":true,"jetpack_shortlink":"https:\/\/wp.me\/p5CDmr-9An","jetpack-related-posts":[{"id":30727,"url":"https:\/\/www.achimbrueckner.de\/dxradio\/php\/wordpress\/?p=30727","url_meta":{"origin":36851,"position":0},"title":"Casper Selg: \u00abDie US-Medien sind Missionsanstalten geworden\u00bb","author":"Administrator","date":"November 7, 2020","format":false,"excerpt":"https:\/\/www.srf.ch\/news\/international\/us-wahlen-casper-selg-die-us-medien-sind-missionsanstalten-geworden","rel":"","context":"In &quot;Deutsch&quot;","block_context":{"text":"Deutsch","link":"https:\/\/www.achimbrueckner.de\/dxradio\/php\/wordpress\/?cat=1"},"img":{"alt_text":"","src":"","width":0,"height":0},"classes":[]},{"id":25666,"url":"https:\/\/www.achimbrueckner.de\/dxradio\/php\/wordpress\/?p=25666","url_meta":{"origin":36851,"position":1},"title":"Das Vieraugengespr\u00e4ch: Sind unsere Medien kritisch genug?","author":"Administrator","date":"November 8, 2019","format":false,"excerpt":"https:\/\/www.nrwision.de\/mediathek\/das-vieraugengespraech-sind-unsere-medien-kritisch-genug-191107\/","rel":"","context":"In &quot;Deutsch&quot;","block_context":{"text":"Deutsch","link":"https:\/\/www.achimbrueckner.de\/dxradio\/php\/wordpress\/?cat=1"},"img":{"alt_text":"","src":"","width":0,"height":0},"classes":[]},{"id":14821,"url":"https:\/\/www.achimbrueckner.de\/dxradio\/php\/wordpress\/?p=14821","url_meta":{"origin":36851,"position":2},"title":"\u201eUnsere Bedenken sind nicht ausger\u00e4umt\u201c","author":"Administrator","date":"October 2, 2017","format":false,"excerpt":"http:\/\/www.medienpolitik.net\/2017\/10\/hoerfunk-unsere-bedenken-sind-nicht-ausgeraeumt\/","rel":"","context":"In &quot;Deutsch&quot;","block_context":{"text":"Deutsch","link":"https:\/\/www.achimbrueckner.de\/dxradio\/php\/wordpress\/?cat=1"},"img":{"alt_text":"","src":"","width":0,"height":0},"classes":[]},{"id":39138,"url":"https:\/\/www.achimbrueckner.de\/dxradio\/php\/wordpress\/?p=39138","url_meta":{"origin":36851,"position":3},"title":"ARD Plus: &#8220;Unsere Zielgruppe sind \u00e4ltere Streamer und Familien&#8221;","author":"Administrator","date":"March 27, 2023","format":false,"excerpt":"https:\/\/www.teltarif.de\/ard-plus-streaming-fernsehen-medien-interview\/news\/91354.html","rel":"","context":"In &quot;Deutsch&quot;","block_context":{"text":"Deutsch","link":"https:\/\/www.achimbrueckner.de\/dxradio\/php\/wordpress\/?cat=1"},"img":{"alt_text":"","src":"","width":0,"height":0},"classes":[]},{"id":4242,"url":"https:\/\/www.achimbrueckner.de\/dxradio\/php\/wordpress\/?p=4242","url_meta":{"origin":36851,"position":4},"title":"Radio DARC Premiere 22. M\u00e4rz 2015 6070 Khz 1000 Utc","author":"Administrator","date":"March 19, 2015","format":false,"excerpt":"Liebe YLs und OMs. nun ist es bald so weit. \"RADIO DARC\" wird am kommenden Sonntag, den 22. M\u00e4rz 2015 im 49m Rundfunkband seine regelm\u00e4\u00dfige Sendefolge aufnehmen. Die Sendungen erfolgen immer sonntags um 11 Uhr Lokalzeit (10 Uhr UTC) mit 100 kW Sendeleistung aus Wien-Moosbrunn und in einer Wiederholung montags\u2026","rel":"","context":"In &quot;Deutsch&quot;","block_context":{"text":"Deutsch","link":"https:\/\/www.achimbrueckner.de\/dxradio\/php\/wordpress\/?cat=1"},"img":{"alt_text":"","src":"","width":0,"height":0},"classes":[]},{"id":30318,"url":"https:\/\/www.achimbrueckner.de\/dxradio\/php\/wordpress\/?p=30318","url_meta":{"origin":36851,"position":5},"title":"Wandel des ZDF-Talks Markus Lanz: &#8220;Unsere Sendung ist eine andere geworden&#8221;","author":"Administrator","date":"October 4, 2020","format":false,"excerpt":"https:\/\/www.dwdl.de\/nachrichten\/79675\/markus_lanz_unsere_sendung_ist_eine_andere_geworden\/","rel":"","context":"In &quot;Deutsch&quot;","block_context":{"text":"Deutsch","link":"https:\/\/www.achimbrueckner.de\/dxradio\/php\/wordpress\/?cat=1"},"img":{"alt_text":"","src":"","width":0,"height":0},"classes":[]}],"_links":{"self":[{"href":"https:\/\/www.achimbrueckner.de\/dxradio\/php\/wordpress\/index.php?rest_route=\/wp\/v2\/posts\/36851","targetHints":{"allow":["GET"]}}],"collection":[{"href":"https:\/\/www.achimbrueckner.de\/dxradio\/php\/wordpress\/index.php?rest_route=\/wp\/v2\/posts"}],"about":[{"href":"https:\/\/www.achimbrueckner.de\/dxradio\/php\/wordpress\/index.php?rest_route=\/wp\/v2\/types\/post"}],"author":[{"embeddable":true,"href":"https:\/\/www.achimbrueckner.de\/dxradio\/php\/wordpress\/index.php?rest_route=\/wp\/v2\/users\/1"}],"replies":[{"embeddable":true,"href":"https:\/\/www.achimbrueckner.de\/dxradio\/php\/wordpress\/index.php?rest_route=%2Fwp%2Fv2%2Fcomments&post=36851"}],"version-history":[{"count":0,"href":"https:\/\/www.achimbrueckner.de\/dxradio\/php\/wordpress\/index.php?rest_route=\/wp\/v2\/posts\/36851\/revisions"}],"wp:attachment":[{"href":"https:\/\/www.achimbrueckner.de\/dxradio\/php\/wordpress\/index.php?rest_route=%2Fwp%2Fv2%2Fmedia&parent=36851"}],"wp:term":[{"taxonomy":"category","embeddable":true,"href":"https:\/\/www.achimbrueckner.de\/dxradio\/php\/wordpress\/index.php?rest_route=%2Fwp%2Fv2%2Fcategories&post=36851"},{"taxonomy":"post_tag","embeddable":true,"href":"https:\/\/www.achimbrueckner.de\/dxradio\/php\/wordpress\/index.php?rest_route=%2Fwp%2Fv2%2Ftags&post=36851"}],"curies":[{"name":"wp","href":"https:\/\/api.w.org\/{rel}","templated":true}]}}