{"id":36853,"date":"2022-07-05T17:01:43","date_gmt":"2022-07-05T17:01:43","guid":{"rendered":"https:\/\/www.achimbrueckner.de\/dxradio\/php\/wordpress\/?p=36853"},"modified":"2022-07-05T17:01:43","modified_gmt":"2022-07-05T17:01:43","slug":"das-sagt-tiktok-zur-sperrung-des-melnyk-clips-aus-dem-jung-interview","status":"publish","type":"post","link":"https:\/\/www.achimbrueckner.de\/dxradio\/php\/wordpress\/?p=36853","title":{"rendered":"Das sagt TikTok zur Sperrung des Melnyk-Clips aus dem Jung-Interview"},"content":{"rendered":"<p><a href=\"https:\/\/meedia.de\/2022\/07\/05\/das-sagt-tiktok-zur-sperrung-des-melnyk-clips-aus-dem-jung-interview\/\" rel=\"noopener\" target=\"_blank\">https:\/\/meedia.de\/2022\/07\/05\/das-sagt-tiktok-zur-sperrung-des-melnyk-clips-aus-dem-jung-interview\/<\/a><\/p>\n","protected":false},"excerpt":{"rendered":"<p>https:\/\/meedia.de\/2022\/07\/05\/das-sagt-tiktok-zur-sperrung-des-melnyk-clips-aus-dem-jung-interview\/<\/p>\n","protected":false},"author":1,"featured_media":0,"comment_status":"closed","ping_status":"open","sticky":false,"template":"","format":"standard","meta":{"_jetpack_memberships_contains_paid_content":false,"footnotes":"","jetpack_publicize_message":"","jetpack_publicize_feature_enabled":true,"jetpack_social_post_already_shared":true,"jetpack_social_options":{"image_generator_settings":{"template":"highway","default_image_id":0,"font":"","enabled":false},"version":2}},"categories":[1],"tags":[],"class_list":["post-36853","post","type-post","status-publish","format-standard","hentry","category-deutsch"],"jetpack_publicize_connections":[],"jetpack_featured_media_url":"","jetpack_sharing_enabled":true,"jetpack_shortlink":"https:\/\/wp.me\/p5CDmr-9Ap","jetpack-related-posts":[{"id":39228,"url":"https:\/\/www.achimbrueckner.de\/dxradio\/php\/wordpress\/?p=39228","url_meta":{"origin":36853,"position":0},"title":"Bundesdatensch\u00fctzer schlie\u00dft ChatGPT-Sperrung nicht aus","author":"Administrator","date":"April 4, 2023","format":false,"excerpt":"https:\/\/www.golem.de\/news\/bundesdatenschuetzer-chatgpt-koennte-in-deutschland-gesperrt-werden-2304-173174.html","rel":"","context":"In &quot;Deutsch&quot;","block_context":{"text":"Deutsch","link":"https:\/\/www.achimbrueckner.de\/dxradio\/php\/wordpress\/?cat=1"},"img":{"alt_text":"","src":"","width":0,"height":0},"classes":[]},{"id":589,"url":"https:\/\/www.achimbrueckner.de\/dxradio\/php\/wordpress\/?p=589","url_meta":{"origin":36853,"position":1},"title":"Die Stimme Russlands startet Sendungen f\u00fcr Handys","author":"Administrator","date":"October 15, 2009","format":false,"excerpt":"Die Stimme Russlands startet Sendungen f\u00fcr Handys Moskau, den 15. Oktober. Die Rundfunkanstalt Stimme Russlands startet Sendungen f\u00fcr Mobiltelefone. Ab heute sind die Rundfunkprogramme, die von der Stimme Russlands ausgestrahlt werden, den Handybesitzern zug\u00e4nglich. \"Das Projekt \"Stimme Russlands mobil\" macht unsere Programme an jedem Ort der Welt zug\u00e4nglich, wo es\u2026","rel":"","context":"In &quot;Deutsch&quot;","block_context":{"text":"Deutsch","link":"https:\/\/www.achimbrueckner.de\/dxradio\/php\/wordpress\/?cat=1"},"img":{"alt_text":"","src":"","width":0,"height":0},"classes":[]},{"id":33676,"url":"https:\/\/www.achimbrueckner.de\/dxradio\/php\/wordpress\/?p=33676","url_meta":{"origin":36853,"position":2},"title":"Nach L\u00f6schung von RT Deutsch-Kanal Russland droht mit Sperrung von YouTube","author":"Administrator","date":"September 29, 2021","format":false,"excerpt":"https:\/\/www.spiegel.de\/netzwelt\/netzpolitik\/loeschung-von-rt-de-russland-droht-mit-sperrung-von-youtube-a-281cdf2a-540f-4e56-8e5e-23ce9500ebec","rel":"","context":"In &quot;Deutsch&quot;","block_context":{"text":"Deutsch","link":"https:\/\/www.achimbrueckner.de\/dxradio\/php\/wordpress\/?cat=1"},"img":{"alt_text":"","src":"","width":0,"height":0},"classes":[]},{"id":44509,"url":"https:\/\/www.achimbrueckner.de\/dxradio\/php\/wordpress\/?p=44509","url_meta":{"origin":36853,"position":3},"title":"Schweiz: Das sagt der VSP zur UKW-Verl\u00e4ngerung","author":"Administrator","date":"December 10, 2025","format":false,"excerpt":"https:\/\/www.radioblog.eu\/2025\/12\/10\/schweiz-das-sagt-der-vsp-zur-ukw-verlaengerung\/","rel":"","context":"In &quot;Deutsch&quot;","block_context":{"text":"Deutsch","link":"https:\/\/www.achimbrueckner.de\/dxradio\/php\/wordpress\/?cat=1"},"img":{"alt_text":"","src":"","width":0,"height":0},"classes":[]},{"id":4211,"url":"https:\/\/www.achimbrueckner.de\/dxradio\/php\/wordpress\/?p=4211","url_meta":{"origin":36853,"position":4},"title":"34. \u00fcberregionales DX-Treffen des Ottenauer Kurzwellenh\u00f6rerklubs Murgtal mit RTI H\u00f6rertreffen am 9. Mai 2015.","author":"Administrator","date":"March 14, 2015","format":false,"excerpt":"Kurzwellenh\u00f6rerklub Murgtal, Bernd Seiser, Hauptstr. 205-207, D-76571 Gaggenau-Ottenau, Deutschland Telefon 0(049) 7225-981213 34. \u00fcberregionales DX-Treffen des Ottenauer Kurzwellenh\u00f6rerklubs Murgtal mit RTI H\u00f6rertreffen am 9. Mai 2015. Am Samstag, 9. Mai 2015 findet ab 1300 Uhr Mitteleurop\u00e4ischer Sommerzeit im Gasthaus Adler in der Hauptstr. 255 in D-76571 Gaggenau-Ottenau das 34. \u00fcberregionale\u2026","rel":"","context":"In &quot;camps&quot;","block_context":{"text":"camps","link":"https:\/\/www.achimbrueckner.de\/dxradio\/php\/wordpress\/?cat=5"},"img":{"alt_text":"","src":"","width":0,"height":0},"classes":[]},{"id":10605,"url":"https:\/\/www.achimbrueckner.de\/dxradio\/php\/wordpress\/?p=10605","url_meta":{"origin":36853,"position":5},"title":"F\u00fcr Jung und Alt eine Br\u00fccke zur Welt","author":"Administrator","date":"October 5, 2016","format":false,"excerpt":"http:\/\/www.badisches-tagblatt.de\/topthema_alles_test\/00_20161005000000_123021535-Fuer-Jung-und-Alt-eine-Bruecke-zur-Welt.html","rel":"","context":"In &quot;Deutsch&quot;","block_context":{"text":"Deutsch","link":"https:\/\/www.achimbrueckner.de\/dxradio\/php\/wordpress\/?cat=1"},"img":{"alt_text":"","src":"","width":0,"height":0},"classes":[]}],"_links":{"self":[{"href":"https:\/\/www.achimbrueckner.de\/dxradio\/php\/wordpress\/index.php?rest_route=\/wp\/v2\/posts\/36853","targetHints":{"allow":["GET"]}}],"collection":[{"href":"https:\/\/www.achimbrueckner.de\/dxradio\/php\/wordpress\/index.php?rest_route=\/wp\/v2\/posts"}],"about":[{"href":"https:\/\/www.achimbrueckner.de\/dxradio\/php\/wordpress\/index.php?rest_route=\/wp\/v2\/types\/post"}],"author":[{"embeddable":true,"href":"https:\/\/www.achimbrueckner.de\/dxradio\/php\/wordpress\/index.php?rest_route=\/wp\/v2\/users\/1"}],"replies":[{"embeddable":true,"href":"https:\/\/www.achimbrueckner.de\/dxradio\/php\/wordpress\/index.php?rest_route=%2Fwp%2Fv2%2Fcomments&post=36853"}],"version-history":[{"count":0,"href":"https:\/\/www.achimbrueckner.de\/dxradio\/php\/wordpress\/index.php?rest_route=\/wp\/v2\/posts\/36853\/revisions"}],"wp:attachment":[{"href":"https:\/\/www.achimbrueckner.de\/dxradio\/php\/wordpress\/index.php?rest_route=%2Fwp%2Fv2%2Fmedia&parent=36853"}],"wp:term":[{"taxonomy":"category","embeddable":true,"href":"https:\/\/www.achimbrueckner.de\/dxradio\/php\/wordpress\/index.php?rest_route=%2Fwp%2Fv2%2Fcategories&post=36853"},{"taxonomy":"post_tag","embeddable":true,"href":"https:\/\/www.achimbrueckner.de\/dxradio\/php\/wordpress\/index.php?rest_route=%2Fwp%2Fv2%2Ftags&post=36853"}],"curies":[{"name":"wp","href":"https:\/\/api.w.org\/{rel}","templated":true}]}}