{"id":36889,"date":"2022-07-08T12:34:08","date_gmt":"2022-07-08T12:34:08","guid":{"rendered":"https:\/\/www.achimbrueckner.de\/dxradio\/php\/wordpress\/?p=36889"},"modified":"2022-07-08T12:34:08","modified_gmt":"2022-07-08T12:34:08","slug":"tomorrowland-one-world-radio-startet-in-grosbritannien-malta-und-auf-den-balearen-uber-dab","status":"publish","type":"post","link":"https:\/\/www.achimbrueckner.de\/dxradio\/php\/wordpress\/?p=36889","title":{"rendered":"Tomorrowland One World Radio startet in Gro\u00dfbritannien, Malta und auf den Balearen \u00fcber DAB+"},"content":{"rendered":"<p><a href=\"https:\/\/www.radiowoche.de\/tomorrowland-one-world-radio-startet-in-grossbritannien-ueber-dab\/\" rel=\"noopener\" target=\"_blank\">https:\/\/www.radiowoche.de\/tomorrowland-one-world-radio-startet-in-grossbritannien-ueber-dab\/<\/a><\/p>\n","protected":false},"excerpt":{"rendered":"<p>https:\/\/www.radiowoche.de\/tomorrowland-one-world-radio-startet-in-grossbritannien-ueber-dab\/<\/p>\n","protected":false},"author":1,"featured_media":0,"comment_status":"closed","ping_status":"open","sticky":false,"template":"","format":"standard","meta":{"_jetpack_memberships_contains_paid_content":false,"footnotes":"","jetpack_publicize_message":"","jetpack_publicize_feature_enabled":true,"jetpack_social_post_already_shared":true,"jetpack_social_options":{"image_generator_settings":{"template":"highway","default_image_id":0,"font":"","enabled":false},"version":2}},"categories":[1],"tags":[],"class_list":["post-36889","post","type-post","status-publish","format-standard","hentry","category-deutsch"],"jetpack_publicize_connections":[],"jetpack_featured_media_url":"","jetpack_sharing_enabled":true,"jetpack_shortlink":"https:\/\/wp.me\/p5CDmr-9AZ","jetpack-related-posts":[{"id":45180,"url":"https:\/\/www.achimbrueckner.de\/dxradio\/php\/wordpress\/?p=45180","url_meta":{"origin":36889,"position":0},"title":"Gro\u00dfbritannien: EKR Rock Radio startet auf DAB","author":"Administrator","date":"March 6, 2026","format":false,"excerpt":"https:\/\/www.radioblog.eu\/2026\/03\/05\/grossbritannien-ekr-rock-radio-startet-auf-dab\/","rel":"","context":"In &quot;Deutsch&quot;","block_context":{"text":"Deutsch","link":"https:\/\/www.achimbrueckner.de\/dxradio\/php\/wordpress\/?cat=1"},"img":{"alt_text":"","src":"","width":0,"height":0},"classes":[]},{"id":23475,"url":"https:\/\/www.achimbrueckner.de\/dxradio\/php\/wordpress\/?p=23475","url_meta":{"origin":36889,"position":1},"title":"Heart Dance startet in Gro\u00dfbritannien auf DAB+","author":"Administrator","date":"June 19, 2019","format":false,"excerpt":"https:\/\/radioempfang.digital\/news\/heart-dance-startet-in-grossbritannien-ueber-dab","rel":"","context":"In &quot;Deutsch&quot;","block_context":{"text":"Deutsch","link":"https:\/\/www.achimbrueckner.de\/dxradio\/php\/wordpress\/?cat=1"},"img":{"alt_text":"","src":"","width":0,"height":0},"classes":[]},{"id":26446,"url":"https:\/\/www.achimbrueckner.de\/dxradio\/php\/wordpress\/?p=26446","url_meta":{"origin":36889,"position":2},"title":"Radionachrichten aus Europa: Sportradio startet in Gro\u00dfbritannien \u00fcber DAB+","author":"Administrator","date":"December 29, 2019","format":false,"excerpt":"http:\/\/www.radiowoche.de\/radionachrichten-aus-europa-sportradio-startet-in-grossbritannien-ueber-dab\/","rel":"","context":"In &quot;Deutsch&quot;","block_context":{"text":"Deutsch","link":"https:\/\/www.achimbrueckner.de\/dxradio\/php\/wordpress\/?cat=1"},"img":{"alt_text":"","src":"","width":0,"height":0},"classes":[]},{"id":25828,"url":"https:\/\/www.achimbrueckner.de\/dxradio\/php\/wordpress\/?p=25828","url_meta":{"origin":36889,"position":3},"title":"Gro\u00dfbritannien: Bauer Media startet Musicalradio via DAB+","author":"Administrator","date":"November 18, 2019","format":false,"excerpt":"http:\/\/www.radiowoche.de\/grossbritannien-bauer-media-startet-musicalradio-via-dab\/","rel":"","context":"In &quot;Deutsch&quot;","block_context":{"text":"Deutsch","link":"https:\/\/www.achimbrueckner.de\/dxradio\/php\/wordpress\/?cat=1"},"img":{"alt_text":"","src":"","width":0,"height":0},"classes":[]},{"id":44745,"url":"https:\/\/www.achimbrueckner.de\/dxradio\/php\/wordpress\/?p=44745","url_meta":{"origin":36889,"position":4},"title":"Gro\u00dfbritannien: U.DAB startet gr\u00f6\u00dften DAB+ Small Scale Mux im Vereinigten K\u00f6nigreich","author":"Administrator","date":"January 7, 2026","format":false,"excerpt":"https:\/\/www.radioblog.eu\/2026\/01\/06\/grossbritannien-u-dab-startet-groessten-dab-small-scale-mux-im-vereinigten-koenigreich\/","rel":"","context":"In &quot;Deutsch&quot;","block_context":{"text":"Deutsch","link":"https:\/\/www.achimbrueckner.de\/dxradio\/php\/wordpress\/?cat=1"},"img":{"alt_text":"","src":"","width":0,"height":0},"classes":[]},{"id":39391,"url":"https:\/\/www.achimbrueckner.de\/dxradio\/php\/wordpress\/?p=39391","url_meta":{"origin":36889,"position":5},"title":"Tomorrowland One World Radio startet Top 1000","author":"Administrator","date":"April 29, 2023","format":false,"excerpt":"https:\/\/www.radioblog.eu\/2023\/04\/28\/tomorrowland-one-world-radio-startet-top-1000\/","rel":"","context":"In &quot;Deutsch&quot;","block_context":{"text":"Deutsch","link":"https:\/\/www.achimbrueckner.de\/dxradio\/php\/wordpress\/?cat=1"},"img":{"alt_text":"","src":"","width":0,"height":0},"classes":[]}],"_links":{"self":[{"href":"https:\/\/www.achimbrueckner.de\/dxradio\/php\/wordpress\/index.php?rest_route=\/wp\/v2\/posts\/36889","targetHints":{"allow":["GET"]}}],"collection":[{"href":"https:\/\/www.achimbrueckner.de\/dxradio\/php\/wordpress\/index.php?rest_route=\/wp\/v2\/posts"}],"about":[{"href":"https:\/\/www.achimbrueckner.de\/dxradio\/php\/wordpress\/index.php?rest_route=\/wp\/v2\/types\/post"}],"author":[{"embeddable":true,"href":"https:\/\/www.achimbrueckner.de\/dxradio\/php\/wordpress\/index.php?rest_route=\/wp\/v2\/users\/1"}],"replies":[{"embeddable":true,"href":"https:\/\/www.achimbrueckner.de\/dxradio\/php\/wordpress\/index.php?rest_route=%2Fwp%2Fv2%2Fcomments&post=36889"}],"version-history":[{"count":0,"href":"https:\/\/www.achimbrueckner.de\/dxradio\/php\/wordpress\/index.php?rest_route=\/wp\/v2\/posts\/36889\/revisions"}],"wp:attachment":[{"href":"https:\/\/www.achimbrueckner.de\/dxradio\/php\/wordpress\/index.php?rest_route=%2Fwp%2Fv2%2Fmedia&parent=36889"}],"wp:term":[{"taxonomy":"category","embeddable":true,"href":"https:\/\/www.achimbrueckner.de\/dxradio\/php\/wordpress\/index.php?rest_route=%2Fwp%2Fv2%2Fcategories&post=36889"},{"taxonomy":"post_tag","embeddable":true,"href":"https:\/\/www.achimbrueckner.de\/dxradio\/php\/wordpress\/index.php?rest_route=%2Fwp%2Fv2%2Ftags&post=36889"}],"curies":[{"name":"wp","href":"https:\/\/api.w.org\/{rel}","templated":true}]}}