{"id":36924,"date":"2022-07-11T16:59:54","date_gmt":"2022-07-11T16:59:54","guid":{"rendered":"https:\/\/www.achimbrueckner.de\/dxradio\/php\/wordpress\/?p=36924"},"modified":"2022-07-11T17:00:56","modified_gmt":"2022-07-11T17:00:56","slug":"sommerkamp-gedenk-aktivitat","status":"publish","type":"post","link":"https:\/\/www.achimbrueckner.de\/dxradio\/php\/wordpress\/?p=36924","title":{"rendered":"Sommerkamp-Gedenk-Aktivit\u00e4t 10. \/ 11.9.2022"},"content":{"rendered":"<p>Sommerkamp-Gedenk-Aktivit\u00e4t<br \/>\nLiebe Radiofreunde, erinnern Sie sich noch an den ber\u00fchmten &#8220;Kaffeew\u00e4rmer&#8221;, Sommerkamp TS 788 DX?<br \/>\nDie Sommerkamp-Freunde, eine Gruppe auf Facebook, m\u00f6chten den Unternehmer, der hinter der gro\u00dfen Marke Sommerkamp Radio steht, ehren.<br \/>\nHerr Wolfgang Sommerkamp, geboren am 11. September in Dortmund, Deutschland. HAM-Radio-Ruf DJ2YJ , EA8YS sowie andere verwendete Rufe. OM Wolfgang ist letztes Jahr (2021) verstorben, und w\u00e4hrend des Wochenendes 10. &#8211; 11.2022 m\u00f6chten wir alle Funker zur &#8220;Sommerkamp Memorial Activity&#8221; einladen.<br \/>\nIn Zukunft m\u00f6chten wir jedes zweite Wochenende im September f\u00fcr eine solche Funkveranstaltung nutzen. Halten Sie also Ihre Sommerkamp-Funkausr\u00fcstung bereit, egal ob Amateur oder 11m-Fan.<br \/>\nWir wollen uns auf folgenden B\u00e4ndern treffen: 80 m, 40 m, 20 m, 15 m, 11 m, 10 m oder 2 m. Nat\u00fcrlich k\u00f6nnt ihr auch Transverter mit eurer Ausr\u00fcstung benutzen und &#8230; 4 m aktivieren, seid kreativ, macht mit.<br \/>\nAktivit\u00e4t Frequenzen<br \/>\n7,101 MHz<br \/>\n14,301 MHz<br \/>\n21,301 MHz<br \/>\n28,301 MHz<br \/>\n144,301 MHz<br \/>\nBitte denken Sie daran, dass dies kein Wettbewerb ist. Es gibt nichts zu gewinnen, es ist vielmehr ein freundschaftliches Beisammensein auf dem \u00c4ther. Tauschen Sie sich untereinander aus, teilen Sie mit, welche Ausr\u00fcstung Sie benutzen, vielleicht wann Sie sie gekauft haben &#8230; sind Sie ein langj\u00e4hriger Sommerkamp-Radio-Besitzer oder haben Sie die Ausr\u00fcstung erst k\u00fcrzlich erworben &#8230; vielleicht geerbt &#8230; Ihrer Phantasie sind keine Grenzen gesetzt.<br \/>\nBitte teilen Sie die Informationen mit anderen, machen Sie sie auf unsere Facebook-Gruppe aufmerksam. https:\/\/www.facebook.com\/groups\/224973084337664<br \/>\nSie k\u00f6nnen sich gerne an die Organisatoren wenden, Emails sind \u00fcber qrz.com verf\u00fcgbar<br \/>\nOZ2CBA \/ D\u00e4nisch + Englisch<br \/>\nPA1PXL \/ Niederl\u00e4ndisch + Englisch<br \/>\nDK3HV \/ Deutsch + Englisch<br \/>\nDL2AU \/ Deutsch<\/p>\n<p>Info via Facebook<\/p>\n","protected":false},"excerpt":{"rendered":"<p>Sommerkamp-Gedenk-Aktivit\u00e4t Liebe Radiofreunde, erinnern Sie sich noch an den ber\u00fchmten &#8220;Kaffeew\u00e4rmer&#8221;, Sommerkamp TS 788 DX? Die Sommerkamp-Freunde, eine Gruppe auf Facebook, m\u00f6chten den Unternehmer, der hinter der gro\u00dfen Marke Sommerkamp Radio steht, ehren. Herr Wolfgang Sommerkamp, geboren am 11. September in Dortmund, Deutschland. HAM-Radio-Ruf DJ2YJ , EA8YS sowie andere verwendete Rufe. OM Wolfgang ist letztes &hellip; <a href=\"https:\/\/www.achimbrueckner.de\/dxradio\/php\/wordpress\/?p=36924\" class=\"more-link\">Continue reading <span class=\"screen-reader-text\">Sommerkamp-Gedenk-Aktivit\u00e4t 10. \/ 11.9.2022<\/span><\/a><\/p>\n","protected":false},"author":1,"featured_media":0,"comment_status":"closed","ping_status":"open","sticky":false,"template":"","format":"standard","meta":{"_jetpack_memberships_contains_paid_content":false,"footnotes":"","jetpack_publicize_message":"","jetpack_publicize_feature_enabled":true,"jetpack_social_post_already_shared":true,"jetpack_social_options":{"image_generator_settings":{"template":"highway","default_image_id":0,"font":"","enabled":false},"version":2}},"categories":[1],"tags":[],"class_list":["post-36924","post","type-post","status-publish","format-standard","hentry","category-deutsch"],"jetpack_publicize_connections":[],"jetpack_featured_media_url":"","jetpack_sharing_enabled":true,"jetpack_shortlink":"https:\/\/wp.me\/p5CDmr-9By","jetpack-related-posts":[{"id":42000,"url":"https:\/\/www.achimbrueckner.de\/dxradio\/php\/wordpress\/?p=42000","url_meta":{"origin":36924,"position":0},"title":"**Einladung zum 1. H\u00f6rertreffen der SATzentrale**","author":"Administrator","date":"November 29, 2024","format":false,"excerpt":"**Einladung zum 1. H\u00f6rertreffen der SATzentrale** Liebe H\u00f6rerinnen und H\u00f6rer, wir freuen uns, Euch zu unserem ersten H\u00f6rertreffen der SATzentrale einzuladen! Markiert Euch den 22. M\u00e4rz 2025 rot im Kalender, denn an diesem Tag treffen wir uns in Coswig OT S\u00f6rnewitz \u2013 ein pers\u00f6nliches Treffen, das es in sich hat!\u2026","rel":"","context":"In &quot;Deutsch&quot;","block_context":{"text":"Deutsch","link":"https:\/\/www.achimbrueckner.de\/dxradio\/php\/wordpress\/?cat=1"},"img":{"alt_text":"","src":"","width":0,"height":0},"classes":[]},{"id":774,"url":"https:\/\/www.achimbrueckner.de\/dxradio\/php\/wordpress\/?p=774","url_meta":{"origin":36924,"position":1},"title":"China Radio International &#8211; Deutsche Redaktion","author":"Administrator","date":"December 18, 2009","format":false,"excerpt":"Liebe Freunde von CRI, im April 2010 feiert die Deutsche Redaktion von Radio China International ihr 50-j\u00e4hriges Bestehen. Zu diesem Jubil\u00e4um d\u00fcrfen nat\u00fcrlich alte Freunde und Bekannte nicht fehlen! Anl\u00e4sslich dieses besonderen Jahrestages der Deutschen Redaktion wollen wir unter anderem einen Jubil\u00e4umsband \u00fcber die Entwicklung unserer Redaktion herausgegeben. Diese Entwicklung\u2026","rel":"","context":"In &quot;Deutsch&quot;","block_context":{"text":"Deutsch","link":"https:\/\/www.achimbrueckner.de\/dxradio\/php\/wordpress\/?cat=1"},"img":{"alt_text":"","src":"","width":0,"height":0},"classes":[]},{"id":827,"url":"https:\/\/www.achimbrueckner.de\/dxradio\/php\/wordpress\/?p=827","url_meta":{"origin":36924,"position":2},"title":"Quiz 50 Jahre Deutsches Programm von Radio China International","author":"Administrator","date":"January 6, 2010","format":false,"excerpt":"Quiz 50 Jahre Deutsches Programm von Radio China International Liebe Freunde, am 15. April 1960 ging das deutschsprachige Programm von Radio China International erstmals auf Sendung. Zur Feier unseres 50. Jubil\u00e4ums am 15. April 2010 m\u00f6chten wir Sie, liebe Freunde, zu einem Quizeinladen, das wir anl\u00e4sslich des 50-j\u00e4hrigen Bestehens des\u2026","rel":"","context":"In &quot;Deutsch&quot;","block_context":{"text":"Deutsch","link":"https:\/\/www.achimbrueckner.de\/dxradio\/php\/wordpress\/?cat=1"},"img":{"alt_text":"","src":"","width":0,"height":0},"classes":[]},{"id":4305,"url":"https:\/\/www.achimbrueckner.de\/dxradio\/php\/wordpress\/?p=4305","url_meta":{"origin":36924,"position":3},"title":"Radio 700 Spenden","author":"Administrator","date":"March 27, 2015","format":false,"excerpt":"Liebe Freunde der Kurzwelle, Seit 8 Jahren senden wir mit unseren im Vergleich zu den (ex)-staatlichen Gro\u00dfsendeanlagen bescheidenen Mitteln auf Kurzwelle. Was anfangs mit ein paar Stunden t\u00e4glich auf einer Frequenz begann hat sich mittlerweile zu einer \"oppulenteren Angelegenheit\" gemausert. Ab April 2015 strahlen wir w\u00f6chentlich 365 Stunden (gut 52\u2026","rel":"","context":"In &quot;Deutsch&quot;","block_context":{"text":"Deutsch","link":"https:\/\/www.achimbrueckner.de\/dxradio\/php\/wordpress\/?cat=1"},"img":{"alt_text":"","src":"","width":0,"height":0},"classes":[]},{"id":2070,"url":"https:\/\/www.achimbrueckner.de\/dxradio\/php\/wordpress\/?p=2070","url_meta":{"origin":36924,"position":4},"title":"Nord AM 1 Januar 2012","author":"Administrator","date":"December 29, 2011","format":false,"excerpt":"Liebe H\u00f6rer, liebe Freunde, Zun\u00e4chst m\u00f6chten wir uns f\u00fcr die R\u00fcckmeldungen, Empfangsberichte und Anregungen zu unserer letzten Sendung vom Oktober dieses Jahres bedanken. Alle eingegangenen Berichte haben wir bereits vor einigen Wochen mit einer QSL-Karte best\u00e4tigt. Das Jahr 2011 neigt dich dem Ende zu - und uns war klar, dass\u2026","rel":"","context":"In &quot;Deutsch&quot;","block_context":{"text":"Deutsch","link":"https:\/\/www.achimbrueckner.de\/dxradio\/php\/wordpress\/?cat=1"},"img":{"alt_text":"","src":"","width":0,"height":0},"classes":[]},{"id":38213,"url":"https:\/\/www.achimbrueckner.de\/dxradio\/php\/wordpress\/?p=38213","url_meta":{"origin":36924,"position":5},"title":"Neues zum WRTH 2023","author":"Administrator","date":"December 15, 2022","format":false,"excerpt":"Neues zum WRTH: (aber noch keine Bestellm\u00f6glichkeit) Mit der Ausgabe 2023 wird das World Radio TV Handbook zum ersten Mal auch in einer digitalen Version erh\u00e4ltlich sein. So k\u00f6nnen Sie entscheiden, ob Sie das klassische gedruckte Handbuch, die Web-App oder beides zusammen kaufen m\u00f6chten. Die Preise: Web App 24,90 \u20ac\u2026","rel":"","context":"In &quot;Deutsch&quot;","block_context":{"text":"Deutsch","link":"https:\/\/www.achimbrueckner.de\/dxradio\/php\/wordpress\/?cat=1"},"img":{"alt_text":"","src":"","width":0,"height":0},"classes":[]}],"_links":{"self":[{"href":"https:\/\/www.achimbrueckner.de\/dxradio\/php\/wordpress\/index.php?rest_route=\/wp\/v2\/posts\/36924","targetHints":{"allow":["GET"]}}],"collection":[{"href":"https:\/\/www.achimbrueckner.de\/dxradio\/php\/wordpress\/index.php?rest_route=\/wp\/v2\/posts"}],"about":[{"href":"https:\/\/www.achimbrueckner.de\/dxradio\/php\/wordpress\/index.php?rest_route=\/wp\/v2\/types\/post"}],"author":[{"embeddable":true,"href":"https:\/\/www.achimbrueckner.de\/dxradio\/php\/wordpress\/index.php?rest_route=\/wp\/v2\/users\/1"}],"replies":[{"embeddable":true,"href":"https:\/\/www.achimbrueckner.de\/dxradio\/php\/wordpress\/index.php?rest_route=%2Fwp%2Fv2%2Fcomments&post=36924"}],"version-history":[{"count":0,"href":"https:\/\/www.achimbrueckner.de\/dxradio\/php\/wordpress\/index.php?rest_route=\/wp\/v2\/posts\/36924\/revisions"}],"wp:attachment":[{"href":"https:\/\/www.achimbrueckner.de\/dxradio\/php\/wordpress\/index.php?rest_route=%2Fwp%2Fv2%2Fmedia&parent=36924"}],"wp:term":[{"taxonomy":"category","embeddable":true,"href":"https:\/\/www.achimbrueckner.de\/dxradio\/php\/wordpress\/index.php?rest_route=%2Fwp%2Fv2%2Fcategories&post=36924"},{"taxonomy":"post_tag","embeddable":true,"href":"https:\/\/www.achimbrueckner.de\/dxradio\/php\/wordpress\/index.php?rest_route=%2Fwp%2Fv2%2Ftags&post=36924"}],"curies":[{"name":"wp","href":"https:\/\/api.w.org\/{rel}","templated":true}]}}