{"id":36942,"date":"2022-07-13T16:08:38","date_gmt":"2022-07-13T16:08:38","guid":{"rendered":"https:\/\/www.achimbrueckner.de\/dxradio\/php\/wordpress\/?p=36942"},"modified":"2022-07-13T16:08:38","modified_gmt":"2022-07-13T16:08:38","slug":"fake-meldungen-wie-urheberrechtsbeschwerden-bei-youtube-zur-waffe-werden","status":"publish","type":"post","link":"https:\/\/www.achimbrueckner.de\/dxradio\/php\/wordpress\/?p=36942","title":{"rendered":"Fake-Meldungen:  Wie Urheberrechtsbeschwerden bei YouTube zur Waffe werden"},"content":{"rendered":"<p><a href=\"https:\/\/netzpolitik.org\/2022\/fake-meldungen-wie-urheberrechtsbeschwerden-bei-youtube-zur-waffe-werden\/\" rel=\"noopener\" target=\"_blank\">https:\/\/netzpolitik.org\/2022\/fake-meldungen-wie-urheberrechtsbeschwerden-bei-youtube-zur-waffe-werden\/<\/a><\/p>\n","protected":false},"excerpt":{"rendered":"<p>https:\/\/netzpolitik.org\/2022\/fake-meldungen-wie-urheberrechtsbeschwerden-bei-youtube-zur-waffe-werden\/<\/p>\n","protected":false},"author":1,"featured_media":0,"comment_status":"closed","ping_status":"open","sticky":false,"template":"","format":"standard","meta":{"_jetpack_memberships_contains_paid_content":false,"footnotes":"","jetpack_publicize_message":"","jetpack_publicize_feature_enabled":true,"jetpack_social_post_already_shared":true,"jetpack_social_options":{"image_generator_settings":{"template":"highway","default_image_id":0,"font":"","enabled":false},"version":2}},"categories":[1],"tags":[],"class_list":["post-36942","post","type-post","status-publish","format-standard","hentry","category-deutsch"],"jetpack_publicize_connections":[],"jetpack_featured_media_url":"","jetpack_sharing_enabled":true,"jetpack_shortlink":"https:\/\/wp.me\/p5CDmr-9BQ","jetpack-related-posts":[{"id":4242,"url":"https:\/\/www.achimbrueckner.de\/dxradio\/php\/wordpress\/?p=4242","url_meta":{"origin":36942,"position":0},"title":"Radio DARC Premiere 22. M\u00e4rz 2015 6070 Khz 1000 Utc","author":"Administrator","date":"March 19, 2015","format":false,"excerpt":"Liebe YLs und OMs. nun ist es bald so weit. \"RADIO DARC\" wird am kommenden Sonntag, den 22. M\u00e4rz 2015 im 49m Rundfunkband seine regelm\u00e4\u00dfige Sendefolge aufnehmen. Die Sendungen erfolgen immer sonntags um 11 Uhr Lokalzeit (10 Uhr UTC) mit 100 kW Sendeleistung aus Wien-Moosbrunn und in einer Wiederholung montags\u2026","rel":"","context":"In &quot;Deutsch&quot;","block_context":{"text":"Deutsch","link":"https:\/\/www.achimbrueckner.de\/dxradio\/php\/wordpress\/?cat=1"},"img":{"alt_text":"","src":"","width":0,"height":0},"classes":[]},{"id":12838,"url":"https:\/\/www.achimbrueckner.de\/dxradio\/php\/wordpress\/?p=12838","url_meta":{"origin":36942,"position":1},"title":"Kurzwellen-Sondersendungen von der 24. IARU-Region 1-Konferenz","author":"Administrator","date":"April 13, 2017","format":false,"excerpt":"RADIO DARC berichtet in Kurzwellen-Sondersendungen von der 24. IARU-Region 1-Konferenz aus Landshut Vom 16. bis 22. September 2017 findet in Landshut bei M\u00fcnchen die IARU-Region-1-Konferenz statt. Deutschland war 1958 das letzte Mal Gastgeber dieser Veranstaltung der Internationalen Amateur-Radio-Union. 130 Delegierte von vielen der 96 Mitgliedsverb\u00e4nden werden dort Fragen rund um\u2026","rel":"","context":"In &quot;Deutsch&quot;","block_context":{"text":"Deutsch","link":"https:\/\/www.achimbrueckner.de\/dxradio\/php\/wordpress\/?cat=1"},"img":{"alt_text":"","src":"","width":0,"height":0},"classes":[]},{"id":38205,"url":"https:\/\/www.achimbrueckner.de\/dxradio\/php\/wordpress\/?p=38205","url_meta":{"origin":36942,"position":2},"title":"SAQ: Grimeton sendet Weihnachtsbotschaft an Heiligabend 2022","author":"Administrator","date":"December 13, 2022","format":false,"excerpt":"SAQ: Grimeton sendet Weihnachtsbotschaft an Heiligabend Am Morgen des Heiligen Abends, dem 24. Dezember 2022, werden die Grimeton SAQ Veteranradiofreunde in S\u00fcdschweden wieder auf Sendung gehen und eine besondere Weihnachtsbotschaft in die Welt senden. Um 8:30 Uhr MEZ (0730 UTC) wird der fast 100 Jahre alte Maschinensender in Betrieb genommen\u2026","rel":"","context":"In &quot;Deutsch&quot;","block_context":{"text":"Deutsch","link":"https:\/\/www.achimbrueckner.de\/dxradio\/php\/wordpress\/?cat=1"},"img":{"alt_text":"","src":"","width":0,"height":0},"classes":[]},{"id":26908,"url":"https:\/\/www.achimbrueckner.de\/dxradio\/php\/wordpress\/?p=26908","url_meta":{"origin":36942,"position":3},"title":"Meldungen beanstanden vor allem den Jugendschutz","author":"Administrator","date":"January 29, 2020","format":false,"excerpt":"https:\/\/www.faz.net\/aktuell\/feuilleton\/medien\/programmbeschwerde-meldungen-beanstanden-jugendschutz-16604585.html","rel":"","context":"In &quot;Deutsch&quot;","block_context":{"text":"Deutsch","link":"https:\/\/www.achimbrueckner.de\/dxradio\/php\/wordpress\/?cat=1"},"img":{"alt_text":"","src":"","width":0,"height":0},"classes":[]},{"id":43947,"url":"https:\/\/www.achimbrueckner.de\/dxradio\/php\/wordpress\/?p=43947","url_meta":{"origin":36942,"position":4},"title":"Radionews aus Deutschland: Die wichtigsten Meldungen der Woche","author":"Administrator","date":"October 6, 2025","format":false,"excerpt":"https:\/\/www.radioblog.eu\/2025\/10\/06\/radionews-aus-deutschland-die-wichtigsten-meldungen-der-woche\/","rel":"","context":"In &quot;Deutsch&quot;","block_context":{"text":"Deutsch","link":"https:\/\/www.achimbrueckner.de\/dxradio\/php\/wordpress\/?cat=1"},"img":{"alt_text":"","src":"","width":0,"height":0},"classes":[]},{"id":218,"url":"https:\/\/www.achimbrueckner.de\/dxradio\/php\/wordpress\/?p=218","url_meta":{"origin":36942,"position":5},"title":"HCJB Quito","author":"Administrator","date":"November 25, 2006","format":false,"excerpt":"HCJB Quito ist mit der Sendung f\u00fcr DXer auf 3955 Khz via J\u00fclich mit SINPO 45444 um 1650 Utc in Deutsch zu h\u00f6ren. Markus Weidner bringt DX-Meldungen aus der Satszene. Es l\u00e4uft das DX-Programm des http:\/\/www.rmrc.de. Empfangsberichte werden gegen einen frankierten R\u00fcckumschlag best\u00e4tigt. Danach folgen DX-Tips von Dieter K Reibold.\u2026","rel":"","context":"In &quot;Empfang&quot;","block_context":{"text":"Empfang","link":"https:\/\/www.achimbrueckner.de\/dxradio\/php\/wordpress\/?cat=3"},"img":{"alt_text":"","src":"","width":0,"height":0},"classes":[]}],"_links":{"self":[{"href":"https:\/\/www.achimbrueckner.de\/dxradio\/php\/wordpress\/index.php?rest_route=\/wp\/v2\/posts\/36942","targetHints":{"allow":["GET"]}}],"collection":[{"href":"https:\/\/www.achimbrueckner.de\/dxradio\/php\/wordpress\/index.php?rest_route=\/wp\/v2\/posts"}],"about":[{"href":"https:\/\/www.achimbrueckner.de\/dxradio\/php\/wordpress\/index.php?rest_route=\/wp\/v2\/types\/post"}],"author":[{"embeddable":true,"href":"https:\/\/www.achimbrueckner.de\/dxradio\/php\/wordpress\/index.php?rest_route=\/wp\/v2\/users\/1"}],"replies":[{"embeddable":true,"href":"https:\/\/www.achimbrueckner.de\/dxradio\/php\/wordpress\/index.php?rest_route=%2Fwp%2Fv2%2Fcomments&post=36942"}],"version-history":[{"count":0,"href":"https:\/\/www.achimbrueckner.de\/dxradio\/php\/wordpress\/index.php?rest_route=\/wp\/v2\/posts\/36942\/revisions"}],"wp:attachment":[{"href":"https:\/\/www.achimbrueckner.de\/dxradio\/php\/wordpress\/index.php?rest_route=%2Fwp%2Fv2%2Fmedia&parent=36942"}],"wp:term":[{"taxonomy":"category","embeddable":true,"href":"https:\/\/www.achimbrueckner.de\/dxradio\/php\/wordpress\/index.php?rest_route=%2Fwp%2Fv2%2Fcategories&post=36942"},{"taxonomy":"post_tag","embeddable":true,"href":"https:\/\/www.achimbrueckner.de\/dxradio\/php\/wordpress\/index.php?rest_route=%2Fwp%2Fv2%2Ftags&post=36942"}],"curies":[{"name":"wp","href":"https:\/\/api.w.org\/{rel}","templated":true}]}}