{"id":36948,"date":"2022-07-13T16:18:21","date_gmt":"2022-07-13T16:18:21","guid":{"rendered":"https:\/\/www.achimbrueckner.de\/dxradio\/php\/wordpress\/?p=36948"},"modified":"2022-07-13T16:18:21","modified_gmt":"2022-07-13T16:18:21","slug":"media-analyse-starke-horer-zuwachse-bei-dab","status":"publish","type":"post","link":"https:\/\/www.achimbrueckner.de\/dxradio\/php\/wordpress\/?p=36948","title":{"rendered":"Media Analyse: Starke H\u00f6rer-Zuw\u00e4chse bei DAB+"},"content":{"rendered":"<p><a href=\"https:\/\/www.teltarif.de\/dab-plus-radio-media-analyse\/news\/88730.html\" rel=\"noopener\" target=\"_blank\">https:\/\/www.teltarif.de\/dab-plus-radio-media-analyse\/news\/88730.html<\/a><\/p>\n","protected":false},"excerpt":{"rendered":"<p>https:\/\/www.teltarif.de\/dab-plus-radio-media-analyse\/news\/88730.html<\/p>\n","protected":false},"author":1,"featured_media":0,"comment_status":"closed","ping_status":"open","sticky":false,"template":"","format":"standard","meta":{"_jetpack_memberships_contains_paid_content":false,"footnotes":"","jetpack_publicize_message":"","jetpack_publicize_feature_enabled":true,"jetpack_social_post_already_shared":true,"jetpack_social_options":{"image_generator_settings":{"template":"highway","default_image_id":0,"font":"","enabled":false},"version":2}},"categories":[1],"tags":[],"class_list":["post-36948","post","type-post","status-publish","format-standard","hentry","category-deutsch"],"jetpack_publicize_connections":[],"jetpack_featured_media_url":"","jetpack_sharing_enabled":true,"jetpack_shortlink":"https:\/\/wp.me\/p5CDmr-9BW","jetpack-related-posts":[{"id":24670,"url":"https:\/\/www.achimbrueckner.de\/dxradio\/php\/wordpress\/?p=24670","url_meta":{"origin":36948,"position":0},"title":"Lieber per Spotify oder DAB+: Internetradios verlieren H\u00f6rer","author":"Administrator","date":"September 8, 2019","format":false,"excerpt":"https:\/\/www.teltarif.de\/internetradio-webradio-media-analyse-dab-plus\/news\/77917.html","rel":"","context":"In &quot;Deutsch&quot;","block_context":{"text":"Deutsch","link":"https:\/\/www.achimbrueckner.de\/dxradio\/php\/wordpress\/?cat=1"},"img":{"alt_text":"","src":"","width":0,"height":0},"classes":[]},{"id":18452,"url":"https:\/\/www.achimbrueckner.de\/dxradio\/php\/wordpress\/?p=18452","url_meta":{"origin":36948,"position":1},"title":"Media-Analyse: Wenige Radiosender \u00fcber DAB+ erfolgreich","author":"Administrator","date":"July 11, 2018","format":false,"excerpt":"https:\/\/www.teltarif.de\/media-analyse-radio-dab-plus\/news\/73255.html","rel":"","context":"In &quot;Deutsch&quot;","block_context":{"text":"Deutsch","link":"https:\/\/www.achimbrueckner.de\/dxradio\/php\/wordpress\/?cat=1"},"img":{"alt_text":"","src":"","width":0,"height":0},"classes":[]},{"id":14458,"url":"https:\/\/www.achimbrueckner.de\/dxradio\/php\/wordpress\/?p=14458","url_meta":{"origin":36948,"position":2},"title":"DAB+-Programme sollen bessere Vermarktungschancen bekommen","author":"Administrator","date":"September 6, 2017","format":false,"excerpt":"https:\/\/www.teltarif.de\/vermarktung-media-analyse-digital-radio-dab-plus\/news\/69933.html","rel":"","context":"In &quot;Deutsch&quot;","block_context":{"text":"Deutsch","link":"https:\/\/www.achimbrueckner.de\/dxradio\/php\/wordpress\/?cat=1"},"img":{"alt_text":"","src":"","width":0,"height":0},"classes":[]},{"id":33065,"url":"https:\/\/www.achimbrueckner.de\/dxradio\/php\/wordpress\/?p=33065","url_meta":{"origin":36948,"position":3},"title":"Media Analyse: DAB+ und Internetradio im Aufwind","author":"Administrator","date":"July 15, 2021","format":false,"excerpt":"https:\/\/www.teltarif.de\/dab-plus-streaming-internetradio-radio\/news\/85136.html","rel":"","context":"In &quot;Deutsch&quot;","block_context":{"text":"Deutsch","link":"https:\/\/www.achimbrueckner.de\/dxradio\/php\/wordpress\/?cat=1"},"img":{"alt_text":"","src":"","width":0,"height":0},"classes":[]},{"id":41071,"url":"https:\/\/www.achimbrueckner.de\/dxradio\/php\/wordpress\/?p=41071","url_meta":{"origin":36948,"position":4},"title":"Media Analyse Audio: Radionutzung stabil, DAB+ im Aufwind","author":"Administrator","date":"March 21, 2024","format":false,"excerpt":"https:\/\/www.teltarif.de\/media-analyse-radio-dabplus-hoerfunk-audio\/news\/94989.html","rel":"","context":"In &quot;Deutsch&quot;","block_context":{"text":"Deutsch","link":"https:\/\/www.achimbrueckner.de\/dxradio\/php\/wordpress\/?cat=1"},"img":{"alt_text":"","src":"","width":0,"height":0},"classes":[]},{"id":41097,"url":"https:\/\/www.achimbrueckner.de\/dxradio\/php\/wordpress\/?p=41097","url_meta":{"origin":36948,"position":5},"title":"Media Analyse: Ist die DAB+-Nutzung tats\u00e4chlich r\u00fcckl\u00e4ufig?","author":"Administrator","date":"March 26, 2024","format":false,"excerpt":"https:\/\/www.teltarif.de\/dabplus-radio-media-anaylse-audio\/news\/95035.html","rel":"","context":"In &quot;Deutsch&quot;","block_context":{"text":"Deutsch","link":"https:\/\/www.achimbrueckner.de\/dxradio\/php\/wordpress\/?cat=1"},"img":{"alt_text":"","src":"","width":0,"height":0},"classes":[]}],"_links":{"self":[{"href":"https:\/\/www.achimbrueckner.de\/dxradio\/php\/wordpress\/index.php?rest_route=\/wp\/v2\/posts\/36948","targetHints":{"allow":["GET"]}}],"collection":[{"href":"https:\/\/www.achimbrueckner.de\/dxradio\/php\/wordpress\/index.php?rest_route=\/wp\/v2\/posts"}],"about":[{"href":"https:\/\/www.achimbrueckner.de\/dxradio\/php\/wordpress\/index.php?rest_route=\/wp\/v2\/types\/post"}],"author":[{"embeddable":true,"href":"https:\/\/www.achimbrueckner.de\/dxradio\/php\/wordpress\/index.php?rest_route=\/wp\/v2\/users\/1"}],"replies":[{"embeddable":true,"href":"https:\/\/www.achimbrueckner.de\/dxradio\/php\/wordpress\/index.php?rest_route=%2Fwp%2Fv2%2Fcomments&post=36948"}],"version-history":[{"count":0,"href":"https:\/\/www.achimbrueckner.de\/dxradio\/php\/wordpress\/index.php?rest_route=\/wp\/v2\/posts\/36948\/revisions"}],"wp:attachment":[{"href":"https:\/\/www.achimbrueckner.de\/dxradio\/php\/wordpress\/index.php?rest_route=%2Fwp%2Fv2%2Fmedia&parent=36948"}],"wp:term":[{"taxonomy":"category","embeddable":true,"href":"https:\/\/www.achimbrueckner.de\/dxradio\/php\/wordpress\/index.php?rest_route=%2Fwp%2Fv2%2Fcategories&post=36948"},{"taxonomy":"post_tag","embeddable":true,"href":"https:\/\/www.achimbrueckner.de\/dxradio\/php\/wordpress\/index.php?rest_route=%2Fwp%2Fv2%2Ftags&post=36948"}],"curies":[{"name":"wp","href":"https:\/\/api.w.org\/{rel}","templated":true}]}}