{"id":36969,"date":"2022-07-15T10:48:02","date_gmt":"2022-07-15T10:48:02","guid":{"rendered":"https:\/\/www.achimbrueckner.de\/dxradio\/php\/wordpress\/?p=36969"},"modified":"2022-07-15T10:48:02","modified_gmt":"2022-07-15T10:48:02","slug":"debatte-um-finanzierung-djv-und-ver-di-sorgen-sich-um-die-zukunft-von-arte","status":"publish","type":"post","link":"https:\/\/www.achimbrueckner.de\/dxradio\/php\/wordpress\/?p=36969","title":{"rendered":"Debatte um Finanzierung DJV und ver.di sorgen sich um die Zukunft von Arte"},"content":{"rendered":"<p><a href=\"https:\/\/www.dwdl.de\/nachrichten\/88784\/djv_und_verdi_sorgen_sich_um_die_zukunft_von_arte\/\" rel=\"noopener\" target=\"_blank\">https:\/\/www.dwdl.de\/nachrichten\/88784\/djv_und_verdi_sorgen_sich_um_die_zukunft_von_arte\/<\/a><\/p>\n","protected":false},"excerpt":{"rendered":"<p>https:\/\/www.dwdl.de\/nachrichten\/88784\/djv_und_verdi_sorgen_sich_um_die_zukunft_von_arte\/<\/p>\n","protected":false},"author":1,"featured_media":0,"comment_status":"closed","ping_status":"open","sticky":false,"template":"","format":"standard","meta":{"_jetpack_memberships_contains_paid_content":false,"footnotes":"","jetpack_publicize_message":"","jetpack_publicize_feature_enabled":true,"jetpack_social_post_already_shared":true,"jetpack_social_options":{"image_generator_settings":{"template":"highway","default_image_id":0,"font":"","enabled":false},"version":2}},"categories":[1],"tags":[],"class_list":["post-36969","post","type-post","status-publish","format-standard","hentry","category-deutsch"],"jetpack_publicize_connections":[],"jetpack_featured_media_url":"","jetpack_sharing_enabled":true,"jetpack_shortlink":"https:\/\/wp.me\/p5CDmr-9Ch","jetpack-related-posts":[{"id":19263,"url":"https:\/\/www.achimbrueckner.de\/dxradio\/php\/wordpress\/?p=19263","url_meta":{"origin":36969,"position":0},"title":"Debatte um Mediengesetz: ein Kampf um Geld","author":"Administrator","date":"September 23, 2018","format":false,"excerpt":"https:\/\/medienwoche.ch\/2018\/09\/20\/debatte-um-das-mediengesetz-ein-kampf-um-geld\/","rel":"","context":"In &quot;Deutsch&quot;","block_context":{"text":"Deutsch","link":"https:\/\/www.achimbrueckner.de\/dxradio\/php\/wordpress\/?cat=1"},"img":{"alt_text":"","src":"","width":0,"height":0},"classes":[]},{"id":1598,"url":"https:\/\/www.achimbrueckner.de\/dxradio\/php\/wordpress\/?p=1598","url_meta":{"origin":36969,"position":1},"title":"CBS erweitert radio.com um last.fm","author":"Administrator","date":"June 11, 2011","format":false,"excerpt":"CBS erweitert radio.com um last.fm http:\/\/www.radioszene.de\/25569\/cbs-erweitert-radio-com-um-last-fm.html","rel":"","context":"In &quot;Deutsch&quot;","block_context":{"text":"Deutsch","link":"https:\/\/www.achimbrueckner.de\/dxradio\/php\/wordpress\/?cat=1"},"img":{"alt_text":"","src":"","width":0,"height":0},"classes":[]},{"id":9,"url":"https:\/\/www.achimbrueckner.de\/dxradio\/php\/wordpress\/?p=9","url_meta":{"origin":36969,"position":2},"title":"41m Band um 1700 Utc","author":"Administrator","date":"September 14, 2005","format":false,"excerpt":"Interessante Signale im 41m Band: CVC International kommt via dem Relay in Australien auf der 7180 Khz um 1650 Utc mit O=3 in Indonesisch brauchbar an. Sendeschlu\u00df ist um 1700 Utc. Mehr zur Missionsstation auf der Website von Dr. Hansj\u00f6rg Biener. Radio Tajikistan h\u00f6rte ich in Arabisch um 1705 Utc\u2026","rel":"","context":"In &quot;Empfang&quot;","block_context":{"text":"Empfang","link":"https:\/\/www.achimbrueckner.de\/dxradio\/php\/wordpress\/?cat=3"},"img":{"alt_text":"","src":"","width":0,"height":0},"classes":[]},{"id":2147,"url":"https:\/\/www.achimbrueckner.de\/dxradio\/php\/wordpress\/?p=2147","url_meta":{"origin":36969,"position":3},"title":"Kreml-kritisches Radio Echo Moskwy f\u00fcrchtet um Zukunft","author":"Administrator","date":"February 15, 2012","format":false,"excerpt":"Kreml-kritisches Radio Echo Moskwy f\u00fcrchtet um Zukunft http:\/\/www.suedostschweiz.ch\/politik\/kreml-kritisches-radio-echo-moskwy-furchtet-um-zukunft","rel":"","context":"In &quot;Deutsch&quot;","block_context":{"text":"Deutsch","link":"https:\/\/www.achimbrueckner.de\/dxradio\/php\/wordpress\/?cat=1"},"img":{"alt_text":"","src":"","width":0,"height":0},"classes":[]},{"id":11,"url":"https:\/\/www.achimbrueckner.de\/dxradio\/php\/wordpress\/?p=11","url_meta":{"origin":36969,"position":4},"title":"Sudan National Radio auf 9505 Khz","author":"Administrator","date":"September 16, 2005","format":false,"excerpt":"Heute nachmittag sind gute DX-Bedingungen im 31m Band. Sudan National Radio kommt mit O=3 auf 9505 Khz in Arabisch um 1600 Utc an. \u00dcberhaupt gibt das Band recht viel aus Asien um diese Zeit her. KBS World Radio ist zB in Russisch auf 9515 Khz mit O=3 um 1610 Utc\u2026","rel":"","context":"In &quot;Empfang&quot;","block_context":{"text":"Empfang","link":"https:\/\/www.achimbrueckner.de\/dxradio\/php\/wordpress\/?cat=3"},"img":{"alt_text":"","src":"","width":0,"height":0},"classes":[]},{"id":29,"url":"https:\/\/www.achimbrueckner.de\/dxradio\/php\/wordpress\/?p=29","url_meta":{"origin":36969,"position":5},"title":"Asien im 31m Band","author":"Administrator","date":"December 24, 2005","format":false,"excerpt":"Gute Signale aus Asien gibt es heute morgen im 31m Band. KBS World Radio ist auf 9640 Khz um 0855 Utc mit O=3 in Englisch zu empfangen. Auch aus Japan kommt das BBC-Relay um 0900 Utc auf 9605 Khz mit O=3 in Englisch an. Radio Japan ist auf 9750 Khz\u2026","rel":"","context":"In &quot;Empfang&quot;","block_context":{"text":"Empfang","link":"https:\/\/www.achimbrueckner.de\/dxradio\/php\/wordpress\/?cat=3"},"img":{"alt_text":"","src":"","width":0,"height":0},"classes":[]}],"_links":{"self":[{"href":"https:\/\/www.achimbrueckner.de\/dxradio\/php\/wordpress\/index.php?rest_route=\/wp\/v2\/posts\/36969","targetHints":{"allow":["GET"]}}],"collection":[{"href":"https:\/\/www.achimbrueckner.de\/dxradio\/php\/wordpress\/index.php?rest_route=\/wp\/v2\/posts"}],"about":[{"href":"https:\/\/www.achimbrueckner.de\/dxradio\/php\/wordpress\/index.php?rest_route=\/wp\/v2\/types\/post"}],"author":[{"embeddable":true,"href":"https:\/\/www.achimbrueckner.de\/dxradio\/php\/wordpress\/index.php?rest_route=\/wp\/v2\/users\/1"}],"replies":[{"embeddable":true,"href":"https:\/\/www.achimbrueckner.de\/dxradio\/php\/wordpress\/index.php?rest_route=%2Fwp%2Fv2%2Fcomments&post=36969"}],"version-history":[{"count":0,"href":"https:\/\/www.achimbrueckner.de\/dxradio\/php\/wordpress\/index.php?rest_route=\/wp\/v2\/posts\/36969\/revisions"}],"wp:attachment":[{"href":"https:\/\/www.achimbrueckner.de\/dxradio\/php\/wordpress\/index.php?rest_route=%2Fwp%2Fv2%2Fmedia&parent=36969"}],"wp:term":[{"taxonomy":"category","embeddable":true,"href":"https:\/\/www.achimbrueckner.de\/dxradio\/php\/wordpress\/index.php?rest_route=%2Fwp%2Fv2%2Fcategories&post=36969"},{"taxonomy":"post_tag","embeddable":true,"href":"https:\/\/www.achimbrueckner.de\/dxradio\/php\/wordpress\/index.php?rest_route=%2Fwp%2Fv2%2Ftags&post=36969"}],"curies":[{"name":"wp","href":"https:\/\/api.w.org\/{rel}","templated":true}]}}