{"id":3697,"date":"2014-10-22T14:38:24","date_gmt":"2014-10-22T14:38:24","guid":{"rendered":"https:\/\/www.achimbrueckner.de\/dxradio\/php\/wordpress\/?p=3697"},"modified":"2014-10-22T14:38:24","modified_gmt":"2014-10-22T14:38:24","slug":"dx-camp-dobriach-2015-termin-2015-samstag-4-bis-samstag-18-juli-2015","status":"publish","type":"post","link":"https:\/\/www.achimbrueckner.de\/dxradio\/php\/wordpress\/?p=3697","title":{"rendered":"DX-Camp D\u00f6briach 2015!!!  Termin 2015: Samstag, 4. bis Samstag, 18. Juli 2015"},"content":{"rendered":"<p><a href=\"http:\/\/www.dxcamp.org\/\" target=\"_blank\">http:\/\/www.dxcamp.org\/<\/a><\/p>\n","protected":false},"excerpt":{"rendered":"<p>http:\/\/www.dxcamp.org\/<\/p>\n","protected":false},"author":1,"featured_media":0,"comment_status":"open","ping_status":"open","sticky":false,"template":"","format":"standard","meta":{"_jetpack_memberships_contains_paid_content":false,"footnotes":"","jetpack_publicize_message":"","jetpack_publicize_feature_enabled":true,"jetpack_social_post_already_shared":false,"jetpack_social_options":{"image_generator_settings":{"template":"highway","default_image_id":0,"font":"","enabled":false},"version":2}},"categories":[5,14],"tags":[24,26,40],"class_list":["post-3697","post","type-post","status-publish","format-standard","hentry","category-camps","category-dx","tag-am","tag-camp","tag-dx"],"jetpack_publicize_connections":[],"jetpack_featured_media_url":"","jetpack_sharing_enabled":true,"jetpack_shortlink":"https:\/\/wp.me\/p5CDmr-XD","jetpack-related-posts":[{"id":2427,"url":"https:\/\/www.achimbrueckner.de\/dxradio\/php\/wordpress\/?p=2427","url_meta":{"origin":3697,"position":0},"title":"DX-Camp D\u00f6briach 2013","author":"Administrator","date":"March 23, 2013","format":false,"excerpt":"DX-Camp D\u00f6briach 2013!!! Termin 2013: Samstag, 29. Juni bis Samstag, 13. Juli 2013 http:\/\/www.dxcamp.org\/","rel":"","context":"In &quot;camps&quot;","block_context":{"text":"camps","link":"https:\/\/www.achimbrueckner.de\/dxradio\/php\/wordpress\/?cat=5"},"img":{"alt_text":"","src":"","width":0,"height":0},"classes":[]},{"id":5088,"url":"https:\/\/www.achimbrueckner.de\/dxradio\/php\/wordpress\/?p=5088","url_meta":{"origin":3697,"position":1},"title":"DX-Camp D\u00f6briach 2015!!!  Termin 2015: Samstag, 4. bis Samstag, 18. Juli 2015","author":"Administrator","date":"July 2, 2015","format":false,"excerpt":"http:\/\/dxcamp.org\/","rel":"","context":"In &quot;camps&quot;","block_context":{"text":"camps","link":"https:\/\/www.achimbrueckner.de\/dxradio\/php\/wordpress\/?cat=5"},"img":{"alt_text":"","src":"","width":0,"height":0},"classes":[]},{"id":8805,"url":"https:\/\/www.achimbrueckner.de\/dxradio\/php\/wordpress\/?p=8805","url_meta":{"origin":3697,"position":2},"title":"DX-Camp D\u00f6briach &#8211; 30. Juli bis 13. August 2016","author":"Administrator","date":"July 13, 2016","format":false,"excerpt":"Zur Erinnerung: Das diesj\u00e4hrige Hobbytreffen am K\u00e4rntner Millst\u00e4ttersee findet vom 30. Juli bis 13. August statt! Auch Kurzentschlossene sind herzlich willkommen! Es gibt vielleicht DX-Camps, in denen mehr Logs produziert werden, wer aber Hobby und Ferien im Kreise Gleichgesinnter machen m\u00f6chte, neben dem DX-Hobby etwas f\u00fcr Lagerfeuerromantik, gemeinsame Unternehmungen und\u2026","rel":"","context":"In &quot;camps&quot;","block_context":{"text":"camps","link":"https:\/\/www.achimbrueckner.de\/dxradio\/php\/wordpress\/?cat=5"},"img":{"alt_text":"","src":"","width":0,"height":0},"classes":[]},{"id":1632,"url":"https:\/\/www.achimbrueckner.de\/dxradio\/php\/wordpress\/?p=1632","url_meta":{"origin":3697,"position":3},"title":"DX Camp D\u00f6briach 2011","author":"Administrator","date":"July 2, 2011","format":false,"excerpt":"DX-Camp D\u00f6briach - Heuer wieder in D\u00f6briach!!! Termin 2011: 9.7. bis 24.7. 2011 http:\/\/dxcamp.org\/","rel":"","context":"In &quot;camps&quot;","block_context":{"text":"camps","link":"https:\/\/www.achimbrueckner.de\/dxradio\/php\/wordpress\/?cat=5"},"img":{"alt_text":"","src":"","width":0,"height":0},"classes":[]},{"id":480,"url":"https:\/\/www.achimbrueckner.de\/dxradio\/php\/wordpress\/?p=480","url_meta":{"origin":3697,"position":4},"title":"DX-Camp Schwangau 2010","author":"Administrator","date":"August 3, 2009","format":false,"excerpt":"Das DX-Camp Schwangau findet vom 24. Juli bis zum 8. August 2010 statt. N\u00e4heres unter http:\/\/www.dxcamp.org\/. Was auf UKW dieses Jahr dort geh\u00f6rt wurde gibts in diesem Bandscan. Info via Radioforum","rel":"","context":"In &quot;camps&quot;","block_context":{"text":"camps","link":"https:\/\/www.achimbrueckner.de\/dxradio\/php\/wordpress\/?cat=5"},"img":{"alt_text":"","src":"","width":0,"height":0},"classes":[]},{"id":2262,"url":"https:\/\/www.achimbrueckner.de\/dxradio\/php\/wordpress\/?p=2262","url_meta":{"origin":3697,"position":5},"title":"Herbst-DX-Camp der RADIOFREUNDE NRW im Naturfreundehaus Holzerbachtal in Solingen","author":"Administrator","date":"July 5, 2012","format":false,"excerpt":"Hallo liebe YL und OM, vom 3. bis zum 7. Oktober findet das Herbst-DX-Camp der RADIOFREUNDE NRW im Naturfreundehaus Holzerbachtal in Solingen, Ortsteil Solingen-Wald statt. Infos und Preise: http:\/\/filearea.christof-proft.de\/files\/pub\/rfnrw\/Herbstcamp_2012.pdf Website des Naturfreundehauses: http:\/\/www.naturfreundehaus-holzerbachtal.de\/ Teilnahmebedingungen f\u00fcr das Camp: http:\/\/filearea.christof-proft.de\/files\/pub\/rfnrw\/Teilnahmebedingungen.pdf Dort treffen sich bis zu 10 DXer zum H\u00f6ren, Fachsimpeln und gem\u00fctlichen\u2026","rel":"","context":"In &quot;camps&quot;","block_context":{"text":"camps","link":"https:\/\/www.achimbrueckner.de\/dxradio\/php\/wordpress\/?cat=5"},"img":{"alt_text":"","src":"","width":0,"height":0},"classes":[]}],"_links":{"self":[{"href":"https:\/\/www.achimbrueckner.de\/dxradio\/php\/wordpress\/index.php?rest_route=\/wp\/v2\/posts\/3697","targetHints":{"allow":["GET"]}}],"collection":[{"href":"https:\/\/www.achimbrueckner.de\/dxradio\/php\/wordpress\/index.php?rest_route=\/wp\/v2\/posts"}],"about":[{"href":"https:\/\/www.achimbrueckner.de\/dxradio\/php\/wordpress\/index.php?rest_route=\/wp\/v2\/types\/post"}],"author":[{"embeddable":true,"href":"https:\/\/www.achimbrueckner.de\/dxradio\/php\/wordpress\/index.php?rest_route=\/wp\/v2\/users\/1"}],"replies":[{"embeddable":true,"href":"https:\/\/www.achimbrueckner.de\/dxradio\/php\/wordpress\/index.php?rest_route=%2Fwp%2Fv2%2Fcomments&post=3697"}],"version-history":[{"count":0,"href":"https:\/\/www.achimbrueckner.de\/dxradio\/php\/wordpress\/index.php?rest_route=\/wp\/v2\/posts\/3697\/revisions"}],"wp:attachment":[{"href":"https:\/\/www.achimbrueckner.de\/dxradio\/php\/wordpress\/index.php?rest_route=%2Fwp%2Fv2%2Fmedia&parent=3697"}],"wp:term":[{"taxonomy":"category","embeddable":true,"href":"https:\/\/www.achimbrueckner.de\/dxradio\/php\/wordpress\/index.php?rest_route=%2Fwp%2Fv2%2Fcategories&post=3697"},{"taxonomy":"post_tag","embeddable":true,"href":"https:\/\/www.achimbrueckner.de\/dxradio\/php\/wordpress\/index.php?rest_route=%2Fwp%2Fv2%2Ftags&post=3697"}],"curies":[{"name":"wp","href":"https:\/\/api.w.org\/{rel}","templated":true}]}}