{"id":36971,"date":"2022-07-15T10:52:29","date_gmt":"2022-07-15T10:52:29","guid":{"rendered":"https:\/\/www.achimbrueckner.de\/dxradio\/php\/wordpress\/?p=36971"},"modified":"2022-07-15T10:52:29","modified_gmt":"2022-07-15T10:52:29","slug":"smarte-turklingel-amazon-gibt-ring-aufnahmen-ohne-einwilligung-an-us-polizei","status":"publish","type":"post","link":"https:\/\/www.achimbrueckner.de\/dxradio\/php\/wordpress\/?p=36971","title":{"rendered":"Smarte T\u00fcrklingel: Amazon gibt Ring-Aufnahmen ohne Einwilligung an US-Polizei"},"content":{"rendered":"<p><a href=\"https:\/\/www.heise.de\/news\/Smarte-Tuerlingel-Amazon-gibt-Ring-Aufnahmen-ohne-Einwillung-an-US-Polizei-7179946.html\" rel=\"noopener\" target=\"_blank\">https:\/\/www.heise.de\/news\/Smarte-Tuerlingel-Amazon-gibt-Ring-Aufnahmen-ohne-Einwillung-an-US-Polizei-7179946.html<\/a><\/p>\n","protected":false},"excerpt":{"rendered":"<p>https:\/\/www.heise.de\/news\/Smarte-Tuerlingel-Amazon-gibt-Ring-Aufnahmen-ohne-Einwillung-an-US-Polizei-7179946.html<\/p>\n","protected":false},"author":1,"featured_media":0,"comment_status":"closed","ping_status":"open","sticky":false,"template":"","format":"standard","meta":{"_jetpack_memberships_contains_paid_content":false,"footnotes":"","jetpack_publicize_message":"","jetpack_publicize_feature_enabled":true,"jetpack_social_post_already_shared":true,"jetpack_social_options":{"image_generator_settings":{"template":"highway","default_image_id":0,"font":"","enabled":false},"version":2}},"categories":[1],"tags":[],"class_list":["post-36971","post","type-post","status-publish","format-standard","hentry","category-deutsch"],"jetpack_publicize_connections":[],"jetpack_featured_media_url":"","jetpack_sharing_enabled":true,"jetpack_shortlink":"https:\/\/wp.me\/p5CDmr-9Cj","jetpack-related-posts":[{"id":26283,"url":"https:\/\/www.achimbrueckner.de\/dxradio\/php\/wordpress\/?p=26283","url_meta":{"origin":36971,"position":0},"title":"Amazon-Ring-\u00dcberwachungskameras Smarte T\u00fcrklingel mit gef\u00e4hrlichen Nebenwirkungen","author":"Administrator","date":"December 21, 2019","format":false,"excerpt":"https:\/\/www.deutschlandfunkkultur.de\/amazon-ring-ueberwachungskameras-smarte-tuerklingel-mit.1264.de.html?dram:article_id=466471","rel":"","context":"In &quot;Deutsch&quot;","block_context":{"text":"Deutsch","link":"https:\/\/www.achimbrueckner.de\/dxradio\/php\/wordpress\/?cat=1"},"img":{"alt_text":"","src":"","width":0,"height":0},"classes":[]},{"id":24995,"url":"https:\/\/www.achimbrueckner.de\/dxradio\/php\/wordpress\/?p=24995","url_meta":{"origin":36971,"position":1},"title":"Amazons Day 1 Edition: Smarte Brille und Ring im \u00f6ffentlichen Betatest","author":"Administrator","date":"September 27, 2019","format":false,"excerpt":"https:\/\/www.heise.de\/newsticker\/meldung\/Amazons-Day-1-Edition-Smarte-Brille-und-Ring-im-oeffentlichen-Betatest-4539627.html","rel":"","context":"In &quot;Deutsch&quot;","block_context":{"text":"Deutsch","link":"https:\/\/www.achimbrueckner.de\/dxradio\/php\/wordpress\/?cat=1"},"img":{"alt_text":"","src":"","width":0,"height":0},"classes":[]},{"id":30277,"url":"https:\/\/www.achimbrueckner.de\/dxradio\/php\/wordpress\/?p=30277","url_meta":{"origin":36971,"position":2},"title":"SMARTE LAUTSPRECHER : Amazon setzt Impulse, Google ist abgeschlagen","author":"Administrator","date":"October 1, 2020","format":false,"excerpt":"https:\/\/www.golem.de\/news\/smarte-lautsprecher-amazon-setzt-impulse-google-ist-abgeschlagen-2010-151210.html","rel":"","context":"In &quot;Deutsch&quot;","block_context":{"text":"Deutsch","link":"https:\/\/www.achimbrueckner.de\/dxradio\/php\/wordpress\/?cat=1"},"img":{"alt_text":"","src":"","width":0,"height":0},"classes":[]},{"id":25780,"url":"https:\/\/www.achimbrueckner.de\/dxradio\/php\/wordpress\/?p=25780","url_meta":{"origin":36971,"position":3},"title":"Amazon verkauft dreimal mehr smarte Lautsprecher als Google","author":"Administrator","date":"November 15, 2019","format":false,"excerpt":"https:\/\/www.golem.de\/news\/digitale-assistenten-amazon-verkauft-drei-mal-mehr-smarte-lautsprecher-als-google-1911-145013.html","rel":"","context":"In &quot;Deutsch&quot;","block_context":{"text":"Deutsch","link":"https:\/\/www.achimbrueckner.de\/dxradio\/php\/wordpress\/?cat=1"},"img":{"alt_text":"","src":"","width":0,"height":0},"classes":[]},{"id":26976,"url":"https:\/\/www.achimbrueckner.de\/dxradio\/php\/wordpress\/?p=26976","url_meta":{"origin":36971,"position":4},"title":"Statista: Smarte Lautsprecher weiterhin im Trend, Amazon nur noch knapp auf erstem Platz","author":"Administrator","date":"February 3, 2020","format":false,"excerpt":"https:\/\/stadt-bremerhaven.de\/statista-smarte-lautsprecher-weiterhin-im-trend-amazon-nur-noch-knapp-auf-erstem-platz\/","rel":"","context":"In &quot;Deutsch&quot;","block_context":{"text":"Deutsch","link":"https:\/\/www.achimbrueckner.de\/dxradio\/php\/wordpress\/?cat=1"},"img":{"alt_text":"","src":"","width":0,"height":0},"classes":[]},{"id":20559,"url":"https:\/\/www.achimbrueckner.de\/dxradio\/php\/wordpress\/?p=20559","url_meta":{"origin":36971,"position":5},"title":"Smarte Assistenten: So schlau sind Google Assistant, Amazon Alexa, Apple Siri und Microsoft Cortana wirklich","author":"Administrator","date":"December 26, 2018","format":false,"excerpt":"https:\/\/stadt-bremerhaven.de\/smarte-assistenten-so-schlau-sind-google-assistant-amazon-alexa-apple-siri-und-microsoft-cortana-wirklich\/","rel":"","context":"In &quot;Deutsch&quot;","block_context":{"text":"Deutsch","link":"https:\/\/www.achimbrueckner.de\/dxradio\/php\/wordpress\/?cat=1"},"img":{"alt_text":"","src":"","width":0,"height":0},"classes":[]}],"_links":{"self":[{"href":"https:\/\/www.achimbrueckner.de\/dxradio\/php\/wordpress\/index.php?rest_route=\/wp\/v2\/posts\/36971","targetHints":{"allow":["GET"]}}],"collection":[{"href":"https:\/\/www.achimbrueckner.de\/dxradio\/php\/wordpress\/index.php?rest_route=\/wp\/v2\/posts"}],"about":[{"href":"https:\/\/www.achimbrueckner.de\/dxradio\/php\/wordpress\/index.php?rest_route=\/wp\/v2\/types\/post"}],"author":[{"embeddable":true,"href":"https:\/\/www.achimbrueckner.de\/dxradio\/php\/wordpress\/index.php?rest_route=\/wp\/v2\/users\/1"}],"replies":[{"embeddable":true,"href":"https:\/\/www.achimbrueckner.de\/dxradio\/php\/wordpress\/index.php?rest_route=%2Fwp%2Fv2%2Fcomments&post=36971"}],"version-history":[{"count":0,"href":"https:\/\/www.achimbrueckner.de\/dxradio\/php\/wordpress\/index.php?rest_route=\/wp\/v2\/posts\/36971\/revisions"}],"wp:attachment":[{"href":"https:\/\/www.achimbrueckner.de\/dxradio\/php\/wordpress\/index.php?rest_route=%2Fwp%2Fv2%2Fmedia&parent=36971"}],"wp:term":[{"taxonomy":"category","embeddable":true,"href":"https:\/\/www.achimbrueckner.de\/dxradio\/php\/wordpress\/index.php?rest_route=%2Fwp%2Fv2%2Fcategories&post=36971"},{"taxonomy":"post_tag","embeddable":true,"href":"https:\/\/www.achimbrueckner.de\/dxradio\/php\/wordpress\/index.php?rest_route=%2Fwp%2Fv2%2Ftags&post=36971"}],"curies":[{"name":"wp","href":"https:\/\/api.w.org\/{rel}","templated":true}]}}