{"id":37005,"date":"2022-07-19T15:55:57","date_gmt":"2022-07-19T15:55:57","guid":{"rendered":"https:\/\/www.achimbrueckner.de\/dxradio\/php\/wordpress\/?p=37005"},"modified":"2022-07-19T15:55:57","modified_gmt":"2022-07-19T15:55:57","slug":"rundbrief-neue-glucksspielbehorde-drangt-provider-zu-netzsperren","status":"publish","type":"post","link":"https:\/\/www.achimbrueckner.de\/dxradio\/php\/wordpress\/?p=37005","title":{"rendered":"Rundbrief:  Neue Gl\u00fccksspielbeh\u00f6rde dr\u00e4ngt Provider zu Netzsperren"},"content":{"rendered":"<p><a href=\"https:\/\/netzpolitik.org\/2022\/rundbrief-neue-gluecksspielbehoerde-draengt-provider-zu-netzsperren\/\" rel=\"noopener\" target=\"_blank\">https:\/\/netzpolitik.org\/2022\/rundbrief-neue-gluecksspielbehoerde-draengt-provider-zu-netzsperren\/<\/a><\/p>\n","protected":false},"excerpt":{"rendered":"<p>https:\/\/netzpolitik.org\/2022\/rundbrief-neue-gluecksspielbehoerde-draengt-provider-zu-netzsperren\/<\/p>\n","protected":false},"author":1,"featured_media":0,"comment_status":"closed","ping_status":"open","sticky":false,"template":"","format":"standard","meta":{"_jetpack_memberships_contains_paid_content":false,"footnotes":"","jetpack_publicize_message":"","jetpack_publicize_feature_enabled":true,"jetpack_social_post_already_shared":true,"jetpack_social_options":{"image_generator_settings":{"template":"highway","default_image_id":0,"font":"","enabled":false},"version":2}},"categories":[1],"tags":[],"class_list":["post-37005","post","type-post","status-publish","format-standard","hentry","category-deutsch"],"jetpack_publicize_connections":[],"jetpack_featured_media_url":"","jetpack_sharing_enabled":true,"jetpack_shortlink":"https:\/\/wp.me\/p5CDmr-9CR","jetpack-related-posts":[{"id":34184,"url":"https:\/\/www.achimbrueckner.de\/dxradio\/php\/wordpress\/?p=34184","url_meta":{"origin":37005,"position":0},"title":"Interview zu Telegram \u201eNetzsperren und Rausschmiss aus den App-Stores \u2013 das ist mir zu platt\u201c","author":"Administrator","date":"December 16, 2021","format":false,"excerpt":"https:\/\/netzpolitik.org\/2021\/interview-zu-telegram-netzsperren-und-rausschmiss-aus-den-app-stores-das-ist-mir-zu-platt\/","rel":"","context":"In &quot;Deutsch&quot;","block_context":{"text":"Deutsch","link":"https:\/\/www.achimbrueckner.de\/dxradio\/php\/wordpress\/?cat=1"},"img":{"alt_text":"","src":"","width":0,"height":0},"classes":[]},{"id":32236,"url":"https:\/\/www.achimbrueckner.de\/dxradio\/php\/wordpress\/?p=32236","url_meta":{"origin":37005,"position":1},"title":"Die R\u00fcckkehr der Netzsperren","author":"Administrator","date":"March 11, 2021","format":false,"excerpt":"https:\/\/netzpolitik.org\/2021\/clearingstelle-urheberrecht-im-internet-die-rueckkehr-der-netzsperren\/","rel":"","context":"In &quot;Deutsch&quot;","block_context":{"text":"Deutsch","link":"https:\/\/www.achimbrueckner.de\/dxradio\/php\/wordpress\/?cat=1"},"img":{"alt_text":"","src":"","width":0,"height":0},"classes":[]},{"id":37378,"url":"https:\/\/www.achimbrueckner.de\/dxradio\/php\/wordpress\/?p=37378","url_meta":{"origin":37005,"position":2},"title":"Overblocking:  Netzsperren klemmen in \u00d6sterreich legale Webseiten ab","author":"Administrator","date":"August 30, 2022","format":false,"excerpt":"https:\/\/netzpolitik.org\/2022\/overblocking-netzsperren-klemmen-in-oesterreich-legale-webseiten-ab\/","rel":"","context":"In &quot;Deutsch&quot;","block_context":{"text":"Deutsch","link":"https:\/\/www.achimbrueckner.de\/dxradio\/php\/wordpress\/?cat=1"},"img":{"alt_text":"","src":"","width":0,"height":0},"classes":[]},{"id":33950,"url":"https:\/\/www.achimbrueckner.de\/dxradio\/php\/wordpress\/?p=33950","url_meta":{"origin":37005,"position":3},"title":"Netzsperren Belarus sperrt Online-Angebot der Deutschen Welle","author":"Administrator","date":"November 3, 2021","format":false,"excerpt":"https:\/\/netzpolitik.org\/2021\/netzsperren-belarus-sperrt-online-angebot-der-deutschen-welle\/","rel":"","context":"In &quot;Deutsch&quot;","block_context":{"text":"Deutsch","link":"https:\/\/www.achimbrueckner.de\/dxradio\/php\/wordpress\/?cat=1"},"img":{"alt_text":"","src":"","width":0,"height":0},"classes":[]},{"id":37676,"url":"https:\/\/www.achimbrueckner.de\/dxradio\/php\/wordpress\/?p=37676","url_meta":{"origin":37005,"position":4},"title":"BGH bekr\u00e4ftigt Regeln Hohe H\u00fcrden f\u00fcr Sperrung von Internetseiten","author":"Administrator","date":"October 13, 2022","format":false,"excerpt":"https:\/\/www.tagesschau.de\/wirtschaft\/bgh-netzsperren-urheberrecht-101.html","rel":"","context":"In &quot;Deutsch&quot;","block_context":{"text":"Deutsch","link":"https:\/\/www.achimbrueckner.de\/dxradio\/php\/wordpress\/?cat=1"},"img":{"alt_text":"","src":"","width":0,"height":0},"classes":[]},{"id":2391,"url":"https:\/\/www.achimbrueckner.de\/dxradio\/php\/wordpress\/?p=2391","url_meta":{"origin":37005,"position":5},"title":"Die neue Art, gutes Radio zu h\u00f6ren!","author":"Administrator","date":"February 5, 2013","format":false,"excerpt":"Die neue Art, gutes Radio zu h\u00f6ren! http:\/\/goodtaste-magazin.de\/2013\/02\/die-neue-art-gutes-radio-zu-horen\/","rel":"","context":"In &quot;Deutsch&quot;","block_context":{"text":"Deutsch","link":"https:\/\/www.achimbrueckner.de\/dxradio\/php\/wordpress\/?cat=1"},"img":{"alt_text":"","src":"","width":0,"height":0},"classes":[]}],"_links":{"self":[{"href":"https:\/\/www.achimbrueckner.de\/dxradio\/php\/wordpress\/index.php?rest_route=\/wp\/v2\/posts\/37005","targetHints":{"allow":["GET"]}}],"collection":[{"href":"https:\/\/www.achimbrueckner.de\/dxradio\/php\/wordpress\/index.php?rest_route=\/wp\/v2\/posts"}],"about":[{"href":"https:\/\/www.achimbrueckner.de\/dxradio\/php\/wordpress\/index.php?rest_route=\/wp\/v2\/types\/post"}],"author":[{"embeddable":true,"href":"https:\/\/www.achimbrueckner.de\/dxradio\/php\/wordpress\/index.php?rest_route=\/wp\/v2\/users\/1"}],"replies":[{"embeddable":true,"href":"https:\/\/www.achimbrueckner.de\/dxradio\/php\/wordpress\/index.php?rest_route=%2Fwp%2Fv2%2Fcomments&post=37005"}],"version-history":[{"count":0,"href":"https:\/\/www.achimbrueckner.de\/dxradio\/php\/wordpress\/index.php?rest_route=\/wp\/v2\/posts\/37005\/revisions"}],"wp:attachment":[{"href":"https:\/\/www.achimbrueckner.de\/dxradio\/php\/wordpress\/index.php?rest_route=%2Fwp%2Fv2%2Fmedia&parent=37005"}],"wp:term":[{"taxonomy":"category","embeddable":true,"href":"https:\/\/www.achimbrueckner.de\/dxradio\/php\/wordpress\/index.php?rest_route=%2Fwp%2Fv2%2Fcategories&post=37005"},{"taxonomy":"post_tag","embeddable":true,"href":"https:\/\/www.achimbrueckner.de\/dxradio\/php\/wordpress\/index.php?rest_route=%2Fwp%2Fv2%2Ftags&post=37005"}],"curies":[{"name":"wp","href":"https:\/\/api.w.org\/{rel}","templated":true}]}}