{"id":3701,"date":"2014-10-24T14:44:34","date_gmt":"2014-10-24T14:44:34","guid":{"rendered":"https:\/\/www.achimbrueckner.de\/dxradio\/php\/wordpress\/?p=3701"},"modified":"2014-10-24T14:44:34","modified_gmt":"2014-10-24T14:44:34","slug":"rtl-und-ffh-steigen-bei-deinfm-ein-und-bewerben-sich-um-ukw-frequenzen-in-nrw","status":"publish","type":"post","link":"https:\/\/www.achimbrueckner.de\/dxradio\/php\/wordpress\/?p=3701","title":{"rendered":"RTL und FFH steigen bei deinfm ein und bewerben sich um UKW-Frequenzen in NRW"},"content":{"rendered":"<p><a href=\"http:\/\/www.radioszene.de\/73800\/deinfm-nrw-rtl-ffh-ukw.html\" target=\"_blank\">http:\/\/www.radioszene.de\/73800\/deinfm-nrw-rtl-ffh-ukw.html<\/a><\/p>\n","protected":false},"excerpt":{"rendered":"<p>http:\/\/www.radioszene.de\/73800\/deinfm-nrw-rtl-ffh-ukw.html<\/p>\n","protected":false},"author":1,"featured_media":0,"comment_status":"open","ping_status":"open","sticky":false,"template":"","format":"standard","meta":{"_jetpack_memberships_contains_paid_content":false,"footnotes":"","jetpack_publicize_message":"","jetpack_publicize_feature_enabled":true,"jetpack_social_post_already_shared":false,"jetpack_social_options":{"image_generator_settings":{"template":"highway","default_image_id":0,"font":"","enabled":false},"version":2}},"categories":[1,16],"tags":[28,41,27],"class_list":["post-3701","post","type-post","status-publish","format-standard","hentry","category-deutsch","category-radioszene","tag-fm","tag-radioszene","tag-ukw"],"jetpack_publicize_connections":[],"jetpack_featured_media_url":"","jetpack_sharing_enabled":true,"jetpack_shortlink":"https:\/\/wp.me\/p5CDmr-XH","jetpack-related-posts":[{"id":9015,"url":"https:\/\/www.achimbrueckner.de\/dxradio\/php\/wordpress\/?p=9015","url_meta":{"origin":3701,"position":0},"title":"Streit um UKW-Kette in NRW: Pyrrhussieg f\u00fcr deinFM","author":"Administrator","date":"August 2, 2016","format":false,"excerpt":"http:\/\/www.radioszene.de\/93681\/deinfm-metropolfm-frequenzen-lfm-nrw.html","rel":"","context":"In &quot;Deutsch&quot;","block_context":{"text":"Deutsch","link":"https:\/\/www.achimbrueckner.de\/dxradio\/php\/wordpress\/?cat=1"},"img":{"alt_text":"","src":"","width":0,"height":0},"classes":[]},{"id":21847,"url":"https:\/\/www.achimbrueckner.de\/dxradio\/php\/wordpress\/?p=21847","url_meta":{"origin":3701,"position":1},"title":"deinfm k\u00fcnftig jeden Abend bei Radio WAF","author":"Administrator","date":"February 27, 2019","format":false,"excerpt":"https:\/\/www.radioszene.de\/130747\/deinfm-kuenftig-jeden-abend-bei-radio-waf.html","rel":"","context":"In &quot;Deutsch&quot;","block_context":{"text":"Deutsch","link":"https:\/\/www.achimbrueckner.de\/dxradio\/php\/wordpress\/?cat=1"},"img":{"alt_text":"","src":"","width":0,"height":0},"classes":[]},{"id":3115,"url":"https:\/\/www.achimbrueckner.de\/dxradio\/php\/wordpress\/?p=3115","url_meta":{"origin":3701,"position":2},"title":"Radio\/Tele FFH bewirbt sich um UKW-Frequenzen in Nordrhein-Westfalen","author":"Administrator","date":"April 24, 2014","format":false,"excerpt":"http:\/\/www.radioszene.de\/67471\/radiotele-ffh-bewirbt-sich-um-ukw-frequenzen-nordrhein-westfalen.html","rel":"","context":"In &quot;Deutsch&quot;","block_context":{"text":"Deutsch","link":"https:\/\/www.achimbrueckner.de\/dxradio\/php\/wordpress\/?cat=1"},"img":{"alt_text":"","src":"","width":0,"height":0},"classes":[]},{"id":10183,"url":"https:\/\/www.achimbrueckner.de\/dxradio\/php\/wordpress\/?p=10183","url_meta":{"origin":3701,"position":3},"title":"Radiosender &#8220;deinfm&#8221; sendet Musik und Nachrichten f\u00fcrs junge Volk in OWL","author":"Administrator","date":"September 1, 2016","format":false,"excerpt":"http:\/\/www.lz.de\/ueberregional\/owl\/20903631_Radiosender-deinfm-sendet-Musik-und-Nachrichten-fuers-junge-Volk-in-OWL.html","rel":"","context":"In &quot;Deutsch&quot;","block_context":{"text":"Deutsch","link":"https:\/\/www.achimbrueckner.de\/dxradio\/php\/wordpress\/?cat=1"},"img":{"alt_text":"","src":"","width":0,"height":0},"classes":[]},{"id":28996,"url":"https:\/\/www.achimbrueckner.de\/dxradio\/php\/wordpress\/?p=28996","url_meta":{"origin":3701,"position":4},"title":"NRW: Bei DAB+ und UKW ist Bewegung in Sicht","author":"Administrator","date":"June 8, 2020","format":false,"excerpt":"https:\/\/www.radioszene.de\/144427\/nrw-dab-ukw-bewegung.html","rel":"","context":"In &quot;Deutsch&quot;","block_context":{"text":"Deutsch","link":"https:\/\/www.achimbrueckner.de\/dxradio\/php\/wordpress\/?cat=1"},"img":{"alt_text":"","src":"","width":0,"height":0},"classes":[]},{"id":22430,"url":"https:\/\/www.achimbrueckner.de\/dxradio\/php\/wordpress\/?p=22430","url_meta":{"origin":3701,"position":5},"title":"Audio-MA-Blitz-Analyse: Hit Radio FFH und Antenne Bayern gr\u00f6\u00dfte Gewinner, radio NRW und WDR 2 gr\u00f6\u00dfte Verlierer","author":"Administrator","date":"March 27, 2019","format":false,"excerpt":"https:\/\/meedia.de\/2019\/03\/27\/audio-ma-blitz-analyse-hit-radio-ffh-und-antenne-bayern-groesste-gewinner-radio-nrw-und-wdr-2-groesste-verlierer\/","rel":"","context":"In &quot;audio&quot;","block_context":{"text":"audio","link":"https:\/\/www.achimbrueckner.de\/dxradio\/php\/wordpress\/?cat=47"},"img":{"alt_text":"","src":"","width":0,"height":0},"classes":[]}],"_links":{"self":[{"href":"https:\/\/www.achimbrueckner.de\/dxradio\/php\/wordpress\/index.php?rest_route=\/wp\/v2\/posts\/3701","targetHints":{"allow":["GET"]}}],"collection":[{"href":"https:\/\/www.achimbrueckner.de\/dxradio\/php\/wordpress\/index.php?rest_route=\/wp\/v2\/posts"}],"about":[{"href":"https:\/\/www.achimbrueckner.de\/dxradio\/php\/wordpress\/index.php?rest_route=\/wp\/v2\/types\/post"}],"author":[{"embeddable":true,"href":"https:\/\/www.achimbrueckner.de\/dxradio\/php\/wordpress\/index.php?rest_route=\/wp\/v2\/users\/1"}],"replies":[{"embeddable":true,"href":"https:\/\/www.achimbrueckner.de\/dxradio\/php\/wordpress\/index.php?rest_route=%2Fwp%2Fv2%2Fcomments&post=3701"}],"version-history":[{"count":0,"href":"https:\/\/www.achimbrueckner.de\/dxradio\/php\/wordpress\/index.php?rest_route=\/wp\/v2\/posts\/3701\/revisions"}],"wp:attachment":[{"href":"https:\/\/www.achimbrueckner.de\/dxradio\/php\/wordpress\/index.php?rest_route=%2Fwp%2Fv2%2Fmedia&parent=3701"}],"wp:term":[{"taxonomy":"category","embeddable":true,"href":"https:\/\/www.achimbrueckner.de\/dxradio\/php\/wordpress\/index.php?rest_route=%2Fwp%2Fv2%2Fcategories&post=3701"},{"taxonomy":"post_tag","embeddable":true,"href":"https:\/\/www.achimbrueckner.de\/dxradio\/php\/wordpress\/index.php?rest_route=%2Fwp%2Fv2%2Ftags&post=3701"}],"curies":[{"name":"wp","href":"https:\/\/api.w.org\/{rel}","templated":true}]}}