{"id":37013,"date":"2022-07-19T16:24:31","date_gmt":"2022-07-19T16:24:31","guid":{"rendered":"https:\/\/www.achimbrueckner.de\/dxradio\/php\/wordpress\/?p=37013"},"modified":"2022-07-19T16:24:31","modified_gmt":"2022-07-19T16:24:31","slug":"rundfunkgebuhren-bei-internet-nutzung-kommen-in-osterreich-2024","status":"publish","type":"post","link":"https:\/\/www.achimbrueckner.de\/dxradio\/php\/wordpress\/?p=37013","title":{"rendered":"Rundfunkgeb\u00fchren bei Internet-Nutzung kommen in \u00d6sterreich 2024"},"content":{"rendered":"<p><a href=\"https:\/\/www.heise.de\/news\/Rundfunkgebuehren-bei-Internet-Nutzung-kommen-in-Oesterreich-2024-7182983.html\" rel=\"noopener\" target=\"_blank\">https:\/\/www.heise.de\/news\/Rundfunkgebuehren-bei-Internet-Nutzung-kommen-in-Oesterreich-2024-7182983.html<\/a><\/p>\n","protected":false},"excerpt":{"rendered":"<p>https:\/\/www.heise.de\/news\/Rundfunkgebuehren-bei-Internet-Nutzung-kommen-in-Oesterreich-2024-7182983.html<\/p>\n","protected":false},"author":1,"featured_media":0,"comment_status":"closed","ping_status":"open","sticky":false,"template":"","format":"standard","meta":{"_jetpack_memberships_contains_paid_content":false,"footnotes":"","jetpack_publicize_message":"","jetpack_publicize_feature_enabled":true,"jetpack_social_post_already_shared":true,"jetpack_social_options":{"image_generator_settings":{"template":"highway","default_image_id":0,"font":"","enabled":false},"version":2}},"categories":[1],"tags":[],"class_list":["post-37013","post","type-post","status-publish","format-standard","hentry","category-deutsch"],"jetpack_publicize_connections":[],"jetpack_featured_media_url":"","jetpack_sharing_enabled":true,"jetpack_shortlink":"https:\/\/wp.me\/p5CDmr-9CZ","jetpack-related-posts":[{"id":29183,"url":"https:\/\/www.achimbrueckner.de\/dxradio\/php\/wordpress\/?p=29183","url_meta":{"origin":37013,"position":0},"title":"BMVI F\u00dcR VERL\u00c4NGERTE \u00dcBERGANGSFRIST BEI NUTZUNG VON FUNKGER\u00c4TEN","author":"Administrator","date":"June 24, 2020","format":false,"excerpt":"https:\/\/www.verkehrsrundschau.de\/nachrichten\/bmvi-fuer-verlaengerte-uebergangsfrist-bei-nutzung-von-funkgeraeten-2634725.html","rel":"","context":"In &quot;Deutsch&quot;","block_context":{"text":"Deutsch","link":"https:\/\/www.achimbrueckner.de\/dxradio\/php\/wordpress\/?cat=1"},"img":{"alt_text":"","src":"","width":0,"height":0},"classes":[]},{"id":43398,"url":"https:\/\/www.achimbrueckner.de\/dxradio\/php\/wordpress\/?p=43398","url_meta":{"origin":37013,"position":1},"title":"USA: Klassisches Radio bei der Audio-Nutzung weiter vorne","author":"Administrator","date":"July 27, 2025","format":false,"excerpt":"https:\/\/www.radioblog.eu\/2025\/07\/27\/usa-klassisches-radio-bei-der-audio-nutzung-weiter-vorne\/","rel":"","context":"In &quot;Deutsch&quot;","block_context":{"text":"Deutsch","link":"https:\/\/www.achimbrueckner.de\/dxradio\/php\/wordpress\/?cat=1"},"img":{"alt_text":"","src":"","width":0,"height":0},"classes":[]},{"id":24972,"url":"https:\/\/www.achimbrueckner.de\/dxradio\/php\/wordpress\/?p=24972","url_meta":{"origin":37013,"position":2},"title":"Studie: TV-Sendern steht ein radikaler Wandel bei Nutzung bevor","author":"Administrator","date":"September 26, 2019","format":false,"excerpt":"https:\/\/www.heise.de\/newsticker\/meldung\/Studie-TV-Sendern-steht-ein-radikaler-Wandel-bei-Nutzung-bevor-4539574.html","rel":"","context":"In &quot;Deutsch&quot;","block_context":{"text":"Deutsch","link":"https:\/\/www.achimbrueckner.de\/dxradio\/php\/wordpress\/?cat=1"},"img":{"alt_text":"","src":"","width":0,"height":0},"classes":[]},{"id":29923,"url":"https:\/\/www.achimbrueckner.de\/dxradio\/php\/wordpress\/?p=29923","url_meta":{"origin":37013,"position":3},"title":"Radio und Podcast: mehr Nutzung im Internet","author":"Administrator","date":"September 6, 2020","format":false,"excerpt":"https:\/\/www.it-daily.net\/shortnews\/25260-radio-und-podcast-mehr-nutzung-im-internet","rel":"","context":"In &quot;Deutsch&quot;","block_context":{"text":"Deutsch","link":"https:\/\/www.achimbrueckner.de\/dxradio\/php\/wordpress\/?cat=1"},"img":{"alt_text":"","src":"","width":0,"height":0},"classes":[]},{"id":23617,"url":"https:\/\/www.achimbrueckner.de\/dxradio\/php\/wordpress\/?p=23617","url_meta":{"origin":37013,"position":4},"title":"Radio-Nutzung J\u00fcngerer bricht ein, Reform bei DKultur","author":"Administrator","date":"July 4, 2019","format":false,"excerpt":"https:\/\/www.dwdl.de\/radioupdate\/72978\/radionutzung_juengerer_bricht_ein_reform_bei_dkultur\/","rel":"","context":"In &quot;Deutsch&quot;","block_context":{"text":"Deutsch","link":"https:\/\/www.achimbrueckner.de\/dxradio\/php\/wordpress\/?cat=1"},"img":{"alt_text":"","src":"","width":0,"height":0},"classes":[]},{"id":41234,"url":"https:\/\/www.achimbrueckner.de\/dxradio\/php\/wordpress\/?p=41234","url_meta":{"origin":37013,"position":5},"title":"Vor Start neuer Programme im Juni: &#8220;DAB+ Studie 2024&#8221; bescheinigt digitalem Antennenradio konstante Nutzung","author":"Administrator","date":"May 8, 2024","format":false,"excerpt":"https:\/\/www.rtr.at\/medien\/aktuelles\/publikationen\/Newsletter\/Newsletter_2024\/2024_02_RTR_Medien\/DAB_Studie_und_Zulassungen.de.html","rel":"","context":"In &quot;Deutsch&quot;","block_context":{"text":"Deutsch","link":"https:\/\/www.achimbrueckner.de\/dxradio\/php\/wordpress\/?cat=1"},"img":{"alt_text":"","src":"","width":0,"height":0},"classes":[]}],"_links":{"self":[{"href":"https:\/\/www.achimbrueckner.de\/dxradio\/php\/wordpress\/index.php?rest_route=\/wp\/v2\/posts\/37013","targetHints":{"allow":["GET"]}}],"collection":[{"href":"https:\/\/www.achimbrueckner.de\/dxradio\/php\/wordpress\/index.php?rest_route=\/wp\/v2\/posts"}],"about":[{"href":"https:\/\/www.achimbrueckner.de\/dxradio\/php\/wordpress\/index.php?rest_route=\/wp\/v2\/types\/post"}],"author":[{"embeddable":true,"href":"https:\/\/www.achimbrueckner.de\/dxradio\/php\/wordpress\/index.php?rest_route=\/wp\/v2\/users\/1"}],"replies":[{"embeddable":true,"href":"https:\/\/www.achimbrueckner.de\/dxradio\/php\/wordpress\/index.php?rest_route=%2Fwp%2Fv2%2Fcomments&post=37013"}],"version-history":[{"count":0,"href":"https:\/\/www.achimbrueckner.de\/dxradio\/php\/wordpress\/index.php?rest_route=\/wp\/v2\/posts\/37013\/revisions"}],"wp:attachment":[{"href":"https:\/\/www.achimbrueckner.de\/dxradio\/php\/wordpress\/index.php?rest_route=%2Fwp%2Fv2%2Fmedia&parent=37013"}],"wp:term":[{"taxonomy":"category","embeddable":true,"href":"https:\/\/www.achimbrueckner.de\/dxradio\/php\/wordpress\/index.php?rest_route=%2Fwp%2Fv2%2Fcategories&post=37013"},{"taxonomy":"post_tag","embeddable":true,"href":"https:\/\/www.achimbrueckner.de\/dxradio\/php\/wordpress\/index.php?rest_route=%2Fwp%2Fv2%2Ftags&post=37013"}],"curies":[{"name":"wp","href":"https:\/\/api.w.org\/{rel}","templated":true}]}}