{"id":37080,"date":"2022-07-25T14:07:54","date_gmt":"2022-07-25T14:07:54","guid":{"rendered":"https:\/\/www.achimbrueckner.de\/dxradio\/php\/wordpress\/?p=37080"},"modified":"2022-07-25T14:07:54","modified_gmt":"2022-07-25T14:07:54","slug":"mdr-drei-weitere-dab-sendeanlagen-fur-sachsen-anhalt","status":"publish","type":"post","link":"https:\/\/www.achimbrueckner.de\/dxradio\/php\/wordpress\/?p=37080","title":{"rendered":"MDR: Drei weitere DAB+-Sendeanlagen f\u00fcr Sachsen-Anhalt"},"content":{"rendered":"<p><a href=\"https:\/\/www.satellifax.de\/mlesen.php?id=6b25cff4fd7630743096122fcf8f2fc3\" rel=\"noopener\" target=\"_blank\">https:\/\/www.satellifax.de\/mlesen.php?id=6b25cff4fd7630743096122fcf8f2fc3<\/a><\/p>\n","protected":false},"excerpt":{"rendered":"<p>https:\/\/www.satellifax.de\/mlesen.php?id=6b25cff4fd7630743096122fcf8f2fc3<\/p>\n","protected":false},"author":1,"featured_media":0,"comment_status":"closed","ping_status":"open","sticky":false,"template":"","format":"standard","meta":{"_jetpack_memberships_contains_paid_content":false,"footnotes":"","jetpack_publicize_message":"","jetpack_publicize_feature_enabled":true,"jetpack_social_post_already_shared":true,"jetpack_social_options":{"image_generator_settings":{"template":"highway","default_image_id":0,"font":"","enabled":false},"version":2}},"categories":[1],"tags":[],"class_list":["post-37080","post","type-post","status-publish","format-standard","hentry","category-deutsch"],"jetpack_publicize_connections":[],"jetpack_featured_media_url":"","jetpack_sharing_enabled":true,"jetpack_shortlink":"https:\/\/wp.me\/p5CDmr-9E4","jetpack-related-posts":[{"id":28742,"url":"https:\/\/www.achimbrueckner.de\/dxradio\/php\/wordpress\/?p=28742","url_meta":{"origin":37080,"position":0},"title":"Plan: 23 weitere Sendeanlagen f\u00fcr den ersten DAB+-Bundesmux","author":"Administrator","date":"May 20, 2020","format":false,"excerpt":"https:\/\/www.satellifax.de\/mlesen.php?id=936a148759bf9783220e30b2ce136dd8","rel":"","context":"In &quot;Deutsch&quot;","block_context":{"text":"Deutsch","link":"https:\/\/www.achimbrueckner.de\/dxradio\/php\/wordpress\/?cat=1"},"img":{"alt_text":"","src":"","width":0,"height":0},"classes":[]},{"id":25341,"url":"https:\/\/www.achimbrueckner.de\/dxradio\/php\/wordpress\/?p=25341","url_meta":{"origin":37080,"position":1},"title":"Tschechien: \u010cesk\u00fd rozhlas schaltet neun weitere Sendeanlagen f\u00fcr DAB+ auf","author":"Administrator","date":"October 16, 2019","format":false,"excerpt":"https:\/\/www.satellifax.de\/mlesen.php?id=a933d3ae9fc3b97360fc19ac9c291a01","rel":"","context":"In &quot;Deutsch&quot;","block_context":{"text":"Deutsch","link":"https:\/\/www.achimbrueckner.de\/dxradio\/php\/wordpress\/?cat=1"},"img":{"alt_text":"","src":"","width":0,"height":0},"classes":[]},{"id":38232,"url":"https:\/\/www.achimbrueckner.de\/dxradio\/php\/wordpress\/?p=38232","url_meta":{"origin":37080,"position":2},"title":"MDR: Extra-Programm f\u00fcr Sachsen-Anhalt und weitere DAB+-Sender","author":"Administrator","date":"December 16, 2022","format":false,"excerpt":"https:\/\/www.radioblog.eu\/2022\/12\/16\/mdr-extra-programm-fuer-sachsen-anhalt-und-weitere-dab-sender\/","rel":"","context":"In &quot;Deutsch&quot;","block_context":{"text":"Deutsch","link":"https:\/\/www.achimbrueckner.de\/dxradio\/php\/wordpress\/?cat=1"},"img":{"alt_text":"","src":"","width":0,"height":0},"classes":[]},{"id":22924,"url":"https:\/\/www.achimbrueckner.de\/dxradio\/php\/wordpress\/?p=22924","url_meta":{"origin":37080,"position":3},"title":"DAB+: Saarl\u00e4ndischer Privatmux startet mit zun\u00e4chst drei Sendeanlagen","author":"Administrator","date":"April 29, 2019","format":false,"excerpt":"https:\/\/www.satellifax.de\/mlesen.php?id=422bd946894624c424f11a0c2240df91","rel":"","context":"In &quot;Deutsch&quot;","block_context":{"text":"Deutsch","link":"https:\/\/www.achimbrueckner.de\/dxradio\/php\/wordpress\/?cat=1"},"img":{"alt_text":"","src":"","width":0,"height":0},"classes":[]},{"id":29288,"url":"https:\/\/www.achimbrueckner.de\/dxradio\/php\/wordpress\/?p=29288","url_meta":{"origin":37080,"position":4},"title":"Pr\u00e4zisierung: SWR plant zahlreiche neue Sendeanlagen f\u00fcr DAB+","author":"Administrator","date":"July 2, 2020","format":false,"excerpt":"https:\/\/www.satellifax.de\/mlesen.php?id=bd70d866c3b6ae9d2218d5cd0e4c5fec","rel":"","context":"In &quot;Deutsch&quot;","block_context":{"text":"Deutsch","link":"https:\/\/www.achimbrueckner.de\/dxradio\/php\/wordpress\/?cat=1"},"img":{"alt_text":"","src":"","width":0,"height":0},"classes":[]},{"id":40789,"url":"https:\/\/www.achimbrueckner.de\/dxradio\/php\/wordpress\/?p=40789","url_meta":{"origin":37080,"position":5},"title":"Polskie Radio: 22 neue Sendeanlagen f\u00fcr DAB+","author":"Administrator","date":"January 11, 2024","format":false,"excerpt":"https:\/\/www.satellifax.de\/mlesen.php?id=a92fcdbe7544d9c78501ea3b315124f5","rel":"","context":"In &quot;Deutsch&quot;","block_context":{"text":"Deutsch","link":"https:\/\/www.achimbrueckner.de\/dxradio\/php\/wordpress\/?cat=1"},"img":{"alt_text":"","src":"","width":0,"height":0},"classes":[]}],"_links":{"self":[{"href":"https:\/\/www.achimbrueckner.de\/dxradio\/php\/wordpress\/index.php?rest_route=\/wp\/v2\/posts\/37080","targetHints":{"allow":["GET"]}}],"collection":[{"href":"https:\/\/www.achimbrueckner.de\/dxradio\/php\/wordpress\/index.php?rest_route=\/wp\/v2\/posts"}],"about":[{"href":"https:\/\/www.achimbrueckner.de\/dxradio\/php\/wordpress\/index.php?rest_route=\/wp\/v2\/types\/post"}],"author":[{"embeddable":true,"href":"https:\/\/www.achimbrueckner.de\/dxradio\/php\/wordpress\/index.php?rest_route=\/wp\/v2\/users\/1"}],"replies":[{"embeddable":true,"href":"https:\/\/www.achimbrueckner.de\/dxradio\/php\/wordpress\/index.php?rest_route=%2Fwp%2Fv2%2Fcomments&post=37080"}],"version-history":[{"count":0,"href":"https:\/\/www.achimbrueckner.de\/dxradio\/php\/wordpress\/index.php?rest_route=\/wp\/v2\/posts\/37080\/revisions"}],"wp:attachment":[{"href":"https:\/\/www.achimbrueckner.de\/dxradio\/php\/wordpress\/index.php?rest_route=%2Fwp%2Fv2%2Fmedia&parent=37080"}],"wp:term":[{"taxonomy":"category","embeddable":true,"href":"https:\/\/www.achimbrueckner.de\/dxradio\/php\/wordpress\/index.php?rest_route=%2Fwp%2Fv2%2Fcategories&post=37080"},{"taxonomy":"post_tag","embeddable":true,"href":"https:\/\/www.achimbrueckner.de\/dxradio\/php\/wordpress\/index.php?rest_route=%2Fwp%2Fv2%2Ftags&post=37080"}],"curies":[{"name":"wp","href":"https:\/\/api.w.org\/{rel}","templated":true}]}}