{"id":37096,"date":"2022-07-26T14:02:36","date_gmt":"2022-07-26T14:02:36","guid":{"rendered":"https:\/\/www.achimbrueckner.de\/dxradio\/php\/wordpress\/?p=37096"},"modified":"2022-07-26T14:02:36","modified_gmt":"2022-07-26T14:02:36","slug":"zahlen-bitte-immer-erreichbar-uber-frequenz-87340-mhz-das-eurosignal","status":"publish","type":"post","link":"https:\/\/www.achimbrueckner.de\/dxradio\/php\/wordpress\/?p=37096","title":{"rendered":"Zahlen, bitte! Immer erreichbar \u00fcber Frequenz 87,340 MHz \u2013 das Eurosignal"},"content":{"rendered":"<p><a href=\"https:\/\/www.heise.de\/hintergrund\/Zahlen-bitte-Immer-erreichbar-ueber-Frequenz-87-340-MHz-das-Eurosignal-7101915.html\" rel=\"noopener\" target=\"_blank\">https:\/\/www.heise.de\/hintergrund\/Zahlen-bitte-Immer-erreichbar-ueber-Frequenz-87-340-MHz-das-Eurosignal-7101915.html<\/a><\/p>\n","protected":false},"excerpt":{"rendered":"<p>https:\/\/www.heise.de\/hintergrund\/Zahlen-bitte-Immer-erreichbar-ueber-Frequenz-87-340-MHz-das-Eurosignal-7101915.html<\/p>\n","protected":false},"author":1,"featured_media":0,"comment_status":"closed","ping_status":"open","sticky":false,"template":"","format":"standard","meta":{"_jetpack_memberships_contains_paid_content":false,"footnotes":"","jetpack_publicize_message":"","jetpack_publicize_feature_enabled":true,"jetpack_social_post_already_shared":true,"jetpack_social_options":{"image_generator_settings":{"template":"highway","default_image_id":0,"font":"","enabled":false},"version":2}},"categories":[1],"tags":[],"class_list":["post-37096","post","type-post","status-publish","format-standard","hentry","category-deutsch"],"jetpack_publicize_connections":[],"jetpack_featured_media_url":"","jetpack_sharing_enabled":true,"jetpack_shortlink":"https:\/\/wp.me\/p5CDmr-9Ek","jetpack-related-posts":[{"id":43427,"url":"https:\/\/www.achimbrueckner.de\/dxradio\/php\/wordpress\/?p=43427","url_meta":{"origin":37096,"position":0},"title":"Immer erreichbar \u00fcber Frequenz 87.340 MHz &#8211; Das Eurosignal | Zahlen, bitte!","author":"Administrator","date":"July 29, 2025","format":false,"excerpt":"https:\/\/www.youtube.com\/watch?v=1_mfu5ddy2U","rel":"","context":"In &quot;Deutsch&quot;","block_context":{"text":"Deutsch","link":"https:\/\/www.achimbrueckner.de\/dxradio\/php\/wordpress\/?cat=1"},"img":{"alt_text":"","src":"","width":0,"height":0},"classes":[]},{"id":105,"url":"https:\/\/www.achimbrueckner.de\/dxradio\/php\/wordpress\/?p=105","url_meta":{"origin":37096,"position":1},"title":"WYFR Family Radio","author":"Administrator","date":"October 13, 2006","format":false,"excerpt":"Das deutsche Programm von WYFR Family Radio ist auf ungew\u00f6hnlicher Frequenz 7780 Khz um 0530 Utc zu h\u00f6ren. Der Empfang ist gut mit SINPO 34444. Gespielt wird leichte religi\u00f6se Musik, vorher Stationsansage. Es folgt Studien im Wort Gottes. Die Webseite der Station ist unter http:\/\/www.familyradio.com erreichbar.","rel":"","context":"In &quot;Empfang&quot;","block_context":{"text":"Empfang","link":"https:\/\/www.achimbrueckner.de\/dxradio\/php\/wordpress\/?cat=3"},"img":{"alt_text":"","src":"","width":0,"height":0},"classes":[]},{"id":27108,"url":"https:\/\/www.achimbrueckner.de\/dxradio\/php\/wordpress\/?p=27108","url_meta":{"origin":37096,"position":2},"title":"Sieben Bewerbungen auf Berliner UKW-Frequenz 87,9 MHz","author":"Administrator","date":"February 12, 2020","format":false,"excerpt":"http:\/\/www.radiowoche.de\/sieben-bewerbungen-auf-berliner-ukw-frequenz-879-mhz\/","rel":"","context":"In &quot;Deutsch&quot;","block_context":{"text":"Deutsch","link":"https:\/\/www.achimbrueckner.de\/dxradio\/php\/wordpress\/?cat=1"},"img":{"alt_text":"","src":"","width":0,"height":0},"classes":[]},{"id":32172,"url":"https:\/\/www.achimbrueckner.de\/dxradio\/php\/wordpress\/?p=32172","url_meta":{"origin":37096,"position":3},"title":"18 Bewerber wollen Berliner UKW-Frequenz 104,1 MHz","author":"Administrator","date":"March 2, 2021","format":false,"excerpt":"https:\/\/www.radiowoche.de\/18-bewerber-wollen-berliner-ukw-frequenz-1041-mhz\/","rel":"","context":"In &quot;Deutsch&quot;","block_context":{"text":"Deutsch","link":"https:\/\/www.achimbrueckner.de\/dxradio\/php\/wordpress\/?cat=1"},"img":{"alt_text":"","src":"","width":0,"height":0},"classes":[]},{"id":7186,"url":"https:\/\/www.achimbrueckner.de\/dxradio\/php\/wordpress\/?p=7186","url_meta":{"origin":37096,"position":4},"title":"N-JOY schon ab heute auf ehemaliger BFBS-Frequenz 93,0 MHz","author":"Administrator","date":"January 5, 2016","format":false,"excerpt":"http:\/\/www.radiowoche.de\/n-joy-schon-ab-heute-auf-ehemaliger-bfbs-frequenz-930-mhz\/","rel":"","context":"In &quot;Deutsch&quot;","block_context":{"text":"Deutsch","link":"https:\/\/www.achimbrueckner.de\/dxradio\/php\/wordpress\/?cat=1"},"img":{"alt_text":"","src":"","width":0,"height":0},"classes":[]},{"id":40716,"url":"https:\/\/www.achimbrueckner.de\/dxradio\/php\/wordpress\/?p=40716","url_meta":{"origin":37096,"position":5},"title":"Radio France Internationale sendet weiter auf der Berliner UKW-Frequenz 96,7 MHz","author":"Administrator","date":"January 2, 2024","format":false,"excerpt":"https:\/\/www.radiowoche.de\/radio-france-internationale-sendet-weiter-auf-der-berliner-ukw-frequenz-967-mhz\/","rel":"","context":"In &quot;Deutsch&quot;","block_context":{"text":"Deutsch","link":"https:\/\/www.achimbrueckner.de\/dxradio\/php\/wordpress\/?cat=1"},"img":{"alt_text":"","src":"","width":0,"height":0},"classes":[]}],"_links":{"self":[{"href":"https:\/\/www.achimbrueckner.de\/dxradio\/php\/wordpress\/index.php?rest_route=\/wp\/v2\/posts\/37096","targetHints":{"allow":["GET"]}}],"collection":[{"href":"https:\/\/www.achimbrueckner.de\/dxradio\/php\/wordpress\/index.php?rest_route=\/wp\/v2\/posts"}],"about":[{"href":"https:\/\/www.achimbrueckner.de\/dxradio\/php\/wordpress\/index.php?rest_route=\/wp\/v2\/types\/post"}],"author":[{"embeddable":true,"href":"https:\/\/www.achimbrueckner.de\/dxradio\/php\/wordpress\/index.php?rest_route=\/wp\/v2\/users\/1"}],"replies":[{"embeddable":true,"href":"https:\/\/www.achimbrueckner.de\/dxradio\/php\/wordpress\/index.php?rest_route=%2Fwp%2Fv2%2Fcomments&post=37096"}],"version-history":[{"count":0,"href":"https:\/\/www.achimbrueckner.de\/dxradio\/php\/wordpress\/index.php?rest_route=\/wp\/v2\/posts\/37096\/revisions"}],"wp:attachment":[{"href":"https:\/\/www.achimbrueckner.de\/dxradio\/php\/wordpress\/index.php?rest_route=%2Fwp%2Fv2%2Fmedia&parent=37096"}],"wp:term":[{"taxonomy":"category","embeddable":true,"href":"https:\/\/www.achimbrueckner.de\/dxradio\/php\/wordpress\/index.php?rest_route=%2Fwp%2Fv2%2Fcategories&post=37096"},{"taxonomy":"post_tag","embeddable":true,"href":"https:\/\/www.achimbrueckner.de\/dxradio\/php\/wordpress\/index.php?rest_route=%2Fwp%2Fv2%2Ftags&post=37096"}],"curies":[{"name":"wp","href":"https:\/\/api.w.org\/{rel}","templated":true}]}}