{"id":37105,"date":"2022-07-26T14:38:56","date_gmt":"2022-07-26T14:38:56","guid":{"rendered":"https:\/\/www.achimbrueckner.de\/dxradio\/php\/wordpress\/?p=37105"},"modified":"2022-07-26T14:38:56","modified_gmt":"2022-07-26T14:38:56","slug":"sky-setzt-bei-fusballubertragungen-auf-mehr-frauen-prasenz","status":"publish","type":"post","link":"https:\/\/www.achimbrueckner.de\/dxradio\/php\/wordpress\/?p=37105","title":{"rendered":"Sky setzt bei Fu\u00dfball\u00fcbertragungen auf mehr Frauen-Pr\u00e4senz"},"content":{"rendered":"<p><a href=\"https:\/\/meedia.de\/2022\/07\/26\/sky-setzt-bei-fussballuebertragungen-auf-mehr-frauen-praesenz\/\" rel=\"noopener\" target=\"_blank\">https:\/\/meedia.de\/2022\/07\/26\/sky-setzt-bei-fussballuebertragungen-auf-mehr-frauen-praesenz\/<\/a><\/p>\n","protected":false},"excerpt":{"rendered":"<p>https:\/\/meedia.de\/2022\/07\/26\/sky-setzt-bei-fussballuebertragungen-auf-mehr-frauen-praesenz\/<\/p>\n","protected":false},"author":1,"featured_media":0,"comment_status":"closed","ping_status":"open","sticky":false,"template":"","format":"standard","meta":{"_jetpack_memberships_contains_paid_content":false,"footnotes":"","jetpack_publicize_message":"","jetpack_publicize_feature_enabled":true,"jetpack_social_post_already_shared":true,"jetpack_social_options":{"image_generator_settings":{"template":"highway","default_image_id":0,"font":"","enabled":false},"version":2}},"categories":[1],"tags":[],"class_list":["post-37105","post","type-post","status-publish","format-standard","hentry","category-deutsch"],"jetpack_publicize_connections":[],"jetpack_featured_media_url":"","jetpack_sharing_enabled":true,"jetpack_shortlink":"https:\/\/wp.me\/p5CDmr-9Et","jetpack-related-posts":[{"id":39114,"url":"https:\/\/www.achimbrueckner.de\/dxradio\/php\/wordpress\/?p=39114","url_meta":{"origin":37105,"position":0},"title":"FFH setzt bei App auf mehr Personalisierung","author":"Administrator","date":"March 24, 2023","format":false,"excerpt":"https:\/\/www.radioblog.eu\/2023\/03\/21\/ffh-setzt-bei-app-auf-mehr-personalisierung\/","rel":"","context":"In &quot;Deutsch&quot;","block_context":{"text":"Deutsch","link":"https:\/\/www.achimbrueckner.de\/dxradio\/php\/wordpress\/?cat=1"},"img":{"alt_text":"","src":"","width":0,"height":0},"classes":[]},{"id":28657,"url":"https:\/\/www.achimbrueckner.de\/dxradio\/php\/wordpress\/?p=28657","url_meta":{"origin":37105,"position":1},"title":"Bundesliga-R\u00fcckkehr am Wochenende Sky setzt auf zus\u00e4tzliche Tonspur und mehr Ultra-HD","author":"Administrator","date":"May 14, 2020","format":false,"excerpt":"https:\/\/www.dwdl.de\/nachrichten\/77623\/sky_setzt_auf_zusaetzliche_tonspur_und_mehr_ultrahd\/","rel":"","context":"In &quot;Deutsch&quot;","block_context":{"text":"Deutsch","link":"https:\/\/www.achimbrueckner.de\/dxradio\/php\/wordpress\/?cat=1"},"img":{"alt_text":"","src":"","width":0,"height":0},"classes":[]},{"id":44022,"url":"https:\/\/www.achimbrueckner.de\/dxradio\/php\/wordpress\/?p=44022","url_meta":{"origin":37105,"position":2},"title":"Arabella M\u00fcnchen setzt auf \u201emehr 80er, mehr 90er\u201c","author":"Administrator","date":"October 16, 2025","format":false,"excerpt":"https:\/\/www.radioblog.eu\/2025\/10\/16\/arabella-muenchen-setzt-auf-mehr-80er-mehr-90er\/","rel":"","context":"In &quot;Deutsch&quot;","block_context":{"text":"Deutsch","link":"https:\/\/www.achimbrueckner.de\/dxradio\/php\/wordpress\/?cat=1"},"img":{"alt_text":"","src":"","width":0,"height":0},"classes":[]},{"id":23778,"url":"https:\/\/www.achimbrueckner.de\/dxradio\/php\/wordpress\/?p=23778","url_meta":{"origin":37105,"position":3},"title":"Schweizer Sender nicht mehr \u00fcber Satellit &#8211; Radio EVIVA setzt auf DAB+, Internet und Kabel","author":"Administrator","date":"July 12, 2019","format":false,"excerpt":"https:\/\/www.infosat.de\/radio\/schweizer-sender-nicht-mehr-ber-satellit-radio-eviva-setzt-auf-dab-internet-und-kabel","rel":"","context":"In &quot;Deutsch&quot;","block_context":{"text":"Deutsch","link":"https:\/\/www.achimbrueckner.de\/dxradio\/php\/wordpress\/?cat=1"},"img":{"alt_text":"","src":"","width":0,"height":0},"classes":[]},{"id":15959,"url":"https:\/\/www.achimbrueckner.de\/dxradio\/php\/wordpress\/?p=15959","url_meta":{"origin":37105,"position":4},"title":"INTERNETRADIO SETZT BEI DAB+ PILOTPROJEKT AUF VIELFALT","author":"Administrator","date":"December 19, 2017","format":false,"excerpt":"http:\/\/www.meinungsbarometer.info\/beitrag\/Internetradio-setzt-bei-DABplus-Pilotprojekt-auf-Vielfalt_2704.html","rel":"","context":"In &quot;Deutsch&quot;","block_context":{"text":"Deutsch","link":"https:\/\/www.achimbrueckner.de\/dxradio\/php\/wordpress\/?cat=1"},"img":{"alt_text":"","src":"","width":0,"height":0},"classes":[]},{"id":24886,"url":"https:\/\/www.achimbrueckner.de\/dxradio\/php\/wordpress\/?p=24886","url_meta":{"origin":37105,"position":5},"title":"&#8220;ARD-Medienlese&#8221; in Berlin ARD setzt auf Vertrauen und mehr Platz f\u00fcr &#8220;Brisant&#8221;","author":"Administrator","date":"September 21, 2019","format":false,"excerpt":"https:\/\/www.dwdl.de\/nachrichten\/74099\/ard_setzt_auf_vertrauen_und_mehr_platz_fuer_brisant\/","rel":"","context":"In &quot;Deutsch&quot;","block_context":{"text":"Deutsch","link":"https:\/\/www.achimbrueckner.de\/dxradio\/php\/wordpress\/?cat=1"},"img":{"alt_text":"","src":"","width":0,"height":0},"classes":[]}],"_links":{"self":[{"href":"https:\/\/www.achimbrueckner.de\/dxradio\/php\/wordpress\/index.php?rest_route=\/wp\/v2\/posts\/37105","targetHints":{"allow":["GET"]}}],"collection":[{"href":"https:\/\/www.achimbrueckner.de\/dxradio\/php\/wordpress\/index.php?rest_route=\/wp\/v2\/posts"}],"about":[{"href":"https:\/\/www.achimbrueckner.de\/dxradio\/php\/wordpress\/index.php?rest_route=\/wp\/v2\/types\/post"}],"author":[{"embeddable":true,"href":"https:\/\/www.achimbrueckner.de\/dxradio\/php\/wordpress\/index.php?rest_route=\/wp\/v2\/users\/1"}],"replies":[{"embeddable":true,"href":"https:\/\/www.achimbrueckner.de\/dxradio\/php\/wordpress\/index.php?rest_route=%2Fwp%2Fv2%2Fcomments&post=37105"}],"version-history":[{"count":0,"href":"https:\/\/www.achimbrueckner.de\/dxradio\/php\/wordpress\/index.php?rest_route=\/wp\/v2\/posts\/37105\/revisions"}],"wp:attachment":[{"href":"https:\/\/www.achimbrueckner.de\/dxradio\/php\/wordpress\/index.php?rest_route=%2Fwp%2Fv2%2Fmedia&parent=37105"}],"wp:term":[{"taxonomy":"category","embeddable":true,"href":"https:\/\/www.achimbrueckner.de\/dxradio\/php\/wordpress\/index.php?rest_route=%2Fwp%2Fv2%2Fcategories&post=37105"},{"taxonomy":"post_tag","embeddable":true,"href":"https:\/\/www.achimbrueckner.de\/dxradio\/php\/wordpress\/index.php?rest_route=%2Fwp%2Fv2%2Ftags&post=37105"}],"curies":[{"name":"wp","href":"https:\/\/api.w.org\/{rel}","templated":true}]}}