{"id":37114,"date":"2022-07-27T15:58:13","date_gmt":"2022-07-27T15:58:13","guid":{"rendered":"https:\/\/www.achimbrueckner.de\/dxradio\/php\/wordpress\/?p=37114"},"modified":"2022-07-27T15:58:13","modified_gmt":"2022-07-27T15:58:13","slug":"berater-affare-beim-rbb-die-gesammelten-vorwurfe","status":"publish","type":"post","link":"https:\/\/www.achimbrueckner.de\/dxradio\/php\/wordpress\/?p=37114","title":{"rendered":"Berater-Aff\u00e4re beim RBB \u2013 die gesammelten Vorw\u00fcrfe"},"content":{"rendered":"<p><a href=\"https:\/\/meedia.de\/2022\/07\/27\/berater-affaere-beim-rbb-die-gesammelten-vorwuerfe\/\" rel=\"noopener\" target=\"_blank\">https:\/\/meedia.de\/2022\/07\/27\/berater-affaere-beim-rbb-die-gesammelten-vorwuerfe\/<\/a><\/p>\n","protected":false},"excerpt":{"rendered":"<p>https:\/\/meedia.de\/2022\/07\/27\/berater-affaere-beim-rbb-die-gesammelten-vorwuerfe\/<\/p>\n","protected":false},"author":1,"featured_media":0,"comment_status":"closed","ping_status":"open","sticky":false,"template":"","format":"standard","meta":{"_jetpack_memberships_contains_paid_content":false,"footnotes":"","jetpack_publicize_message":"","jetpack_publicize_feature_enabled":true,"jetpack_social_post_already_shared":true,"jetpack_social_options":{"image_generator_settings":{"template":"highway","default_image_id":0,"font":"","enabled":false},"version":2}},"categories":[1],"tags":[],"class_list":["post-37114","post","type-post","status-publish","format-standard","hentry","category-deutsch"],"jetpack_publicize_connections":[],"jetpack_featured_media_url":"","jetpack_sharing_enabled":true,"jetpack_shortlink":"https:\/\/wp.me\/p5CDmr-9EC","jetpack-related-posts":[{"id":36879,"url":"https:\/\/www.achimbrueckner.de\/dxradio\/php\/wordpress\/?p=36879","url_meta":{"origin":37114,"position":0},"title":"Vorw\u00fcrfe gegen Intendantin: RBB leitet unabh\u00e4ngige Untersuchung ein","author":"Administrator","date":"July 7, 2022","format":false,"excerpt":"https:\/\/meedia.de\/2022\/07\/07\/vorwuerfe-gegen-intendantin-rbb-leitet-unabhaengige-untersuchung-ein\/","rel":"","context":"In &quot;Deutsch&quot;","block_context":{"text":"Deutsch","link":"https:\/\/www.achimbrueckner.de\/dxradio\/php\/wordpress\/?cat=1"},"img":{"alt_text":"","src":"","width":0,"height":0},"classes":[]},{"id":37357,"url":"https:\/\/www.achimbrueckner.de\/dxradio\/php\/wordpress\/?p=37357","url_meta":{"origin":37114,"position":1},"title":"Weitere Vorw\u00fcrfe: \u201eStern\u201c beschreibt \u201eHofberichterstattung\u201c beim NDR","author":"Administrator","date":"August 27, 2022","format":false,"excerpt":"https:\/\/meedia.de\/2022\/08\/26\/weitere-vorwuerfe-stern-beschreibt-hofberichterstattung-beim-ndr\/","rel":"","context":"In &quot;Deutsch&quot;","block_context":{"text":"Deutsch","link":"https:\/\/www.achimbrueckner.de\/dxradio\/php\/wordpress\/?cat=1"},"img":{"alt_text":"","src":"","width":0,"height":0},"classes":[]},{"id":37004,"url":"https:\/\/www.achimbrueckner.de\/dxradio\/php\/wordpress\/?p=37004","url_meta":{"origin":37114,"position":2},"title":"Vorw\u00fcrfe gegen den rbb: Sender l\u00e4sst Planungen f\u00fcr Neubau in Berlin vorl\u00e4ufig ruhen","author":"Administrator","date":"July 19, 2022","format":false,"excerpt":"https:\/\/www.radiowoche.de\/vorwuerfe-gegen-den-rbb-sender-laesst-planungen-fuer-neubau-in-berlin-vorlaeufig-ruhen\/","rel":"","context":"In &quot;Deutsch&quot;","block_context":{"text":"Deutsch","link":"https:\/\/www.achimbrueckner.de\/dxradio\/php\/wordpress\/?cat=1"},"img":{"alt_text":"","src":"","width":0,"height":0},"classes":[]},{"id":37113,"url":"https:\/\/www.achimbrueckner.de\/dxradio\/php\/wordpress\/?p=37113","url_meta":{"origin":37114,"position":3},"title":"Dinner mit der RBB-Intendantin kosteten bis zu 56 Euro pro Kopf","author":"Administrator","date":"July 27, 2022","format":false,"excerpt":"https:\/\/meedia.de\/2022\/07\/27\/dinner-mit-der-rbb-intendantin-kosteten-bis-zu-56-euro-pro-kopf\/","rel":"","context":"In &quot;Deutsch&quot;","block_context":{"text":"Deutsch","link":"https:\/\/www.achimbrueckner.de\/dxradio\/php\/wordpress\/?cat=1"},"img":{"alt_text":"","src":"","width":0,"height":0},"classes":[]},{"id":37341,"url":"https:\/\/www.achimbrueckner.de\/dxradio\/php\/wordpress\/?p=37341","url_meta":{"origin":37114,"position":4},"title":"\u201eBusiness Insider\u201c berichtet \u00fcber schwere interne Vorw\u00fcrfe im NDR","author":"Administrator","date":"August 25, 2022","format":false,"excerpt":"https:\/\/meedia.de\/2022\/08\/25\/business-insider-berichtet-ueber-schwere-interne-vorwuerfe-im-ndr\/","rel":"","context":"In &quot;Deutsch&quot;","block_context":{"text":"Deutsch","link":"https:\/\/www.achimbrueckner.de\/dxradio\/php\/wordpress\/?cat=1"},"img":{"alt_text":"","src":"","width":0,"height":0},"classes":[]},{"id":32349,"url":"https:\/\/www.achimbrueckner.de\/dxradio\/php\/wordpress\/?p=32349","url_meta":{"origin":37114,"position":5},"title":"Droht f\u00fcnf H\u00f6rfunk-Programmen des RBB die UKW-Abschaltung?","author":"Administrator","date":"March 25, 2021","format":false,"excerpt":"https:\/\/meedia.de\/2021\/03\/23\/droht-fuenf-hoerfunk-programmen-des-rbb-die-ukw-abschaltung\/","rel":"","context":"In &quot;Deutsch&quot;","block_context":{"text":"Deutsch","link":"https:\/\/www.achimbrueckner.de\/dxradio\/php\/wordpress\/?cat=1"},"img":{"alt_text":"","src":"","width":0,"height":0},"classes":[]}],"_links":{"self":[{"href":"https:\/\/www.achimbrueckner.de\/dxradio\/php\/wordpress\/index.php?rest_route=\/wp\/v2\/posts\/37114","targetHints":{"allow":["GET"]}}],"collection":[{"href":"https:\/\/www.achimbrueckner.de\/dxradio\/php\/wordpress\/index.php?rest_route=\/wp\/v2\/posts"}],"about":[{"href":"https:\/\/www.achimbrueckner.de\/dxradio\/php\/wordpress\/index.php?rest_route=\/wp\/v2\/types\/post"}],"author":[{"embeddable":true,"href":"https:\/\/www.achimbrueckner.de\/dxradio\/php\/wordpress\/index.php?rest_route=\/wp\/v2\/users\/1"}],"replies":[{"embeddable":true,"href":"https:\/\/www.achimbrueckner.de\/dxradio\/php\/wordpress\/index.php?rest_route=%2Fwp%2Fv2%2Fcomments&post=37114"}],"version-history":[{"count":0,"href":"https:\/\/www.achimbrueckner.de\/dxradio\/php\/wordpress\/index.php?rest_route=\/wp\/v2\/posts\/37114\/revisions"}],"wp:attachment":[{"href":"https:\/\/www.achimbrueckner.de\/dxradio\/php\/wordpress\/index.php?rest_route=%2Fwp%2Fv2%2Fmedia&parent=37114"}],"wp:term":[{"taxonomy":"category","embeddable":true,"href":"https:\/\/www.achimbrueckner.de\/dxradio\/php\/wordpress\/index.php?rest_route=%2Fwp%2Fv2%2Fcategories&post=37114"},{"taxonomy":"post_tag","embeddable":true,"href":"https:\/\/www.achimbrueckner.de\/dxradio\/php\/wordpress\/index.php?rest_route=%2Fwp%2Fv2%2Ftags&post=37114"}],"curies":[{"name":"wp","href":"https:\/\/api.w.org\/{rel}","templated":true}]}}