{"id":37128,"date":"2022-07-29T14:52:38","date_gmt":"2022-07-29T14:52:38","guid":{"rendered":"https:\/\/www.achimbrueckner.de\/dxradio\/php\/wordpress\/?p=37128"},"modified":"2022-07-29T14:52:38","modified_gmt":"2022-07-29T14:52:38","slug":"grand-prix-radio-niederlandischer-formel-1-sender-neu-auf-dab","status":"publish","type":"post","link":"https:\/\/www.achimbrueckner.de\/dxradio\/php\/wordpress\/?p=37128","title":{"rendered":"Grand Prix Radio: Niederl\u00e4ndischer Formel-1-Sender neu auf DAB+"},"content":{"rendered":"<p><a href=\"https:\/\/www.radioblog.eu\/2022\/07\/29\/grand-prix-radio-niederlaendischer-formel-1-sender-neu-auf-dab\/\" rel=\"noopener\" target=\"_blank\">https:\/\/www.radioblog.eu\/2022\/07\/29\/grand-prix-radio-niederlaendischer-formel-1-sender-neu-auf-dab\/<\/a><\/p>\n","protected":false},"excerpt":{"rendered":"<p>https:\/\/www.radioblog.eu\/2022\/07\/29\/grand-prix-radio-niederlaendischer-formel-1-sender-neu-auf-dab\/<\/p>\n","protected":false},"author":1,"featured_media":0,"comment_status":"closed","ping_status":"open","sticky":false,"template":"","format":"standard","meta":{"_jetpack_memberships_contains_paid_content":false,"footnotes":"","jetpack_publicize_message":"","jetpack_publicize_feature_enabled":true,"jetpack_social_post_already_shared":true,"jetpack_social_options":{"image_generator_settings":{"template":"highway","default_image_id":0,"font":"","enabled":false},"version":2}},"categories":[1],"tags":[],"class_list":["post-37128","post","type-post","status-publish","format-standard","hentry","category-deutsch"],"jetpack_publicize_connections":[],"jetpack_featured_media_url":"","jetpack_sharing_enabled":true,"jetpack_shortlink":"https:\/\/wp.me\/p5CDmr-9EQ","jetpack-related-posts":[{"id":42337,"url":"https:\/\/www.achimbrueckner.de\/dxradio\/php\/wordpress\/?p=42337","url_meta":{"origin":37128,"position":0},"title":"Grand Prix Radio \u00fcbertr\u00e4gt alle Formel 1 Rennen live","author":"Administrator","date":"March 11, 2025","format":false,"excerpt":"https:\/\/www.radioblog.eu\/2025\/03\/11\/grand-prix-radio-uebertraegt-alle-formel-1-rennen-live\/","rel":"","context":"In &quot;Deutsch&quot;","block_context":{"text":"Deutsch","link":"https:\/\/www.achimbrueckner.de\/dxradio\/php\/wordpress\/?cat=1"},"img":{"alt_text":"","src":"","width":0,"height":0},"classes":[]},{"id":24740,"url":"https:\/\/www.achimbrueckner.de\/dxradio\/php\/wordpress\/?p=24740","url_meta":{"origin":37128,"position":1},"title":"RTL Radio startet Country-Sender &#8211; vorerst nicht auf DAB+","author":"Administrator","date":"September 11, 2019","format":false,"excerpt":"https:\/\/www.infosat.de\/radio\/rtl-radio-startet-country-sender-vorerst-nicht-auf-dab","rel":"","context":"In &quot;Deutsch&quot;","block_context":{"text":"Deutsch","link":"https:\/\/www.achimbrueckner.de\/dxradio\/php\/wordpress\/?cat=1"},"img":{"alt_text":"","src":"","width":0,"height":0},"classes":[]},{"id":23778,"url":"https:\/\/www.achimbrueckner.de\/dxradio\/php\/wordpress\/?p=23778","url_meta":{"origin":37128,"position":2},"title":"Schweizer Sender nicht mehr \u00fcber Satellit &#8211; Radio EVIVA setzt auf DAB+, Internet und Kabel","author":"Administrator","date":"July 12, 2019","format":false,"excerpt":"https:\/\/www.infosat.de\/radio\/schweizer-sender-nicht-mehr-ber-satellit-radio-eviva-setzt-auf-dab-internet-und-kabel","rel":"","context":"In &quot;Deutsch&quot;","block_context":{"text":"Deutsch","link":"https:\/\/www.achimbrueckner.de\/dxradio\/php\/wordpress\/?cat=1"},"img":{"alt_text":"","src":"","width":0,"height":0},"classes":[]},{"id":42367,"url":"https:\/\/www.achimbrueckner.de\/dxradio\/php\/wordpress\/?p=42367","url_meta":{"origin":37128,"position":3},"title":"Gro\u00dfbritannien: BBC \u00fcbertr\u00e4gt Formel 1 im Radio und Audio-Stream","author":"Administrator","date":"March 15, 2025","format":false,"excerpt":"https:\/\/www.radioblog.eu\/2025\/03\/14\/grossbritannien-bbc-uebertraegt-formel-1-im-radio-und-audio-stream\/","rel":"","context":"In &quot;Deutsch&quot;","block_context":{"text":"Deutsch","link":"https:\/\/www.achimbrueckner.de\/dxradio\/php\/wordpress\/?cat=1"},"img":{"alt_text":"","src":"","width":0,"height":0},"classes":[]},{"id":3308,"url":"https:\/\/www.achimbrueckner.de\/dxradio\/php\/wordpress\/?p=3308","url_meta":{"origin":37128,"position":4},"title":"Sender-Tabelle 2014","author":"Administrator","date":"July 2, 2014","format":false,"excerpt":"P\u00fcnktlich zur Ham Radio ist die Neuauflage der Sender-Tabelle 2014 erschienen! Auf 500 Seiten werden alle technischen Details zu den Rundfunksendern auf UKW und DAB aufgef\u00fchrt. Mit DAB-Senderkarten im Buch, UKW-Senderkarten seperat im DIN A1-Format erh\u00e4ltlich. Weitere Infos und Bestellm\u00f6glichkeiten unter http:\/\/www.ukwtv.de\/cms\/ukw-tv-arbeitskreis\/publikationen.html","rel":"","context":"In &quot;Deutsch&quot;","block_context":{"text":"Deutsch","link":"https:\/\/www.achimbrueckner.de\/dxradio\/php\/wordpress\/?cat=1"},"img":{"alt_text":"","src":"","width":0,"height":0},"classes":[]},{"id":41443,"url":"https:\/\/www.achimbrueckner.de\/dxradio\/php\/wordpress\/?p=41443","url_meta":{"origin":37128,"position":5},"title":"Radio Weanarisch neu auf DAB+ in Wien","author":"Administrator","date":"July 4, 2024","format":false,"excerpt":"https:\/\/www.radioblog.eu\/2024\/07\/04\/radio-weanarisch-neu-auf-dab-in-wien\/","rel":"","context":"In &quot;Deutsch&quot;","block_context":{"text":"Deutsch","link":"https:\/\/www.achimbrueckner.de\/dxradio\/php\/wordpress\/?cat=1"},"img":{"alt_text":"","src":"","width":0,"height":0},"classes":[]}],"_links":{"self":[{"href":"https:\/\/www.achimbrueckner.de\/dxradio\/php\/wordpress\/index.php?rest_route=\/wp\/v2\/posts\/37128","targetHints":{"allow":["GET"]}}],"collection":[{"href":"https:\/\/www.achimbrueckner.de\/dxradio\/php\/wordpress\/index.php?rest_route=\/wp\/v2\/posts"}],"about":[{"href":"https:\/\/www.achimbrueckner.de\/dxradio\/php\/wordpress\/index.php?rest_route=\/wp\/v2\/types\/post"}],"author":[{"embeddable":true,"href":"https:\/\/www.achimbrueckner.de\/dxradio\/php\/wordpress\/index.php?rest_route=\/wp\/v2\/users\/1"}],"replies":[{"embeddable":true,"href":"https:\/\/www.achimbrueckner.de\/dxradio\/php\/wordpress\/index.php?rest_route=%2Fwp%2Fv2%2Fcomments&post=37128"}],"version-history":[{"count":0,"href":"https:\/\/www.achimbrueckner.de\/dxradio\/php\/wordpress\/index.php?rest_route=\/wp\/v2\/posts\/37128\/revisions"}],"wp:attachment":[{"href":"https:\/\/www.achimbrueckner.de\/dxradio\/php\/wordpress\/index.php?rest_route=%2Fwp%2Fv2%2Fmedia&parent=37128"}],"wp:term":[{"taxonomy":"category","embeddable":true,"href":"https:\/\/www.achimbrueckner.de\/dxradio\/php\/wordpress\/index.php?rest_route=%2Fwp%2Fv2%2Fcategories&post=37128"},{"taxonomy":"post_tag","embeddable":true,"href":"https:\/\/www.achimbrueckner.de\/dxradio\/php\/wordpress\/index.php?rest_route=%2Fwp%2Fv2%2Ftags&post=37128"}],"curies":[{"name":"wp","href":"https:\/\/api.w.org\/{rel}","templated":true}]}}