{"id":37133,"date":"2022-07-29T14:58:44","date_gmt":"2022-07-29T14:58:44","guid":{"rendered":"https:\/\/www.achimbrueckner.de\/dxradio\/php\/wordpress\/?p=37133"},"modified":"2022-07-29T14:58:44","modified_gmt":"2022-07-29T14:58:44","slug":"fusball-bundesliga-saison-2022-23-auch-zukunftig-uber-dab-zu-horen","status":"publish","type":"post","link":"https:\/\/www.achimbrueckner.de\/dxradio\/php\/wordpress\/?p=37133","title":{"rendered":"Fu\u00dfball-Bundesliga Saison 2022\/23 auch zuk\u00fcnftig \u00fcber DAB+ zu h\u00f6ren"},"content":{"rendered":"<p><a href=\"https:\/\/www.infosat.de\/radio\/fu-ball-bundesliga-saison-202223-auch-zuk-nftig-ber-dab-zu-h-ren\" rel=\"noopener\" target=\"_blank\">https:\/\/www.infosat.de\/radio\/fu-ball-bundesliga-saison-202223-auch-zuk-nftig-ber-dab-zu-h-ren<\/a><\/p>\n","protected":false},"excerpt":{"rendered":"<p>https:\/\/www.infosat.de\/radio\/fu-ball-bundesliga-saison-202223-auch-zuk-nftig-ber-dab-zu-h-ren<\/p>\n","protected":false},"author":1,"featured_media":0,"comment_status":"closed","ping_status":"open","sticky":false,"template":"","format":"standard","meta":{"_jetpack_memberships_contains_paid_content":false,"footnotes":"","jetpack_publicize_message":"","jetpack_publicize_feature_enabled":true,"jetpack_social_post_already_shared":true,"jetpack_social_options":{"image_generator_settings":{"template":"highway","default_image_id":0,"font":"","enabled":false},"version":2}},"categories":[1],"tags":[],"class_list":["post-37133","post","type-post","status-publish","format-standard","hentry","category-deutsch"],"jetpack_publicize_connections":[],"jetpack_featured_media_url":"","jetpack_sharing_enabled":true,"jetpack_shortlink":"https:\/\/wp.me\/p5CDmr-9EV","jetpack-related-posts":[{"id":2423,"url":"https:\/\/www.achimbrueckner.de\/dxradio\/php\/wordpress\/?p=2423","url_meta":{"origin":37133,"position":0},"title":"Radio 90elf verliert Radiorechte f\u00fcr Bundesliga","author":"Administrator","date":"March 19, 2013","format":false,"excerpt":"Hallo allerseits, heute hat die Deutsche Fu\u00dfballliga (DFL) die H\u00f6rfunk-\u00dcbertragungs-Rechte f\u00fcr die erste und zweite Bundesliga f\u00fcr die 4 Spielzeiten beginnend mit der Saison 2013\/14 neu vergeben. Den Zuschlag erhielt dabei der Fernsehsender Sport1, was bedeutet, dass Radio 90elf das Nachsehen hat. 90elf ist mit einer Reichweite von einigen Hunderttausend\u2026","rel":"","context":"In &quot;Deutsch&quot;","block_context":{"text":"Deutsch","link":"https:\/\/www.achimbrueckner.de\/dxradio\/php\/wordpress\/?cat=1"},"img":{"alt_text":"","src":"","width":0,"height":0},"classes":[]},{"id":29205,"url":"https:\/\/www.achimbrueckner.de\/dxradio\/php\/wordpress\/?p=29205","url_meta":{"origin":37133,"position":1},"title":"Fu\u00dfball-Bundesliga ab 2021\/22 wieder \u00fcber DAB+?","author":"Administrator","date":"June 26, 2020","format":false,"excerpt":"https:\/\/www.radiowoche.de\/fussball-bundesliga-ab-2021-22-wieder-ueber-dab\/","rel":"","context":"In &quot;Deutsch&quot;","block_context":{"text":"Deutsch","link":"https:\/\/www.achimbrueckner.de\/dxradio\/php\/wordpress\/?cat=1"},"img":{"alt_text":"","src":"","width":0,"height":0},"classes":[]},{"id":33382,"url":"https:\/\/www.achimbrueckner.de\/dxradio\/php\/wordpress\/?p=33382","url_meta":{"origin":37133,"position":2},"title":"Test: Die Bundesliga bei Sportradio Deutschland","author":"Administrator","date":"August 19, 2021","format":false,"excerpt":"https:\/\/www.teltarif.de\/sportradio-deutschland-bundesliga-radio-dab-plus\/news\/85463.html","rel":"","context":"In &quot;Deutsch&quot;","block_context":{"text":"Deutsch","link":"https:\/\/www.achimbrueckner.de\/dxradio\/php\/wordpress\/?cat=1"},"img":{"alt_text":"","src":"","width":0,"height":0},"classes":[]},{"id":39930,"url":"https:\/\/www.achimbrueckner.de\/dxradio\/php\/wordpress\/?p=39930","url_meta":{"origin":37133,"position":3},"title":"Bundesliga: &#8220;Sportschau Live&#8221; im ganzen Norden auf DAB+","author":"Administrator","date":"July 29, 2023","format":false,"excerpt":"https:\/\/www.teltarif.de\/ard-sportschau-live-dab-plus-radio\/news\/92601.html","rel":"","context":"In &quot;Deutsch&quot;","block_context":{"text":"Deutsch","link":"https:\/\/www.achimbrueckner.de\/dxradio\/php\/wordpress\/?cat=1"},"img":{"alt_text":"","src":"","width":0,"height":0},"classes":[]},{"id":18634,"url":"https:\/\/www.achimbrueckner.de\/dxradio\/php\/wordpress\/?p=18634","url_meta":{"origin":37133,"position":4},"title":"Audio-Inhalte der Bundesliga, UEFA Champions League und DFB-Pokal jetzt auch f\u00fcr Amazon Prime-Mitglieder","author":"Administrator","date":"July 30, 2018","format":false,"excerpt":"https:\/\/www.infosat.de\/radio\/audio-inhalte-der-bundesliga-uefa-champions-league-und-dfb-pokal-jetzt-auch-f-r-amazon-prime","rel":"","context":"In &quot;audio&quot;","block_context":{"text":"audio","link":"https:\/\/www.achimbrueckner.de\/dxradio\/php\/wordpress\/?cat=47"},"img":{"alt_text":"","src":"","width":0,"height":0},"classes":[]},{"id":28387,"url":"https:\/\/www.achimbrueckner.de\/dxradio\/php\/wordpress\/?p=28387","url_meta":{"origin":37133,"position":5},"title":"Bericht: Sky plant Bundesliga-Angebot \u201ezu sehr vertretbaren Preisen\u201c","author":"Administrator","date":"April 29, 2020","format":false,"excerpt":"https:\/\/www.digitalfernsehen.de\/news\/medien-news\/maerkte\/bericht-sky-plant-bundesliga-angebot-zu-sehr-vertretbaren-preisen-555691\/","rel":"","context":"In &quot;Deutsch&quot;","block_context":{"text":"Deutsch","link":"https:\/\/www.achimbrueckner.de\/dxradio\/php\/wordpress\/?cat=1"},"img":{"alt_text":"","src":"","width":0,"height":0},"classes":[]}],"_links":{"self":[{"href":"https:\/\/www.achimbrueckner.de\/dxradio\/php\/wordpress\/index.php?rest_route=\/wp\/v2\/posts\/37133","targetHints":{"allow":["GET"]}}],"collection":[{"href":"https:\/\/www.achimbrueckner.de\/dxradio\/php\/wordpress\/index.php?rest_route=\/wp\/v2\/posts"}],"about":[{"href":"https:\/\/www.achimbrueckner.de\/dxradio\/php\/wordpress\/index.php?rest_route=\/wp\/v2\/types\/post"}],"author":[{"embeddable":true,"href":"https:\/\/www.achimbrueckner.de\/dxradio\/php\/wordpress\/index.php?rest_route=\/wp\/v2\/users\/1"}],"replies":[{"embeddable":true,"href":"https:\/\/www.achimbrueckner.de\/dxradio\/php\/wordpress\/index.php?rest_route=%2Fwp%2Fv2%2Fcomments&post=37133"}],"version-history":[{"count":0,"href":"https:\/\/www.achimbrueckner.de\/dxradio\/php\/wordpress\/index.php?rest_route=\/wp\/v2\/posts\/37133\/revisions"}],"wp:attachment":[{"href":"https:\/\/www.achimbrueckner.de\/dxradio\/php\/wordpress\/index.php?rest_route=%2Fwp%2Fv2%2Fmedia&parent=37133"}],"wp:term":[{"taxonomy":"category","embeddable":true,"href":"https:\/\/www.achimbrueckner.de\/dxradio\/php\/wordpress\/index.php?rest_route=%2Fwp%2Fv2%2Fcategories&post=37133"},{"taxonomy":"post_tag","embeddable":true,"href":"https:\/\/www.achimbrueckner.de\/dxradio\/php\/wordpress\/index.php?rest_route=%2Fwp%2Fv2%2Ftags&post=37133"}],"curies":[{"name":"wp","href":"https:\/\/api.w.org\/{rel}","templated":true}]}}