{"id":37163,"date":"2022-08-02T06:45:07","date_gmt":"2022-08-02T06:45:07","guid":{"rendered":"https:\/\/www.achimbrueckner.de\/dxradio\/php\/wordpress\/?p=37163"},"modified":"2022-08-02T06:45:07","modified_gmt":"2022-08-02T06:45:07","slug":"orf-radios-fallen-kurzzeitig-aus","status":"publish","type":"post","link":"https:\/\/www.achimbrueckner.de\/dxradio\/php\/wordpress\/?p=37163","title":{"rendered":"ORF-Radios fallen kurzzeitig aus"},"content":{"rendered":"<p><a href=\"https:\/\/wien.orf.at\/stories\/3167270\/\" rel=\"noopener\" target=\"_blank\">https:\/\/wien.orf.at\/stories\/3167270\/<\/a><\/p>\n","protected":false},"excerpt":{"rendered":"<p>https:\/\/wien.orf.at\/stories\/3167270\/<\/p>\n","protected":false},"author":1,"featured_media":0,"comment_status":"closed","ping_status":"open","sticky":false,"template":"","format":"standard","meta":{"_jetpack_memberships_contains_paid_content":false,"footnotes":"","jetpack_publicize_message":"","jetpack_publicize_feature_enabled":true,"jetpack_social_post_already_shared":true,"jetpack_social_options":{"image_generator_settings":{"template":"highway","default_image_id":0,"font":"","enabled":false},"version":2}},"categories":[1],"tags":[],"class_list":["post-37163","post","type-post","status-publish","format-standard","hentry","category-deutsch"],"jetpack_publicize_connections":[],"jetpack_featured_media_url":"","jetpack_sharing_enabled":true,"jetpack_shortlink":"https:\/\/wp.me\/p5CDmr-9Fp","jetpack-related-posts":[{"id":24204,"url":"https:\/\/www.achimbrueckner.de\/dxradio\/php\/wordpress\/?p=24204","url_meta":{"origin":37163,"position":0},"title":"Spatenstich f\u00fcr ORF-Neubau am K\u00fcniglberg","author":"Administrator","date":"August 12, 2019","format":false,"excerpt":"https:\/\/wien.orf.at\/stories\/3008333\/","rel":"","context":"In &quot;Deutsch&quot;","block_context":{"text":"Deutsch","link":"https:\/\/www.achimbrueckner.de\/dxradio\/php\/wordpress\/?cat=1"},"img":{"alt_text":"","src":"","width":0,"height":0},"classes":[]},{"id":27201,"url":"https:\/\/www.achimbrueckner.de\/dxradio\/php\/wordpress\/?p=27201","url_meta":{"origin":37163,"position":1},"title":"Grundsteinlegung f\u00fcr ORF-Mediencampus","author":"Administrator","date":"February 18, 2020","format":false,"excerpt":"https:\/\/wien.orf.at\/stories\/3034980\/","rel":"","context":"In &quot;Deutsch&quot;","block_context":{"text":"Deutsch","link":"https:\/\/www.achimbrueckner.de\/dxradio\/php\/wordpress\/?cat=1"},"img":{"alt_text":"","src":"","width":0,"height":0},"classes":[]},{"id":929,"url":"https:\/\/www.achimbrueckner.de\/dxradio\/php\/wordpress\/?p=929","url_meta":{"origin":37163,"position":2},"title":"Menschen im Gespr\u00e4ch &#8211; Wolf Harranth","author":"Administrator","date":"March 2, 2010","format":false,"excerpt":"in der o.g. Sendereihe beim ORF-Radio-Wien war am 13.2.2010: Zu Gast ist der Rundfunkhistoriker Wolf Harranth. Er arbeitet f\u00fcr das Dokumentationsarchiv Funk, das die \u00f6sterreichische Rundfunkgeschichte aufarbeitet und dokumentiert. Bernd Matschedolnig spricht mit ihm \u00fcber die Faszination des Radios, die Entwicklung des Rundfunks in \u00d6sterreich und \u00fcber ein stadtpr\u00e4gendes St\u00fcck\u2026","rel":"","context":"In &quot;Deutsch&quot;","block_context":{"text":"Deutsch","link":"https:\/\/www.achimbrueckner.de\/dxradio\/php\/wordpress\/?cat=1"},"img":{"alt_text":"","src":"","width":0,"height":0},"classes":[]},{"id":44175,"url":"https:\/\/www.achimbrueckner.de\/dxradio\/php\/wordpress\/?p=44175","url_meta":{"origin":37163,"position":3},"title":"WLAN-Radios von Grundig kurzzeitig ohne Internet-Funktion","author":"Administrator","date":"November 1, 2025","format":false,"excerpt":"https:\/\/www.radioblog.eu\/2025\/10\/31\/wlan-radios-von-grundig-kurzzeitig-ohne-internet-funktion\/","rel":"","context":"In &quot;Deutsch&quot;","block_context":{"text":"Deutsch","link":"https:\/\/www.achimbrueckner.de\/dxradio\/php\/wordpress\/?cat=1"},"img":{"alt_text":"","src":"","width":0,"height":0},"classes":[]},{"id":27592,"url":"https:\/\/www.achimbrueckner.de\/dxradio\/php\/wordpress\/?p=27592","url_meta":{"origin":37163,"position":4},"title":"Coronavirus: ORF-Radios \u00e4ndern Programm","author":"Administrator","date":"March 17, 2020","format":false,"excerpt":"https:\/\/www.derstandard.de\/story\/2000115794453\/coronavirus-orf-radios-aendern-programm","rel":"","context":"In &quot;Deutsch&quot;","block_context":{"text":"Deutsch","link":"https:\/\/www.achimbrueckner.de\/dxradio\/php\/wordpress\/?cat=1"},"img":{"alt_text":"","src":"","width":0,"height":0},"classes":[]},{"id":41505,"url":"https:\/\/www.achimbrueckner.de\/dxradio\/php\/wordpress\/?p=41505","url_meta":{"origin":37163,"position":5},"title":"Umbau bei den ORF-Radios geht weiter: Neue F\u00fchrungskr\u00e4fte bei \u00d63","author":"Administrator","date":"July 23, 2024","format":false,"excerpt":"https:\/\/www.radioszene.de\/189601\/orf-radios-umbau-2024.html","rel":"","context":"In &quot;Deutsch&quot;","block_context":{"text":"Deutsch","link":"https:\/\/www.achimbrueckner.de\/dxradio\/php\/wordpress\/?cat=1"},"img":{"alt_text":"","src":"","width":0,"height":0},"classes":[]}],"_links":{"self":[{"href":"https:\/\/www.achimbrueckner.de\/dxradio\/php\/wordpress\/index.php?rest_route=\/wp\/v2\/posts\/37163","targetHints":{"allow":["GET"]}}],"collection":[{"href":"https:\/\/www.achimbrueckner.de\/dxradio\/php\/wordpress\/index.php?rest_route=\/wp\/v2\/posts"}],"about":[{"href":"https:\/\/www.achimbrueckner.de\/dxradio\/php\/wordpress\/index.php?rest_route=\/wp\/v2\/types\/post"}],"author":[{"embeddable":true,"href":"https:\/\/www.achimbrueckner.de\/dxradio\/php\/wordpress\/index.php?rest_route=\/wp\/v2\/users\/1"}],"replies":[{"embeddable":true,"href":"https:\/\/www.achimbrueckner.de\/dxradio\/php\/wordpress\/index.php?rest_route=%2Fwp%2Fv2%2Fcomments&post=37163"}],"version-history":[{"count":0,"href":"https:\/\/www.achimbrueckner.de\/dxradio\/php\/wordpress\/index.php?rest_route=\/wp\/v2\/posts\/37163\/revisions"}],"wp:attachment":[{"href":"https:\/\/www.achimbrueckner.de\/dxradio\/php\/wordpress\/index.php?rest_route=%2Fwp%2Fv2%2Fmedia&parent=37163"}],"wp:term":[{"taxonomy":"category","embeddable":true,"href":"https:\/\/www.achimbrueckner.de\/dxradio\/php\/wordpress\/index.php?rest_route=%2Fwp%2Fv2%2Fcategories&post=37163"},{"taxonomy":"post_tag","embeddable":true,"href":"https:\/\/www.achimbrueckner.de\/dxradio\/php\/wordpress\/index.php?rest_route=%2Fwp%2Fv2%2Ftags&post=37163"}],"curies":[{"name":"wp","href":"https:\/\/api.w.org\/{rel}","templated":true}]}}