{"id":37269,"date":"2022-08-14T11:36:14","date_gmt":"2022-08-14T11:36:14","guid":{"rendered":"https:\/\/www.achimbrueckner.de\/dxradio\/php\/wordpress\/?p=37269"},"modified":"2022-08-14T11:36:14","modified_gmt":"2022-08-14T11:36:14","slug":"reform-in-frankreich-die-gebuhren-gehen-der-rundfunk-bleibt","status":"publish","type":"post","link":"https:\/\/www.achimbrueckner.de\/dxradio\/php\/wordpress\/?p=37269","title":{"rendered":"Reform in Frankreich Die Geb\u00fchren gehen &#8211; der Rundfunk bleibt"},"content":{"rendered":"<p><a href=\"https:\/\/www.tagesschau.de\/ausland\/europa\/frankreich-rundfunkgebuehren-105.html\" rel=\"noopener\" target=\"_blank\">https:\/\/www.tagesschau.de\/ausland\/europa\/frankreich-rundfunkgebuehren-105.html<\/a><\/p>\n","protected":false},"excerpt":{"rendered":"<p>https:\/\/www.tagesschau.de\/ausland\/europa\/frankreich-rundfunkgebuehren-105.html<\/p>\n","protected":false},"author":1,"featured_media":0,"comment_status":"closed","ping_status":"open","sticky":false,"template":"","format":"standard","meta":{"_jetpack_memberships_contains_paid_content":false,"footnotes":"","jetpack_publicize_message":"","jetpack_publicize_feature_enabled":true,"jetpack_social_post_already_shared":true,"jetpack_social_options":{"image_generator_settings":{"template":"highway","default_image_id":0,"font":"","enabled":false},"version":2}},"categories":[1],"tags":[],"class_list":["post-37269","post","type-post","status-publish","format-standard","hentry","category-deutsch"],"jetpack_publicize_connections":[],"jetpack_featured_media_url":"","jetpack_sharing_enabled":true,"jetpack_shortlink":"https:\/\/wp.me\/p5CDmr-9H7","jetpack-related-posts":[{"id":36554,"url":"https:\/\/www.achimbrueckner.de\/dxradio\/php\/wordpress\/?p=36554","url_meta":{"origin":37269,"position":0},"title":"Frankreich Was plant Macron mit dem \u00f6ffentlichen Rundfunk?","author":"Administrator","date":"June 13, 2022","format":false,"excerpt":"https:\/\/www.tagesschau.de\/faktenfinder\/frankreich-rundfunkgebuehren-101.html","rel":"","context":"In &quot;Deutsch&quot;","block_context":{"text":"Deutsch","link":"https:\/\/www.achimbrueckner.de\/dxradio\/php\/wordpress\/?cat=1"},"img":{"alt_text":"","src":"","width":0,"height":0},"classes":[]},{"id":41415,"url":"https:\/\/www.achimbrueckner.de\/dxradio\/php\/wordpress\/?p=41415","url_meta":{"origin":37269,"position":1},"title":"Medien in Frankreich Marine Le Pens Pl\u00e4ne f\u00fcr den \u00f6ffentlichen Rundfunk","author":"Administrator","date":"June 27, 2024","format":false,"excerpt":"https:\/\/www.deutschlandfunk.de\/frankreich-und-die-oerr-plaene-des-rn-100.html","rel":"","context":"In &quot;Deutsch&quot;","block_context":{"text":"Deutsch","link":"https:\/\/www.achimbrueckner.de\/dxradio\/php\/wordpress\/?cat=1"},"img":{"alt_text":"","src":"","width":0,"height":0},"classes":[]},{"id":41195,"url":"https:\/\/www.achimbrueckner.de\/dxradio\/php\/wordpress\/?p=41195","url_meta":{"origin":37269,"position":2},"title":"\u00d6ffentlich-rechtlicher Rundfunk RTVS Slowakische Regierung will Sendeanstalt aufl\u00f6sen","author":"Administrator","date":"April 24, 2024","format":false,"excerpt":"https:\/\/www.tagesschau.de\/ausland\/europa\/slowakei-rundfunkreform-100.html","rel":"","context":"In &quot;Deutsch&quot;","block_context":{"text":"Deutsch","link":"https:\/\/www.achimbrueckner.de\/dxradio\/php\/wordpress\/?cat=1"},"img":{"alt_text":"","src":"","width":0,"height":0},"classes":[]},{"id":22483,"url":"https:\/\/www.achimbrueckner.de\/dxradio\/php\/wordpress\/?p=22483","url_meta":{"origin":37269,"position":3},"title":"Frankreich und Norwegen als Vorbilder Ende der Rundfunkgeb\u00fchr in Europa?","author":"Administrator","date":"March 29, 2019","format":false,"excerpt":"https:\/\/www.tagesspiegel.de\/gesellschaft\/medien\/frankreich-und-norwegen-als-vorbilder-ende-der-rundfunkgebuehr-in-europa\/24160340.html","rel":"","context":"In &quot;Deutsch&quot;","block_context":{"text":"Deutsch","link":"https:\/\/www.achimbrueckner.de\/dxradio\/php\/wordpress\/?cat=1"},"img":{"alt_text":"","src":"","width":0,"height":0},"classes":[]},{"id":16722,"url":"https:\/\/www.achimbrueckner.de\/dxradio\/php\/wordpress\/?p=16722","url_meta":{"origin":37269,"position":4},"title":"Medien-Debatte in Europa Auf den Knien senden?","author":"Administrator","date":"March 2, 2018","format":false,"excerpt":"http:\/\/www.tagesschau.de\/ausland\/rundfunk-vergleich-101.html","rel":"","context":"In &quot;Deutsch&quot;","block_context":{"text":"Deutsch","link":"https:\/\/www.achimbrueckner.de\/dxradio\/php\/wordpress\/?cat=1"},"img":{"alt_text":"","src":"","width":0,"height":0},"classes":[]},{"id":37713,"url":"https:\/\/www.achimbrueckner.de\/dxradio\/php\/wordpress\/?p=37713","url_meta":{"origin":37269,"position":5},"title":"Jubil\u00e4um der BBC &#8220;Ein nationaler Schatz&#8221; wird 100","author":"Administrator","date":"October 18, 2022","format":false,"excerpt":"https:\/\/www.tagesschau.de\/ausland\/europa\/100-jahre-bbc-101.html","rel":"","context":"In &quot;Deutsch&quot;","block_context":{"text":"Deutsch","link":"https:\/\/www.achimbrueckner.de\/dxradio\/php\/wordpress\/?cat=1"},"img":{"alt_text":"","src":"","width":0,"height":0},"classes":[]}],"_links":{"self":[{"href":"https:\/\/www.achimbrueckner.de\/dxradio\/php\/wordpress\/index.php?rest_route=\/wp\/v2\/posts\/37269","targetHints":{"allow":["GET"]}}],"collection":[{"href":"https:\/\/www.achimbrueckner.de\/dxradio\/php\/wordpress\/index.php?rest_route=\/wp\/v2\/posts"}],"about":[{"href":"https:\/\/www.achimbrueckner.de\/dxradio\/php\/wordpress\/index.php?rest_route=\/wp\/v2\/types\/post"}],"author":[{"embeddable":true,"href":"https:\/\/www.achimbrueckner.de\/dxradio\/php\/wordpress\/index.php?rest_route=\/wp\/v2\/users\/1"}],"replies":[{"embeddable":true,"href":"https:\/\/www.achimbrueckner.de\/dxradio\/php\/wordpress\/index.php?rest_route=%2Fwp%2Fv2%2Fcomments&post=37269"}],"version-history":[{"count":0,"href":"https:\/\/www.achimbrueckner.de\/dxradio\/php\/wordpress\/index.php?rest_route=\/wp\/v2\/posts\/37269\/revisions"}],"wp:attachment":[{"href":"https:\/\/www.achimbrueckner.de\/dxradio\/php\/wordpress\/index.php?rest_route=%2Fwp%2Fv2%2Fmedia&parent=37269"}],"wp:term":[{"taxonomy":"category","embeddable":true,"href":"https:\/\/www.achimbrueckner.de\/dxradio\/php\/wordpress\/index.php?rest_route=%2Fwp%2Fv2%2Fcategories&post=37269"},{"taxonomy":"post_tag","embeddable":true,"href":"https:\/\/www.achimbrueckner.de\/dxradio\/php\/wordpress\/index.php?rest_route=%2Fwp%2Fv2%2Ftags&post=37269"}],"curies":[{"name":"wp","href":"https:\/\/api.w.org\/{rel}","templated":true}]}}