{"id":37370,"date":"2022-08-29T15:04:33","date_gmt":"2022-08-29T15:04:33","guid":{"rendered":"https:\/\/www.achimbrueckner.de\/dxradio\/php\/wordpress\/?p=37370"},"modified":"2022-08-29T15:04:33","modified_gmt":"2022-08-29T15:04:33","slug":"radionutzung-in-der-schweiz-drei-viertel-horen-uber-digitale-empfangswege","status":"publish","type":"post","link":"https:\/\/www.achimbrueckner.de\/dxradio\/php\/wordpress\/?p=37370","title":{"rendered":"Radionutzung in der Schweiz: Drei Viertel h\u00f6ren \u00fcber digitale Empfangswege"},"content":{"rendered":"<p><a href=\"https:\/\/www.radiowoche.de\/radionutzung-in-der-schweiz-drei-viertel-hoeren-ueber-digitale-empfangswege\/\" rel=\"noopener\" target=\"_blank\">https:\/\/www.radiowoche.de\/radionutzung-in-der-schweiz-drei-viertel-hoeren-ueber-digitale-empfangswege\/<\/a><\/p>\n","protected":false},"excerpt":{"rendered":"<p>https:\/\/www.radiowoche.de\/radionutzung-in-der-schweiz-drei-viertel-hoeren-ueber-digitale-empfangswege\/<\/p>\n","protected":false},"author":1,"featured_media":0,"comment_status":"closed","ping_status":"open","sticky":false,"template":"","format":"standard","meta":{"_jetpack_memberships_contains_paid_content":false,"footnotes":"","jetpack_publicize_message":"","jetpack_publicize_feature_enabled":true,"jetpack_social_post_already_shared":true,"jetpack_social_options":{"image_generator_settings":{"template":"highway","default_image_id":0,"font":"","enabled":false},"version":2}},"categories":[1],"tags":[],"class_list":["post-37370","post","type-post","status-publish","format-standard","hentry","category-deutsch"],"jetpack_publicize_connections":[],"jetpack_featured_media_url":"","jetpack_sharing_enabled":true,"jetpack_shortlink":"https:\/\/wp.me\/p5CDmr-9IK","jetpack-related-posts":[{"id":36387,"url":"https:\/\/www.achimbrueckner.de\/dxradio\/php\/wordpress\/?p=36387","url_meta":{"origin":37370,"position":0},"title":"Gro\u00dfbritannien: \u00dcber zwei Drittel der Radioh\u00f6rer nutzen digitale Empfangswege \u2013 Heart 00s startet landesweit via DAB","author":"Administrator","date":"May 22, 2022","format":false,"excerpt":"https:\/\/www.radiowoche.de\/grossbritannien-ueber-zwei-drittel-der-radiohoerer-nutzen-digitale-empfangswege-heart-00s-startet-landesweit-via-dab\/","rel":"","context":"In &quot;Deutsch&quot;","block_context":{"text":"Deutsch","link":"https:\/\/www.achimbrueckner.de\/dxradio\/php\/wordpress\/?cat=1"},"img":{"alt_text":"","src":"","width":0,"height":0},"classes":[]},{"id":37940,"url":"https:\/\/www.achimbrueckner.de\/dxradio\/php\/wordpress\/?p=37940","url_meta":{"origin":37370,"position":1},"title":"DAB+ in UK: H\u00f6rfunknutzung \u00fcber digitale Empfangswege dominiert","author":"Administrator","date":"November 15, 2022","format":false,"excerpt":"https:\/\/www.infosat.de\/radio\/dab-uk-h-rfunknutzung-ber-digitale-empfangswege-dominiert","rel":"","context":"In &quot;Deutsch&quot;","block_context":{"text":"Deutsch","link":"https:\/\/www.achimbrueckner.de\/dxradio\/php\/wordpress\/?cat=1"},"img":{"alt_text":"","src":"","width":0,"height":0},"classes":[]},{"id":12146,"url":"https:\/\/www.achimbrueckner.de\/dxradio\/php\/wordpress\/?p=12146","url_meta":{"origin":37370,"position":2},"title":"Digitale Nutzung nimmt langsam zu, doch IP-Radio \u00fcberholt erneut DAB+","author":"Administrator","date":"February 13, 2017","format":false,"excerpt":"http:\/\/www.horizont.net\/schweiz\/nachrichten\/Radionutzung-Digitale-Nutzung-nimmt-langsam-doch-IP-Radio-%C3%BCberholt-DAB-146009","rel":"","context":"In &quot;Deutsch&quot;","block_context":{"text":"Deutsch","link":"https:\/\/www.achimbrueckner.de\/dxradio\/php\/wordpress\/?cat=1"},"img":{"alt_text":"","src":"","width":0,"height":0},"classes":[]},{"id":12099,"url":"https:\/\/www.achimbrueckner.de\/dxradio\/php\/wordpress\/?p=12099","url_meta":{"origin":37370,"position":3},"title":"Radionutzung Schweiz: Radio wird immer digitaler","author":"Administrator","date":"February 11, 2017","format":false,"excerpt":"https:\/\/www.infosat.de\/radio\/radionutzung-schweiz-radio-wird-immer-digitaler","rel":"","context":"In &quot;Deutsch&quot;","block_context":{"text":"Deutsch","link":"https:\/\/www.achimbrueckner.de\/dxradio\/php\/wordpress\/?cat=1"},"img":{"alt_text":"","src":"","width":0,"height":0},"classes":[]},{"id":10073,"url":"https:\/\/www.achimbrueckner.de\/dxradio\/php\/wordpress\/?p=10073","url_meta":{"origin":37370,"position":4},"title":"Radionutzung Schweiz: Digitalradio \u00fcberholt UKW","author":"Administrator","date":"August 25, 2016","format":false,"excerpt":"http:\/\/www.radioszene.de\/94404\/radionutzung-schweiz-digitalradio-ueberholt-ukw.html","rel":"","context":"In &quot;Deutsch&quot;","block_context":{"text":"Deutsch","link":"https:\/\/www.achimbrueckner.de\/dxradio\/php\/wordpress\/?cat=1"},"img":{"alt_text":"","src":"","width":0,"height":0},"classes":[]},{"id":29299,"url":"https:\/\/www.achimbrueckner.de\/dxradio\/php\/wordpress\/?p=29299","url_meta":{"origin":37370,"position":5},"title":"DAB+ in Bayern: Digitale Radionutzung steigt","author":"Administrator","date":"July 3, 2020","format":false,"excerpt":"https:\/\/www.dabplus.de\/2020\/07\/02\/dab-in-bayern-digitale-radionutzung-steigt\/","rel":"","context":"In &quot;Deutsch&quot;","block_context":{"text":"Deutsch","link":"https:\/\/www.achimbrueckner.de\/dxradio\/php\/wordpress\/?cat=1"},"img":{"alt_text":"","src":"","width":0,"height":0},"classes":[]}],"_links":{"self":[{"href":"https:\/\/www.achimbrueckner.de\/dxradio\/php\/wordpress\/index.php?rest_route=\/wp\/v2\/posts\/37370","targetHints":{"allow":["GET"]}}],"collection":[{"href":"https:\/\/www.achimbrueckner.de\/dxradio\/php\/wordpress\/index.php?rest_route=\/wp\/v2\/posts"}],"about":[{"href":"https:\/\/www.achimbrueckner.de\/dxradio\/php\/wordpress\/index.php?rest_route=\/wp\/v2\/types\/post"}],"author":[{"embeddable":true,"href":"https:\/\/www.achimbrueckner.de\/dxradio\/php\/wordpress\/index.php?rest_route=\/wp\/v2\/users\/1"}],"replies":[{"embeddable":true,"href":"https:\/\/www.achimbrueckner.de\/dxradio\/php\/wordpress\/index.php?rest_route=%2Fwp%2Fv2%2Fcomments&post=37370"}],"version-history":[{"count":0,"href":"https:\/\/www.achimbrueckner.de\/dxradio\/php\/wordpress\/index.php?rest_route=\/wp\/v2\/posts\/37370\/revisions"}],"wp:attachment":[{"href":"https:\/\/www.achimbrueckner.de\/dxradio\/php\/wordpress\/index.php?rest_route=%2Fwp%2Fv2%2Fmedia&parent=37370"}],"wp:term":[{"taxonomy":"category","embeddable":true,"href":"https:\/\/www.achimbrueckner.de\/dxradio\/php\/wordpress\/index.php?rest_route=%2Fwp%2Fv2%2Fcategories&post=37370"},{"taxonomy":"post_tag","embeddable":true,"href":"https:\/\/www.achimbrueckner.de\/dxradio\/php\/wordpress\/index.php?rest_route=%2Fwp%2Fv2%2Ftags&post=37370"}],"curies":[{"name":"wp","href":"https:\/\/api.w.org\/{rel}","templated":true}]}}