{"id":37457,"date":"2022-09-11T08:03:15","date_gmt":"2022-09-11T08:03:15","guid":{"rendered":"https:\/\/www.achimbrueckner.de\/dxradio\/php\/wordpress\/?p=37457"},"modified":"2022-09-11T08:03:15","modified_gmt":"2022-09-11T08:03:15","slug":"grundlagen-amateurfunk-uberblick-uber-sende-und-empfangstechnik","status":"publish","type":"post","link":"https:\/\/www.achimbrueckner.de\/dxradio\/php\/wordpress\/?p=37457","title":{"rendered":"Grundlagen Amateurfunk: \u00dcberblick \u00fcber Sende- und Empfangstechnik"},"content":{"rendered":"<p><a href=\"https:\/\/www.heise.de\/hintergrund\/Grundlagen-Amateurfunk-Ueberblick-ueber-Sende-und-Empfangstechnik-7253525.html\" rel=\"noopener\" target=\"_blank\">https:\/\/www.heise.de\/hintergrund\/Grundlagen-Amateurfunk-Ueberblick-ueber-Sende-und-Empfangstechnik-7253525.html<\/a><\/p>\n","protected":false},"excerpt":{"rendered":"<p>https:\/\/www.heise.de\/hintergrund\/Grundlagen-Amateurfunk-Ueberblick-ueber-Sende-und-Empfangstechnik-7253525.html<\/p>\n","protected":false},"author":1,"featured_media":0,"comment_status":"closed","ping_status":"open","sticky":false,"template":"","format":"standard","meta":{"_jetpack_memberships_contains_paid_content":false,"footnotes":"","jetpack_publicize_message":"","jetpack_publicize_feature_enabled":true,"jetpack_social_post_already_shared":true,"jetpack_social_options":{"image_generator_settings":{"template":"highway","default_image_id":0,"font":"","enabled":false},"version":2}},"categories":[1],"tags":[],"class_list":["post-37457","post","type-post","status-publish","format-standard","hentry","category-deutsch"],"jetpack_publicize_connections":[],"jetpack_featured_media_url":"","jetpack_sharing_enabled":true,"jetpack_shortlink":"https:\/\/wp.me\/p5CDmr-9K9","jetpack-related-posts":[{"id":37286,"url":"https:\/\/www.achimbrueckner.de\/dxradio\/php\/wordpress\/?p=37286","url_meta":{"origin":37457,"position":0},"title":"Amateurfunk: Grundlagen zum Funken und Mith\u00f6ren","author":"Administrator","date":"August 16, 2022","format":false,"excerpt":"https:\/\/www.heise.de\/hintergrund\/Amateurfunk-Grundlagen-zum-Funken-und-Mithoeren-7182574.html","rel":"","context":"In &quot;Deutsch&quot;","block_context":{"text":"Deutsch","link":"https:\/\/www.achimbrueckner.de\/dxradio\/php\/wordpress\/?cat=1"},"img":{"alt_text":"","src":"","width":0,"height":0},"classes":[]},{"id":39716,"url":"https:\/\/www.achimbrueckner.de\/dxradio\/php\/wordpress\/?p=39716","url_meta":{"origin":37457,"position":1},"title":"Ham Radio l\u00e4sst den Funken f\u00fcr Technikbegeisterung \u00fcberspringen","author":"Administrator","date":"June 26, 2023","format":false,"excerpt":"Kurzbericht der Messegesellschaft: Ham Radio l\u00e4sst den Funken f\u00fcr Technikbegeisterung \u00fcberspringen Am Wochenende war es wieder so weit: Antennen, Funkger\u00e4te, nagelneue Sende- und Empf\u00e4ngeranlagen und ein vielseitiges Programm zum Thema MINT (Mathematik, Informatik, Naturwissenschaften und Technik) zogen 11 100 Besucherinnen und Besucher auf das Messegel\u00e4nde in Friedrichshafen. Funk-Fans aus 59\u2026","rel":"","context":"In &quot;Deutsch&quot;","block_context":{"text":"Deutsch","link":"https:\/\/www.achimbrueckner.de\/dxradio\/php\/wordpress\/?cat=1"},"img":{"alt_text":"","src":"","width":0,"height":0},"classes":[]},{"id":28513,"url":"https:\/\/www.achimbrueckner.de\/dxradio\/php\/wordpress\/?p=28513","url_meta":{"origin":37457,"position":2},"title":"Radio Malchin beendet seine Sende-Pause","author":"Administrator","date":"May 5, 2020","format":false,"excerpt":"https:\/\/www.nordkurier.de\/mecklenburgische-schweiz\/radio-malchin-beendet-seine-sende-pause-0439266105.html","rel":"","context":"In &quot;Deutsch&quot;","block_context":{"text":"Deutsch","link":"https:\/\/www.achimbrueckner.de\/dxradio\/php\/wordpress\/?cat=1"},"img":{"alt_text":"","src":"","width":0,"height":0},"classes":[]},{"id":25770,"url":"https:\/\/www.achimbrueckner.de\/dxradio\/php\/wordpress\/?p=25770","url_meta":{"origin":37457,"position":3},"title":"Salzkammergut Radio: Neue Sende-Anlage in Betrieb genommen","author":"Administrator","date":"November 14, 2019","format":false,"excerpt":"https:\/\/www.tips.at\/nachrichten\/st-wolfgang\/wirtschaft-politik\/488124-salzkammergut-radio-neue-sende-anlage-in-betrieb-genommen","rel":"","context":"In &quot;Deutsch&quot;","block_context":{"text":"Deutsch","link":"https:\/\/www.achimbrueckner.de\/dxradio\/php\/wordpress\/?cat=1"},"img":{"alt_text":"","src":"","width":0,"height":0},"classes":[]},{"id":30462,"url":"https:\/\/www.achimbrueckner.de\/dxradio\/php\/wordpress\/?p=30462","url_meta":{"origin":37457,"position":4},"title":"Radio Berg wird 25: Moderatoren im Sende-Marathon","author":"Administrator","date":"October 16, 2020","format":false,"excerpt":"https:\/\/www.ksta.de\/region\/rhein-berg-oberberg\/radio-berg-wird-25-moderatoren-im-sende-marathon-37455786","rel":"","context":"In &quot;Deutsch&quot;","block_context":{"text":"Deutsch","link":"https:\/\/www.achimbrueckner.de\/dxradio\/php\/wordpress\/?cat=1"},"img":{"alt_text":"","src":"","width":0,"height":0},"classes":[]},{"id":7424,"url":"https:\/\/www.achimbrueckner.de\/dxradio\/php\/wordpress\/?p=7424","url_meta":{"origin":37457,"position":5},"title":"Android und der Amateurfunk","author":"Administrator","date":"February 1, 2016","format":false,"excerpt":"http:\/\/dl2ymr.de\/amateurfunk\/android-und-der-amateurfunk\/","rel":"","context":"In &quot;Deutsch&quot;","block_context":{"text":"Deutsch","link":"https:\/\/www.achimbrueckner.de\/dxradio\/php\/wordpress\/?cat=1"},"img":{"alt_text":"","src":"","width":0,"height":0},"classes":[]}],"_links":{"self":[{"href":"https:\/\/www.achimbrueckner.de\/dxradio\/php\/wordpress\/index.php?rest_route=\/wp\/v2\/posts\/37457","targetHints":{"allow":["GET"]}}],"collection":[{"href":"https:\/\/www.achimbrueckner.de\/dxradio\/php\/wordpress\/index.php?rest_route=\/wp\/v2\/posts"}],"about":[{"href":"https:\/\/www.achimbrueckner.de\/dxradio\/php\/wordpress\/index.php?rest_route=\/wp\/v2\/types\/post"}],"author":[{"embeddable":true,"href":"https:\/\/www.achimbrueckner.de\/dxradio\/php\/wordpress\/index.php?rest_route=\/wp\/v2\/users\/1"}],"replies":[{"embeddable":true,"href":"https:\/\/www.achimbrueckner.de\/dxradio\/php\/wordpress\/index.php?rest_route=%2Fwp%2Fv2%2Fcomments&post=37457"}],"version-history":[{"count":0,"href":"https:\/\/www.achimbrueckner.de\/dxradio\/php\/wordpress\/index.php?rest_route=\/wp\/v2\/posts\/37457\/revisions"}],"wp:attachment":[{"href":"https:\/\/www.achimbrueckner.de\/dxradio\/php\/wordpress\/index.php?rest_route=%2Fwp%2Fv2%2Fmedia&parent=37457"}],"wp:term":[{"taxonomy":"category","embeddable":true,"href":"https:\/\/www.achimbrueckner.de\/dxradio\/php\/wordpress\/index.php?rest_route=%2Fwp%2Fv2%2Fcategories&post=37457"},{"taxonomy":"post_tag","embeddable":true,"href":"https:\/\/www.achimbrueckner.de\/dxradio\/php\/wordpress\/index.php?rest_route=%2Fwp%2Fv2%2Ftags&post=37457"}],"curies":[{"name":"wp","href":"https:\/\/api.w.org\/{rel}","templated":true}]}}