{"id":37487,"date":"2022-09-14T13:40:47","date_gmt":"2022-09-14T13:40:47","guid":{"rendered":"https:\/\/www.achimbrueckner.de\/dxradio\/php\/wordpress\/?p=37487"},"modified":"2022-09-14T13:40:47","modified_gmt":"2022-09-14T13:40:47","slug":"2-dab-bundesmux-media-broadcast-bestatigt-plane-fur-netzausbau","status":"publish","type":"post","link":"https:\/\/www.achimbrueckner.de\/dxradio\/php\/wordpress\/?p=37487","title":{"rendered":"2. DAB+-Bundesmux: Media Broadcast best\u00e4tigt Pl\u00e4ne f\u00fcr Netzausbau"},"content":{"rendered":"<p><a href=\"https:\/\/www.satellifax.de\/mlesen.php?id=22a00c539123c596d780004ad109c604\" rel=\"noopener\" target=\"_blank\">https:\/\/www.satellifax.de\/mlesen.php?id=22a00c539123c596d780004ad109c604<\/a><\/p>\n","protected":false},"excerpt":{"rendered":"<p>https:\/\/www.satellifax.de\/mlesen.php?id=22a00c539123c596d780004ad109c604<\/p>\n","protected":false},"author":1,"featured_media":0,"comment_status":"closed","ping_status":"open","sticky":false,"template":"","format":"standard","meta":{"_jetpack_memberships_contains_paid_content":false,"footnotes":"","jetpack_publicize_message":"","jetpack_publicize_feature_enabled":true,"jetpack_social_post_already_shared":true,"jetpack_social_options":{"image_generator_settings":{"template":"highway","default_image_id":0,"font":"","enabled":false},"version":2}},"categories":[1],"tags":[],"class_list":["post-37487","post","type-post","status-publish","format-standard","hentry","category-deutsch"],"jetpack_publicize_connections":[],"jetpack_featured_media_url":"","jetpack_sharing_enabled":true,"jetpack_shortlink":"https:\/\/wp.me\/p5CDmr-9KD","jetpack-related-posts":[{"id":36682,"url":"https:\/\/www.achimbrueckner.de\/dxradio\/php\/wordpress\/?p=36682","url_meta":{"origin":37487,"position":0},"title":"Media Broadcast: Offen f\u00fcr 3. DAB+-Bundesmux","author":"Administrator","date":"June 24, 2022","format":false,"excerpt":"https:\/\/www.satellifax.de\/mlesen.php?id=5adddab9ed46111df3911f07736c500e","rel":"","context":"In &quot;Deutsch&quot;","block_context":{"text":"Deutsch","link":"https:\/\/www.achimbrueckner.de\/dxradio\/php\/wordpress\/?cat=1"},"img":{"alt_text":"","src":"","width":0,"height":0},"classes":[]},{"id":36673,"url":"https:\/\/www.achimbrueckner.de\/dxradio\/php\/wordpress\/?p=36673","url_meta":{"origin":37487,"position":1},"title":"Netzausbau: SWR plant nun 13 neue Senderstandorte f\u00fcr DAB+","author":"Administrator","date":"June 23, 2022","format":false,"excerpt":"https:\/\/www.satellifax.de\/mlesen.php?id=8c8bc7766b1960b0c6b751d86be8b461","rel":"","context":"In &quot;Deutsch&quot;","block_context":{"text":"Deutsch","link":"https:\/\/www.achimbrueckner.de\/dxradio\/php\/wordpress\/?cat=1"},"img":{"alt_text":"","src":"","width":0,"height":0},"classes":[]},{"id":19715,"url":"https:\/\/www.achimbrueckner.de\/dxradio\/php\/wordpress\/?p=19715","url_meta":{"origin":37487,"position":2},"title":"DAB+ Flandern: Zweiter &#8220;Bundesmux&#8221; f\u00fcr Privatradios kommt","author":"Administrator","date":"October 24, 2018","format":false,"excerpt":"https:\/\/www.satellifax.de\/mlesen.php?id=c0c8b491477c7e716bd98a09fe4cdb8d","rel":"","context":"In &quot;Deutsch&quot;","block_context":{"text":"Deutsch","link":"https:\/\/www.achimbrueckner.de\/dxradio\/php\/wordpress\/?cat=1"},"img":{"alt_text":"","src":"","width":0,"height":0},"classes":[]},{"id":28742,"url":"https:\/\/www.achimbrueckner.de\/dxradio\/php\/wordpress\/?p=28742","url_meta":{"origin":37487,"position":3},"title":"Plan: 23 weitere Sendeanlagen f\u00fcr den ersten DAB+-Bundesmux","author":"Administrator","date":"May 20, 2020","format":false,"excerpt":"https:\/\/www.satellifax.de\/mlesen.php?id=936a148759bf9783220e30b2ce136dd8","rel":"","context":"In &quot;Deutsch&quot;","block_context":{"text":"Deutsch","link":"https:\/\/www.achimbrueckner.de\/dxradio\/php\/wordpress\/?cat=1"},"img":{"alt_text":"","src":"","width":0,"height":0},"classes":[]},{"id":37839,"url":"https:\/\/www.achimbrueckner.de\/dxradio\/php\/wordpress\/?p=37839","url_meta":{"origin":37487,"position":4},"title":"DAB+: Sender M\u00fcnster f\u00fcr zweiten Bundesmux und Sender Bonn f\u00fcr NRW-Mux in K\u00fcrze","author":"Administrator","date":"November 3, 2022","format":false,"excerpt":"https:\/\/www.satellifax.de\/mlesen.php?id=9cd51464e69c8e74f8bc170ee0c55df4","rel":"","context":"In &quot;Deutsch&quot;","block_context":{"text":"Deutsch","link":"https:\/\/www.achimbrueckner.de\/dxradio\/php\/wordpress\/?cat=1"},"img":{"alt_text":"","src":"","width":0,"height":0},"classes":[]},{"id":38052,"url":"https:\/\/www.achimbrueckner.de\/dxradio\/php\/wordpress\/?p=38052","url_meta":{"origin":37487,"position":5},"title":"DAB+: Koordinierungs-Anfragen f\u00fcr zweiten Bundesmux","author":"Administrator","date":"November 28, 2022","format":false,"excerpt":"https:\/\/www.satellifax.de\/mlesen.php?id=632e45c137228a704434a52c50e7ec35","rel":"","context":"In &quot;Deutsch&quot;","block_context":{"text":"Deutsch","link":"https:\/\/www.achimbrueckner.de\/dxradio\/php\/wordpress\/?cat=1"},"img":{"alt_text":"","src":"","width":0,"height":0},"classes":[]}],"_links":{"self":[{"href":"https:\/\/www.achimbrueckner.de\/dxradio\/php\/wordpress\/index.php?rest_route=\/wp\/v2\/posts\/37487","targetHints":{"allow":["GET"]}}],"collection":[{"href":"https:\/\/www.achimbrueckner.de\/dxradio\/php\/wordpress\/index.php?rest_route=\/wp\/v2\/posts"}],"about":[{"href":"https:\/\/www.achimbrueckner.de\/dxradio\/php\/wordpress\/index.php?rest_route=\/wp\/v2\/types\/post"}],"author":[{"embeddable":true,"href":"https:\/\/www.achimbrueckner.de\/dxradio\/php\/wordpress\/index.php?rest_route=\/wp\/v2\/users\/1"}],"replies":[{"embeddable":true,"href":"https:\/\/www.achimbrueckner.de\/dxradio\/php\/wordpress\/index.php?rest_route=%2Fwp%2Fv2%2Fcomments&post=37487"}],"version-history":[{"count":0,"href":"https:\/\/www.achimbrueckner.de\/dxradio\/php\/wordpress\/index.php?rest_route=\/wp\/v2\/posts\/37487\/revisions"}],"wp:attachment":[{"href":"https:\/\/www.achimbrueckner.de\/dxradio\/php\/wordpress\/index.php?rest_route=%2Fwp%2Fv2%2Fmedia&parent=37487"}],"wp:term":[{"taxonomy":"category","embeddable":true,"href":"https:\/\/www.achimbrueckner.de\/dxradio\/php\/wordpress\/index.php?rest_route=%2Fwp%2Fv2%2Fcategories&post=37487"},{"taxonomy":"post_tag","embeddable":true,"href":"https:\/\/www.achimbrueckner.de\/dxradio\/php\/wordpress\/index.php?rest_route=%2Fwp%2Fv2%2Ftags&post=37487"}],"curies":[{"name":"wp","href":"https:\/\/api.w.org\/{rel}","templated":true}]}}