{"id":37508,"date":"2022-09-18T08:07:42","date_gmt":"2022-09-18T08:07:42","guid":{"rendered":"https:\/\/www.achimbrueckner.de\/dxradio\/php\/wordpress\/?p=37508"},"modified":"2022-09-18T08:07:42","modified_gmt":"2022-09-18T08:07:42","slug":"dab-in-amsterdam-sieben-multiplexe-verfugbar","status":"publish","type":"post","link":"https:\/\/www.achimbrueckner.de\/dxradio\/php\/wordpress\/?p=37508","title":{"rendered":"DAB+ in Amsterdam: Sieben Multiplexe verf\u00fcgbar"},"content":{"rendered":"<p><a href=\"https:\/\/www.radioblog.eu\/2022\/09\/16\/dab-in-amsterdam-sieben-multiplexe-verfuegbar\/\" rel=\"noopener\" target=\"_blank\">https:\/\/www.radioblog.eu\/2022\/09\/16\/dab-in-amsterdam-sieben-multiplexe-verfuegbar\/<\/a><\/p>\n","protected":false},"excerpt":{"rendered":"<p>https:\/\/www.radioblog.eu\/2022\/09\/16\/dab-in-amsterdam-sieben-multiplexe-verfuegbar\/<\/p>\n","protected":false},"author":1,"featured_media":0,"comment_status":"closed","ping_status":"open","sticky":false,"template":"","format":"standard","meta":{"_jetpack_memberships_contains_paid_content":false,"footnotes":"","jetpack_publicize_message":"","jetpack_publicize_feature_enabled":true,"jetpack_social_post_already_shared":true,"jetpack_social_options":{"image_generator_settings":{"template":"highway","default_image_id":0,"font":"","enabled":false},"version":2}},"categories":[1],"tags":[],"class_list":["post-37508","post","type-post","status-publish","format-standard","hentry","category-deutsch"],"jetpack_publicize_connections":[],"jetpack_featured_media_url":"","jetpack_sharing_enabled":true,"jetpack_shortlink":"https:\/\/wp.me\/p5CDmr-9KY","jetpack-related-posts":[{"id":41804,"url":"https:\/\/www.achimbrueckner.de\/dxradio\/php\/wordpress\/?p=41804","url_meta":{"origin":37508,"position":0},"title":"DAB+ in Riccione: Sieben Multiplexe aus drei L\u00e4ndern","author":"Administrator","date":"October 15, 2024","format":false,"excerpt":"https:\/\/www.radioblog.eu\/2024\/10\/14\/dab-in-riccione-sieben-multiplexe-aus-drei-laendern\/","rel":"","context":"In &quot;Deutsch&quot;","block_context":{"text":"Deutsch","link":"https:\/\/www.achimbrueckner.de\/dxradio\/php\/wordpress\/?cat=1"},"img":{"alt_text":"","src":"","width":0,"height":0},"classes":[]},{"id":37750,"url":"https:\/\/www.achimbrueckner.de\/dxradio\/php\/wordpress\/?p=37750","url_meta":{"origin":37508,"position":1},"title":"DAB+ in Rom: Acht Multiplexe aus zwei L\u00e4ndern","author":"Administrator","date":"October 22, 2022","format":false,"excerpt":"https:\/\/www.radioblog.eu\/2022\/10\/21\/dab-in-rom-acht-multiplexe-aus-zwei-laendern\/","rel":"","context":"In &quot;Deutsch&quot;","block_context":{"text":"Deutsch","link":"https:\/\/www.achimbrueckner.de\/dxradio\/php\/wordpress\/?cat=1"},"img":{"alt_text":"","src":"","width":0,"height":0},"classes":[]},{"id":37669,"url":"https:\/\/www.achimbrueckner.de\/dxradio\/php\/wordpress\/?p=37669","url_meta":{"origin":37508,"position":2},"title":"DAB+ im Gotthard-Tunnel: Vier Multiplexe und Infos f\u00fcr Reisende","author":"Administrator","date":"October 12, 2022","format":false,"excerpt":"https:\/\/www.radioblog.eu\/2022\/10\/12\/dab-im-gotthard-tunnel-vier-multiplexe-und-infos-fuer-reisende\/","rel":"","context":"In &quot;Deutsch&quot;","block_context":{"text":"Deutsch","link":"https:\/\/www.achimbrueckner.de\/dxradio\/php\/wordpress\/?cat=1"},"img":{"alt_text":"","src":"","width":0,"height":0},"classes":[]},{"id":43310,"url":"https:\/\/www.achimbrueckner.de\/dxradio\/php\/wordpress\/?p=43310","url_meta":{"origin":37508,"position":3},"title":"Zus\u00e4tzliche Senderstandorte f\u00fcr nieders\u00e4chsische DAB+ Multiplexe","author":"Administrator","date":"July 16, 2025","format":false,"excerpt":"https:\/\/www.radioblog.eu\/2025\/07\/16\/zusaetzliche-senderstandorte-fuer-niedersaechsische-dab-multiplexe\/","rel":"","context":"In &quot;Deutsch&quot;","block_context":{"text":"Deutsch","link":"https:\/\/www.achimbrueckner.de\/dxradio\/php\/wordpress\/?cat=1"},"img":{"alt_text":"","src":"","width":0,"height":0},"classes":[]},{"id":41653,"url":"https:\/\/www.achimbrueckner.de\/dxradio\/php\/wordpress\/?p=41653","url_meta":{"origin":37508,"position":4},"title":"Kahler Asten: 25 DAB+ Multiplexe am gleichen Ort","author":"Administrator","date":"September 2, 2024","format":false,"excerpt":"https:\/\/www.radioblog.eu\/2024\/09\/01\/kahler-asten-25-dab-multiplexe-am-gleichen-ort\/","rel":"","context":"In &quot;Deutsch&quot;","block_context":{"text":"Deutsch","link":"https:\/\/www.achimbrueckner.de\/dxradio\/php\/wordpress\/?cat=1"},"img":{"alt_text":"","src":"","width":0,"height":0},"classes":[]},{"id":44995,"url":"https:\/\/www.achimbrueckner.de\/dxradio\/php\/wordpress\/?p=44995","url_meta":{"origin":37508,"position":5},"title":"Frankreich: Zwei neue DAB+ Multiplexe in Grenzn\u00e4he zu Deutschland","author":"Administrator","date":"February 9, 2026","format":false,"excerpt":"https:\/\/www.radioblog.eu\/2026\/02\/09\/frankreich-zwei-neue-dab-multiplexe-in-grenznaehe-zu-deutschland\/","rel":"","context":"In &quot;Deutsch&quot;","block_context":{"text":"Deutsch","link":"https:\/\/www.achimbrueckner.de\/dxradio\/php\/wordpress\/?cat=1"},"img":{"alt_text":"","src":"","width":0,"height":0},"classes":[]}],"_links":{"self":[{"href":"https:\/\/www.achimbrueckner.de\/dxradio\/php\/wordpress\/index.php?rest_route=\/wp\/v2\/posts\/37508","targetHints":{"allow":["GET"]}}],"collection":[{"href":"https:\/\/www.achimbrueckner.de\/dxradio\/php\/wordpress\/index.php?rest_route=\/wp\/v2\/posts"}],"about":[{"href":"https:\/\/www.achimbrueckner.de\/dxradio\/php\/wordpress\/index.php?rest_route=\/wp\/v2\/types\/post"}],"author":[{"embeddable":true,"href":"https:\/\/www.achimbrueckner.de\/dxradio\/php\/wordpress\/index.php?rest_route=\/wp\/v2\/users\/1"}],"replies":[{"embeddable":true,"href":"https:\/\/www.achimbrueckner.de\/dxradio\/php\/wordpress\/index.php?rest_route=%2Fwp%2Fv2%2Fcomments&post=37508"}],"version-history":[{"count":0,"href":"https:\/\/www.achimbrueckner.de\/dxradio\/php\/wordpress\/index.php?rest_route=\/wp\/v2\/posts\/37508\/revisions"}],"wp:attachment":[{"href":"https:\/\/www.achimbrueckner.de\/dxradio\/php\/wordpress\/index.php?rest_route=%2Fwp%2Fv2%2Fmedia&parent=37508"}],"wp:term":[{"taxonomy":"category","embeddable":true,"href":"https:\/\/www.achimbrueckner.de\/dxradio\/php\/wordpress\/index.php?rest_route=%2Fwp%2Fv2%2Fcategories&post=37508"},{"taxonomy":"post_tag","embeddable":true,"href":"https:\/\/www.achimbrueckner.de\/dxradio\/php\/wordpress\/index.php?rest_route=%2Fwp%2Fv2%2Ftags&post=37508"}],"curies":[{"name":"wp","href":"https:\/\/api.w.org\/{rel}","templated":true}]}}