{"id":37510,"date":"2022-09-18T08:14:12","date_gmt":"2022-09-18T08:14:12","guid":{"rendered":"https:\/\/www.achimbrueckner.de\/dxradio\/php\/wordpress\/?p=37510"},"modified":"2022-09-18T08:14:12","modified_gmt":"2022-09-18T08:14:12","slug":"fritz-pleitgen-immer-auf-empfang-immer-auf-sendung","status":"publish","type":"post","link":"https:\/\/www.achimbrueckner.de\/dxradio\/php\/wordpress\/?p=37510","title":{"rendered":"Fritz Pleitgen: Immer auf Empfang, immer auf Sendung"},"content":{"rendered":"<p><a href=\"https:\/\/www.dwdl.de\/magazin\/89756\/fritz_pleitgen_immer_auf_empfang_immer_auf_sendung\/\" rel=\"noopener\" target=\"_blank\">https:\/\/www.dwdl.de\/magazin\/89756\/fritz_pleitgen_immer_auf_empfang_immer_auf_sendung\/<\/a><\/p>\n","protected":false},"excerpt":{"rendered":"<p>https:\/\/www.dwdl.de\/magazin\/89756\/fritz_pleitgen_immer_auf_empfang_immer_auf_sendung\/<\/p>\n","protected":false},"author":1,"featured_media":0,"comment_status":"closed","ping_status":"open","sticky":false,"template":"","format":"standard","meta":{"_jetpack_memberships_contains_paid_content":false,"footnotes":"","jetpack_publicize_message":"","jetpack_publicize_feature_enabled":true,"jetpack_social_post_already_shared":true,"jetpack_social_options":{"image_generator_settings":{"template":"highway","default_image_id":0,"font":"","enabled":false},"version":2}},"categories":[1],"tags":[],"class_list":["post-37510","post","type-post","status-publish","format-standard","hentry","category-deutsch"],"jetpack_publicize_connections":[],"jetpack_featured_media_url":"","jetpack_sharing_enabled":true,"jetpack_shortlink":"https:\/\/wp.me\/p5CDmr-9L0","jetpack-related-posts":[{"id":8122,"url":"https:\/\/www.achimbrueckner.de\/dxradio\/php\/wordpress\/?p=8122","url_meta":{"origin":37510,"position":0},"title":"Programmtipp: Radio &#8211; Menschen &#038; Geschichten am 24.04.2016","author":"Administrator","date":"April 23, 2016","format":false,"excerpt":"Ladies and Gentlemen, freaks and monsters, schon wieder ein Monat rum; auch am kommenden Sonntag hei\u00dft es wieder \"Radio - Menschen & Geschichten\". Die inhaltliche Klammer der Sendung macht Wei\u00dfrussland. Wir schauen uns vor Ort bei Radio Belarus um und sprechen in den Radiogeschichten mit einem der Gr\u00fcndungsmitarbeiter der deutschen\u2026","rel":"","context":"In &quot;Deutsch&quot;","block_context":{"text":"Deutsch","link":"https:\/\/www.achimbrueckner.de\/dxradio\/php\/wordpress\/?cat=1"},"img":{"alt_text":"","src":"","width":0,"height":0},"classes":[]},{"id":10831,"url":"https:\/\/www.achimbrueckner.de\/dxradio\/php\/wordpress\/?p=10831","url_meta":{"origin":37510,"position":1},"title":"Tutzing: Viktor Worms Immer auf Sendung","author":"Administrator","date":"October 24, 2016","format":false,"excerpt":"http:\/\/www.sueddeutsche.de\/muenchen\/starnberg\/tutzing-viktor-worms-immer-auf-sendung-1.1101043","rel":"","context":"In &quot;Deutsch&quot;","block_context":{"text":"Deutsch","link":"https:\/\/www.achimbrueckner.de\/dxradio\/php\/wordpress\/?cat=1"},"img":{"alt_text":"","src":"","width":0,"height":0},"classes":[]},{"id":11970,"url":"https:\/\/www.achimbrueckner.de\/dxradio\/php\/wordpress\/?p=11970","url_meta":{"origin":37510,"position":2},"title":"Radio Fritz will Metal-Sendung auf Mitternacht verschieben","author":"Administrator","date":"February 2, 2017","format":false,"excerpt":"https:\/\/www.metal-hammer.de\/radio-fritz-will-metal-sendung-auf-mitternacht-verschieben-763287\/","rel":"","context":"In &quot;Deutsch&quot;","block_context":{"text":"Deutsch","link":"https:\/\/www.achimbrueckner.de\/dxradio\/php\/wordpress\/?cat=1"},"img":{"alt_text":"","src":"","width":0,"height":0},"classes":[]},{"id":16487,"url":"https:\/\/www.achimbrueckner.de\/dxradio\/php\/wordpress\/?p=16487","url_meta":{"origin":37510,"position":3},"title":"Auf Sendung: F\u00fcr den Notfall immer noch via UKW","author":"Administrator","date":"February 14, 2018","format":false,"excerpt":"http:\/\/www.coopzeitung.ch\/Auf+Sendung_+Fuer+den+Notfall+immer+noch+via+UKW#.WoROjaIQrdA.facebook","rel":"","context":"In &quot;Deutsch&quot;","block_context":{"text":"Deutsch","link":"https:\/\/www.achimbrueckner.de\/dxradio\/php\/wordpress\/?cat=1"},"img":{"alt_text":"","src":"","width":0,"height":0},"classes":[]},{"id":11257,"url":"https:\/\/www.achimbrueckner.de\/dxradio\/php\/wordpress\/?p=11257","url_meta":{"origin":37510,"position":4},"title":"Medienmagazin Ende","author":"Administrator","date":"December 4, 2016","format":false,"excerpt":"Hallo liebe Medienmagazin Fans, Rebroadcaster und Radiofreunde, heute m\u00f6chten wir Euch \u00fcber eine Endscheidung unsererseits berichten.Wir werden unser Magazin zum 31.12.2016 beenden und die Sendung komplett auf allen Empfangswegen einstellen. Die letzte Sendung wird auf Kurzwelle am 25.12.2016 zu h\u00f6ren sein. Ab n\u00e4chste Woche (11.12.2016) gibt es im Medienmagazin f\u00fcr\u2026","rel":"","context":"In &quot;Deutsch&quot;","block_context":{"text":"Deutsch","link":"https:\/\/www.achimbrueckner.de\/dxradio\/php\/wordpress\/?cat=1"},"img":{"alt_text":"","src":"","width":0,"height":0},"classes":[]},{"id":37502,"url":"https:\/\/www.achimbrueckner.de\/dxradio\/php\/wordpress\/?p=37502","url_meta":{"origin":37510,"position":5},"title":"Ehemaliger WDR-Intendant Fritz Pleitgen ist gestorben","author":"Administrator","date":"September 16, 2022","format":false,"excerpt":"https:\/\/www.dwdl.de\/nachrichten\/89747\/ehemaliger_wdrintendant_fritz_pleitgen_ist_gestorben\/","rel":"","context":"In &quot;Deutsch&quot;","block_context":{"text":"Deutsch","link":"https:\/\/www.achimbrueckner.de\/dxradio\/php\/wordpress\/?cat=1"},"img":{"alt_text":"","src":"","width":0,"height":0},"classes":[]}],"_links":{"self":[{"href":"https:\/\/www.achimbrueckner.de\/dxradio\/php\/wordpress\/index.php?rest_route=\/wp\/v2\/posts\/37510","targetHints":{"allow":["GET"]}}],"collection":[{"href":"https:\/\/www.achimbrueckner.de\/dxradio\/php\/wordpress\/index.php?rest_route=\/wp\/v2\/posts"}],"about":[{"href":"https:\/\/www.achimbrueckner.de\/dxradio\/php\/wordpress\/index.php?rest_route=\/wp\/v2\/types\/post"}],"author":[{"embeddable":true,"href":"https:\/\/www.achimbrueckner.de\/dxradio\/php\/wordpress\/index.php?rest_route=\/wp\/v2\/users\/1"}],"replies":[{"embeddable":true,"href":"https:\/\/www.achimbrueckner.de\/dxradio\/php\/wordpress\/index.php?rest_route=%2Fwp%2Fv2%2Fcomments&post=37510"}],"version-history":[{"count":0,"href":"https:\/\/www.achimbrueckner.de\/dxradio\/php\/wordpress\/index.php?rest_route=\/wp\/v2\/posts\/37510\/revisions"}],"wp:attachment":[{"href":"https:\/\/www.achimbrueckner.de\/dxradio\/php\/wordpress\/index.php?rest_route=%2Fwp%2Fv2%2Fmedia&parent=37510"}],"wp:term":[{"taxonomy":"category","embeddable":true,"href":"https:\/\/www.achimbrueckner.de\/dxradio\/php\/wordpress\/index.php?rest_route=%2Fwp%2Fv2%2Fcategories&post=37510"},{"taxonomy":"post_tag","embeddable":true,"href":"https:\/\/www.achimbrueckner.de\/dxradio\/php\/wordpress\/index.php?rest_route=%2Fwp%2Fv2%2Ftags&post=37510"}],"curies":[{"name":"wp","href":"https:\/\/api.w.org\/{rel}","templated":true}]}}