{"id":37532,"date":"2022-09-21T15:07:19","date_gmt":"2022-09-21T15:07:19","guid":{"rendered":"https:\/\/www.achimbrueckner.de\/dxradio\/php\/wordpress\/?p=37532"},"modified":"2022-09-21T15:07:19","modified_gmt":"2022-09-21T15:07:19","slug":"niki-fuchs-wird-station-managerin-von-rock-antenne-osterreich-in-wien","status":"publish","type":"post","link":"https:\/\/www.achimbrueckner.de\/dxradio\/php\/wordpress\/?p=37532","title":{"rendered":"Niki Fuchs wird Station-Managerin von ROCK ANTENNE \u00d6sterreich in Wien"},"content":{"rendered":"<p><a href=\"https:\/\/www.radiowoche.de\/niki-fuchs-wird-station-managerin-von-rock-antenne-oesterreich-in-wien\/\" rel=\"noopener\" target=\"_blank\">https:\/\/www.radiowoche.de\/niki-fuchs-wird-station-managerin-von-rock-antenne-oesterreich-in-wien\/<\/a><\/p>\n","protected":false},"excerpt":{"rendered":"<p>https:\/\/www.radiowoche.de\/niki-fuchs-wird-station-managerin-von-rock-antenne-oesterreich-in-wien\/<\/p>\n","protected":false},"author":1,"featured_media":0,"comment_status":"closed","ping_status":"open","sticky":false,"template":"","format":"standard","meta":{"_jetpack_memberships_contains_paid_content":false,"footnotes":"","jetpack_publicize_message":"","jetpack_publicize_feature_enabled":true,"jetpack_social_post_already_shared":true,"jetpack_social_options":{"image_generator_settings":{"template":"highway","default_image_id":0,"font":"","enabled":false},"version":2}},"categories":[1],"tags":[],"class_list":["post-37532","post","type-post","status-publish","format-standard","hentry","category-deutsch"],"jetpack_publicize_connections":[],"jetpack_featured_media_url":"","jetpack_sharing_enabled":true,"jetpack_shortlink":"https:\/\/wp.me\/p5CDmr-9Lm","jetpack-related-posts":[{"id":37557,"url":"https:\/\/www.achimbrueckner.de\/dxradio\/php\/wordpress\/?p=37557","url_meta":{"origin":37532,"position":0},"title":"Niki Fuchs wird Station-Managerin von Rock Antenne \u00d6sterreich","author":"Administrator","date":"September 25, 2022","format":false,"excerpt":"https:\/\/www.radioblog.eu\/2022\/09\/24\/niki-fuchs-wird-station-managerin-von-rock-antenne-oesterreich\/","rel":"","context":"In &quot;Deutsch&quot;","block_context":{"text":"Deutsch","link":"https:\/\/www.achimbrueckner.de\/dxradio\/php\/wordpress\/?cat=1"},"img":{"alt_text":"","src":"","width":0,"height":0},"classes":[]},{"id":34220,"url":"https:\/\/www.achimbrueckner.de\/dxradio\/php\/wordpress\/?p=34220","url_meta":{"origin":37532,"position":1},"title":"Neues Wochenende auf ANTENNE NRW mit Jan Herold und Patrick Fuchs","author":"Administrator","date":"December 21, 2021","format":false,"excerpt":"https:\/\/www.radiowoche.de\/neues-wochenende-auf-antenne-nrw-mit-jan-herold-und-patrick-fuchs\/","rel":"","context":"In &quot;Deutsch&quot;","block_context":{"text":"Deutsch","link":"https:\/\/www.achimbrueckner.de\/dxradio\/php\/wordpress\/?cat=1"},"img":{"alt_text":"","src":"","width":0,"height":0},"classes":[]},{"id":42668,"url":"https:\/\/www.achimbrueckner.de\/dxradio\/php\/wordpress\/?p=42668","url_meta":{"origin":37532,"position":2},"title":"\u00d6sterreich ROCK ANTENNE sendet jetzt auch auf 101,6 MHz in Wien","author":"Administrator","date":"April 24, 2025","format":false,"excerpt":"https:\/\/www.radioszene.de\/202186\/rock-antenne-wien-ukw.html","rel":"","context":"In &quot;Deutsch&quot;","block_context":{"text":"Deutsch","link":"https:\/\/www.achimbrueckner.de\/dxradio\/php\/wordpress\/?cat=1"},"img":{"alt_text":"","src":"","width":0,"height":0},"classes":[]},{"id":37473,"url":"https:\/\/www.achimbrueckner.de\/dxradio\/php\/wordpress\/?p=37473","url_meta":{"origin":37532,"position":3},"title":"Rock Antenne \u00d6sterreich startet auf UKW in Wien","author":"Administrator","date":"September 12, 2022","format":false,"excerpt":"https:\/\/www.radioblog.eu\/2022\/09\/09\/rock-antenne-oesterreich-startet-auf-ukw-in-wien\/","rel":"","context":"In &quot;Deutsch&quot;","block_context":{"text":"Deutsch","link":"https:\/\/www.achimbrueckner.de\/dxradio\/php\/wordpress\/?cat=1"},"img":{"alt_text":"","src":"","width":0,"height":0},"classes":[]},{"id":42658,"url":"https:\/\/www.achimbrueckner.de\/dxradio\/php\/wordpress\/?p=42658","url_meta":{"origin":37532,"position":4},"title":"\u00d6sterreich: Rock Antenne startet auf zweiter UKW-Frequenz in Wien","author":"Administrator","date":"April 23, 2025","format":false,"excerpt":"https:\/\/www.radioblog.eu\/2025\/04\/23\/oesterreich-rock-antenne-startet-auf-zweiter-ukw-frequenz-in-wien\/","rel":"","context":"In &quot;Deutsch&quot;","block_context":{"text":"Deutsch","link":"https:\/\/www.achimbrueckner.de\/dxradio\/php\/wordpress\/?cat=1"},"img":{"alt_text":"","src":"","width":0,"height":0},"classes":[]},{"id":5897,"url":"https:\/\/www.achimbrueckner.de\/dxradio\/php\/wordpress\/?p=5897","url_meta":{"origin":37532,"position":5},"title":"F\u00fcnzehn Meter hohe Antenne st\u00fcrzte fast von Wohnhaus in Wien-D\u00f6bling","author":"Administrator","date":"September 11, 2015","format":false,"excerpt":"http:\/\/www.vienna.at\/1190\/fuenzehn-meter-hohe-antenne-stuerzte-fast-von-wohnhaus-in-wien-doebling\/4449604","rel":"","context":"In &quot;Deutsch&quot;","block_context":{"text":"Deutsch","link":"https:\/\/www.achimbrueckner.de\/dxradio\/php\/wordpress\/?cat=1"},"img":{"alt_text":"","src":"","width":0,"height":0},"classes":[]}],"_links":{"self":[{"href":"https:\/\/www.achimbrueckner.de\/dxradio\/php\/wordpress\/index.php?rest_route=\/wp\/v2\/posts\/37532","targetHints":{"allow":["GET"]}}],"collection":[{"href":"https:\/\/www.achimbrueckner.de\/dxradio\/php\/wordpress\/index.php?rest_route=\/wp\/v2\/posts"}],"about":[{"href":"https:\/\/www.achimbrueckner.de\/dxradio\/php\/wordpress\/index.php?rest_route=\/wp\/v2\/types\/post"}],"author":[{"embeddable":true,"href":"https:\/\/www.achimbrueckner.de\/dxradio\/php\/wordpress\/index.php?rest_route=\/wp\/v2\/users\/1"}],"replies":[{"embeddable":true,"href":"https:\/\/www.achimbrueckner.de\/dxradio\/php\/wordpress\/index.php?rest_route=%2Fwp%2Fv2%2Fcomments&post=37532"}],"version-history":[{"count":0,"href":"https:\/\/www.achimbrueckner.de\/dxradio\/php\/wordpress\/index.php?rest_route=\/wp\/v2\/posts\/37532\/revisions"}],"wp:attachment":[{"href":"https:\/\/www.achimbrueckner.de\/dxradio\/php\/wordpress\/index.php?rest_route=%2Fwp%2Fv2%2Fmedia&parent=37532"}],"wp:term":[{"taxonomy":"category","embeddable":true,"href":"https:\/\/www.achimbrueckner.de\/dxradio\/php\/wordpress\/index.php?rest_route=%2Fwp%2Fv2%2Fcategories&post=37532"},{"taxonomy":"post_tag","embeddable":true,"href":"https:\/\/www.achimbrueckner.de\/dxradio\/php\/wordpress\/index.php?rest_route=%2Fwp%2Fv2%2Ftags&post=37532"}],"curies":[{"name":"wp","href":"https:\/\/api.w.org\/{rel}","templated":true}]}}